{"id":315,"date":"2013-07-31T20:30:29","date_gmt":"2013-07-31T18:30:29","guid":{"rendered":"http:\/\/www.rosanerosiamonoi.it\/palermocalcio\/?p=315"},"modified":"2013-07-31T23:40:24","modified_gmt":"2013-07-31T21:40:24","slug":"sfida-in-casa-bianchi-battono-rosa-2-a-0-zamparini-buona-occasione-per-studiare-i-giocatori","status":"publish","type":"post","link":"http:\/\/www.rosanerosiamonoi.it\/palermocalcio\/2013\/07\/31\/sfida-in-casa-bianchi-battono-rosa-2-a-0-zamparini-buona-occasione-per-studiare-i-giocatori\/","title":{"rendered":"SFIDA IN CASA, BIANCHI BATTONO ROSA 2 A 0. ZAMPARINI &#8220;BUONA OCCASIONE PER STUDIARE I GIOCATORI&#8221;"},"content":{"rendered":"<p>Niente amichevole con i turchi del Konyaspor, che probabilmente avendo perso ieri, hanno pensato bene di saltare questa amichevole con i rosanero perch\u00e8 anche in Turchia due sconfitte succesive in partite amichevoli avrebbero potuto mettere in crisi la posizione dell&#8217;allenatore.<\/p>\n<p>E cos\u00ec niente partita ma test in famiglia allo Sportarena di Bad Kleinkirchheim. Mister Gattuso decide di mandare in campo due formazioni, una in maglia rosa e una in maglia bianca ed a prevalere \u00e8 quest&#8217;ultima per 2 a 0. \u00a0Decide la partita Abel Hernandez che realizza entrambi i gol. Il primo su un errore della difesa ed il secondo su rigore. Squadre schierate in campo in modo speculare con il consueto 4-2-3-1<\/p>\n<p style=\"text-align: center;\"><a href=\"http:\/\/www.rosanerosiamonoi.it\/palermocalcio\/2013\/07\/31\/sfida-in-casa-bianchi-battono-rosa-2-a-0-zamparini-buona-occasione-per-studiare-i-giocatori\/20130731_181111\/\" rel=\"attachment wp-att-316\"><img decoding=\"async\" class=\"aligncenter  wp-image-316\" alt=\"20130731_181111\" src=\"http:\/\/www.rosanerosiamonoi.it\/palermocalcio\/wp-content\/uploads\/2013\/07\/20130731_181111-1024x768.jpg\" width=\"520\" srcset=\"http:\/\/www.rosanerosiamonoi.it\/palermocalcio\/wp-content\/uploads\/2013\/07\/20130731_181111-1024x768.jpg 1024w, http:\/\/www.rosanerosiamonoi.it\/palermocalcio\/wp-content\/uploads\/2013\/07\/20130731_181111-300x225.jpg 300w, http:\/\/www.rosanerosiamonoi.it\/palermocalcio\/wp-content\/uploads\/2013\/07\/20130731_181111.jpg 2048w\" sizes=\"(max-width: 1024px) 100vw, 1024px\" \/><\/a><\/p>\n<p>Da segnalare al 7&#8242; una traversa piena presa dall&#8217;ariete nord-irlandese Lafferty per i rosa con un mancino da fuori area.<\/p>\n<p>Al 13&#8242; Di Gennaro sfiora il gol nuovamente per i bianchi, mentre al 17&#8242; un tentativo dalla distanza di Dybala per i rosa non impensierisce Sorrentino.<\/p>\n<p>Al 23\u2019 ci pensa Hernandez a rompere l\u2019equilibrio, portando in vantaggio i bianchi con una conclusione da distanza ravvicinata.<\/p>\n<p><img decoding=\"async\" loading=\"lazy\" class=\"aligncenter size-medium wp-image-321\" alt=\"2013-07-31 18.08.33\" src=\"http:\/\/www.rosanerosiamonoi.it\/palermocalcio\/wp-content\/uploads\/2013\/07\/2013-07-31-18.08.33-300x225.jpg\" width=\"300\" height=\"225\" srcset=\"http:\/\/www.rosanerosiamonoi.it\/palermocalcio\/wp-content\/uploads\/2013\/07\/2013-07-31-18.08.33-300x225.jpg 300w, http:\/\/www.rosanerosiamonoi.it\/palermocalcio\/wp-content\/uploads\/2013\/07\/2013-07-31-18.08.33-1024x768.jpg 1024w, http:\/\/www.rosanerosiamonoi.it\/palermocalcio\/wp-content\/uploads\/2013\/07\/2013-07-31-18.08.33.jpg 2048w\" sizes=\"(max-width: 300px) 100vw, 300px\" \/><\/p>\n<p>Sul finire del primo tempo Malele nei rosa subentra al sudamericano Dybala che lascia il campo per precauzione a causa di un affaticamento muscolare all&#8217;adduttore sinistro.<\/p>\n<p>Debutto del nazionale svizzero Daprel\u00e0, neoacquisto rosanero, che gioca tutto il primo tempo tra i bianchi per essere poi sostituito dal primavera Goldaniga<\/p>\n<p>Nella ripresa al 28&#8242; punizione di Lafferty per i rosa che termina di poco sopra la traversa.<\/p>\n<p><img decoding=\"async\" loading=\"lazy\" class=\"aligncenter size-medium wp-image-322\" alt=\"2013-07-31 18.35.00\" src=\"http:\/\/www.rosanerosiamonoi.it\/palermocalcio\/wp-content\/uploads\/2013\/07\/2013-07-31-18.35.00-300x225.jpg\" width=\"300\" height=\"225\" srcset=\"http:\/\/www.rosanerosiamonoi.it\/palermocalcio\/wp-content\/uploads\/2013\/07\/2013-07-31-18.35.00-300x225.jpg 300w, http:\/\/www.rosanerosiamonoi.it\/palermocalcio\/wp-content\/uploads\/2013\/07\/2013-07-31-18.35.00-1024x768.jpg 1024w, http:\/\/www.rosanerosiamonoi.it\/palermocalcio\/wp-content\/uploads\/2013\/07\/2013-07-31-18.35.00.jpg 2048w\" sizes=\"(max-width: 300px) 100vw, 300px\" \/><\/p>\n<p>Al 33&#8242; atterramento in area di Troianiello da parte di Monteleone ed Hernandez realizza il rigore per il bianchi portando il risultato sul definitivo 2 a 0.<\/p>\n<p><img decoding=\"async\" loading=\"lazy\" class=\"aligncenter size-medium wp-image-323\" alt=\"2013-07-31 18.59.00\" src=\"http:\/\/www.rosanerosiamonoi.it\/palermocalcio\/wp-content\/uploads\/2013\/07\/2013-07-31-18.59.00-300x225.jpg\" width=\"300\" height=\"225\" srcset=\"http:\/\/www.rosanerosiamonoi.it\/palermocalcio\/wp-content\/uploads\/2013\/07\/2013-07-31-18.59.00-300x225.jpg 300w, http:\/\/www.rosanerosiamonoi.it\/palermocalcio\/wp-content\/uploads\/2013\/07\/2013-07-31-18.59.00-1024x768.jpg 1024w, http:\/\/www.rosanerosiamonoi.it\/palermocalcio\/wp-content\/uploads\/2013\/07\/2013-07-31-18.59.00.jpg 2048w\" sizes=\"(max-width: 300px) 100vw, 300px\" \/><\/p>\n<p>Alo scadere ci prova il giovane Embalo per il bianchi, che con un suo numero riesce a saltare Morganella e concludere. Ma il portiere rosa Ujkani si oppone al tiro salvando la porta.<\/p>\n<p>Risultato finale dunque 2 a 0 per la formazione in maglia bianca<\/p>\n<p><img decoding=\"async\" loading=\"lazy\" class=\"aligncenter size-medium wp-image-324\" alt=\"2013-07-31 19.11.09\" src=\"http:\/\/www.rosanerosiamonoi.it\/palermocalcio\/wp-content\/uploads\/2013\/07\/2013-07-31-19.11.09-300x225.jpg\" width=\"300\" height=\"225\" srcset=\"http:\/\/www.rosanerosiamonoi.it\/palermocalcio\/wp-content\/uploads\/2013\/07\/2013-07-31-19.11.09-300x225.jpg 300w, http:\/\/www.rosanerosiamonoi.it\/palermocalcio\/wp-content\/uploads\/2013\/07\/2013-07-31-19.11.09-1024x768.jpg 1024w, http:\/\/www.rosanerosiamonoi.it\/palermocalcio\/wp-content\/uploads\/2013\/07\/2013-07-31-19.11.09.jpg 2048w\" sizes=\"(max-width: 300px) 100vw, 300px\" \/><\/p>\n<p>In realt\u00e0 \u00e8 stata una partita giocata, come detto all&#8217;inizio, in maniera molto speculare e soprattutto fra giocatori che conoscono benissimo i movimenti gli uni degli altri, cos\u00ec come ci ha anche ribadito il presidente Zamparini a bordo campo e lo stesso direttore sportivo rosanero Giorgio Perinetti.<\/p>\n<p>Come ci ha precisato il presidente queste partite sono importanti per imparare a conoscere i nuovi arrivati e per evitare di cedere eventuali &#8216;doppioni&#8217; che invece meriterebbero di rimanere a giocarsi un posto in prima squadra.\u00a0Durante queste ultime giornate di ritiro i giocatori verranno osservati con grande attenzione per mantenere in squadra quelli che effettivamente dovranno fare parte dell&#8217;organico definitivo.<\/p>\n<p>Perinetti ci ha inoltre \u00a0confermato che domani il neoacquisto del socier\u00e0 rosanero, il centrocampista Bolzoni, sar\u00e0 a Palermo per le visite e successivamente raggiunger\u00e0 la squadra qui in ritiro in Austria.<\/p>\n<p>Non si ferma comunque la ricerca da parte del Palermo di nuovi inserimenti che si rendesero necessari a seguito della cessione di giocatori attualmente titolari come potrebbe essere, secondo noi, Hernandez.<\/p>\n","protected":false},"excerpt":{"rendered":"<p>Niente amichevole con i turchi del Konyaspor, che probabilmente avendo perso ieri, hanno pensato bene di saltare questa amichevole con i rosanero perch\u00e8 anche in Turchia due sconfitte succesive in partite amichevoli avrebbero potuto mettere in crisi la posizione dell&#8217;allenatore. E cos\u00ec niente partita ma test in famiglia allo Sportarena di Bad Kleinkirchheim. Mister Gattuso [&hellip;]<\/p>\n","protected":false},"author":2,"featured_media":316,"comment_status":"closed","ping_status":"open","sticky":false,"template":"","format":"standard","meta":[],"categories":[1],"tags":[21,51,52,50,54,58,18,13,57,56,55,53,11,47,45,41],"_links":{"self":[{"href":"http:\/\/www.rosanerosiamonoi.it\/palermocalcio\/wp-json\/wp\/v2\/posts\/315"}],"collection":[{"href":"http:\/\/www.rosanerosiamonoi.it\/palermocalcio\/wp-json\/wp\/v2\/posts"}],"about":[{"href":"http:\/\/www.rosanerosiamonoi.it\/palermocalcio\/wp-json\/wp\/v2\/types\/post"}],"author":[{"embeddable":true,"href":"http:\/\/www.rosanerosiamonoi.it\/palermocalcio\/wp-json\/wp\/v2\/users\/2"}],"replies":[{"embeddable":true,"href":"http:\/\/www.rosanerosiamonoi.it\/palermocalcio\/wp-json\/wp\/v2\/comments?post=315"}],"version-history":[{"count":6,"href":"http:\/\/www.rosanerosiamonoi.it\/palermocalcio\/wp-json\/wp\/v2\/posts\/315\/revisions"}],"predecessor-version":[{"id":326,"href":"http:\/\/www.rosanerosiamonoi.it\/palermocalcio\/wp-json\/wp\/v2\/posts\/315\/revisions\/326"}],"wp:featuredmedia":[{"embeddable":true,"href":"http:\/\/www.rosanerosiamonoi.it\/palermocalcio\/wp-json\/wp\/v2\/media\/316"}],"wp:attachment":[{"href":"http:\/\/www.rosanerosiamonoi.it\/palermocalcio\/wp-json\/wp\/v2\/media?parent=315"}],"wp:term":[{"taxonomy":"category","embeddable":true,"href":"http:\/\/www.rosanerosiamonoi.it\/palermocalcio\/wp-json\/wp\/v2\/categories?post=315"},{"taxonomy":"post_tag","embeddable":true,"href":"http:\/\/www.rosanerosiamonoi.it\/palermocalcio\/wp-json\/wp\/v2\/tags?post=315"}],"curies":[{"name":"wp","href":"https:\/\/api.w.org\/{rel}","templated":true}]}}