{"id":3194,"date":"2014-07-03T17:46:58","date_gmt":"2014-07-03T15:46:58","guid":{"rendered":"http:\/\/www.rosanerosiamonoi.it\/palermocalcio\/?p=3194"},"modified":"2014-07-03T17:51:24","modified_gmt":"2014-07-03T15:51:24","slug":"zamparini-il-palermo-come-latletico-madrid","status":"publish","type":"post","link":"http:\/\/www.rosanerosiamonoi.it\/palermocalcio\/2014\/07\/03\/zamparini-il-palermo-come-latletico-madrid\/","title":{"rendered":"Zamparini : &#8220;Il Palermo come l\u2019Atletico Madrid&#8221;"},"content":{"rendered":"<p>Zamparini:<strong> \u201cIl Palermo come l\u2019Atletico Madrid\u201d<\/strong> lo dice il Presidente del Palermo intervenendo al Premio Lucchetta<\/p>\n<p><a href=\"http:\/\/www.rosanerosiamonoi.it\/palermocalcio\/2013\/07\/30\/esclusiva-per-rosanerosiamonoi-zamparini-torneremo-in-serie-a-abbiamo-lallenatore-e-la-squadra-giusta\/zamparini_5062088451\/\" rel=\"attachment wp-att-295\"><img decoding=\"async\" loading=\"lazy\" class=\"aligncenter size-medium wp-image-295\" src=\"http:\/\/www.rosanerosiamonoi.it\/palermocalcio\/wp-content\/uploads\/2013\/07\/zamparini_5062088451-300x180.jpg\" alt=\"zamparini_506208845[1]\" width=\"300\" height=\"180\" srcset=\"http:\/\/www.rosanerosiamonoi.it\/palermocalcio\/wp-content\/uploads\/2013\/07\/zamparini_5062088451-300x180.jpg 300w, http:\/\/www.rosanerosiamonoi.it\/palermocalcio\/wp-content\/uploads\/2013\/07\/zamparini_5062088451.jpg 680w\" sizes=\"(max-width: 300px) 100vw, 300px\" \/><\/a><\/p>\n<p>&nbsp;<\/p>\n<p style=\"text-align: justify;\">Dopo una promozione conquistata sul campo con largo anticipo e con tanti record , il Palermo \u00e8 pronto\u00a0a costruire delle solide basi per restare in serie A e provare nell&#8217;arco di due o tre anni ad\u00a0emulare una squadra spagnola\u00a0che quest&#8217;anno ha fatto benissimo\u00a0in Europa.<\/p>\n<p>\u00a0Proprio il Presidente Zamparini ieri sera ha parlato sul modello da seguire da ora in poi per la squadra rosanero:<\/p>\n<p><em>\u201cIl Palermo ha gi\u00e0 una buonissima base con un ottimo allenatore.\u00a0Costruiremo una buona squadra cercando il pi\u00f9 possibile di seguire il <strong>modello dell\u2019Atletico Madrid<\/strong> che in pochi anni ha costruito una squadra che \u00e8 arrivata a giocarsi la Champions\u201d.<\/em><\/p>\n<p style=\"text-align: justify;\">Ma il numero uno di Viale del Fante ha anche parlato dell\u2019eliminazione dell\u2019Italia ai Mondiali brasiliani:<\/p>\n<p style=\"text-align: justify;\"><em>\u201cIn Italia non c\u2019\u00e8 pi\u00f9 la cultura dello sport. Oggi i ragazzi non giocano pi\u00f9 a calcio nei cortili ma preferiscono stare a casa a giocare con i video games. Come nuovo allenatore\u201d ha aggiunto il patron rosanero \u201cvedo bene sulla panchina una personalit\u00e0 forte come Capello\u201d.<\/em><\/p>\n<p style=\"text-align: justify;\">Naturalmente non poteva mancare una battuta riguardo il futuro della Federcalcio visto che dopo l\u2019avventura mondiale anche Abete ha lasciato l\u2019incarico: <em>\u201cIn federazione vedrei bene un uomo come me. Naturalmente non io, sono allergico alle poltrone. Ci vorrebbe una persona d\u2019esperienza ma soprattutto con valori in modo da riuscire a cambiare questo mondo\u201d.<\/em><\/p>\n<p style=\"text-align: justify;\"><a href=\"http:\/\/www.rosanerosiamonoi.it\/palermocalcio\/2014\/03\/13\/abodi-costruiamo-gli-stadi-e-leviamo-le-gabbie\/abodi\/\" rel=\"attachment wp-att-2520\"><img decoding=\"async\" loading=\"lazy\" class=\"aligncenter size-full wp-image-2520\" src=\"http:\/\/www.rosanerosiamonoi.it\/palermocalcio\/wp-content\/uploads\/2014\/03\/abodi.jpg\" alt=\"abodi\" width=\"259\" height=\"194\" \/><\/a><\/p>\n<p style=\"text-align: justify;\">Noi pensiamo che <strong>Andrea Abodi<\/strong> l&#8217;attuale Presidente della Lega di serie B possa essere certamente una buona scelta.<\/p>\n","protected":false},"excerpt":{"rendered":"<p>Zamparini: \u201cIl Palermo come l\u2019Atletico Madrid\u201d lo dice il Presidente del Palermo intervenendo al Premio Lucchetta &nbsp; Dopo una promozione conquistata sul campo con largo anticipo e con tanti record , il Palermo \u00e8 pronto\u00a0a costruire delle solide basi per restare in serie A e provare nell&#8217;arco di due o tre anni ad\u00a0emulare una squadra [&hellip;]<\/p>\n","protected":false},"author":2,"featured_media":2827,"comment_status":"closed","ping_status":"open","sticky":false,"template":"","format":"standard","meta":[],"categories":[1],"tags":[41],"_links":{"self":[{"href":"http:\/\/www.rosanerosiamonoi.it\/palermocalcio\/wp-json\/wp\/v2\/posts\/3194"}],"collection":[{"href":"http:\/\/www.rosanerosiamonoi.it\/palermocalcio\/wp-json\/wp\/v2\/posts"}],"about":[{"href":"http:\/\/www.rosanerosiamonoi.it\/palermocalcio\/wp-json\/wp\/v2\/types\/post"}],"author":[{"embeddable":true,"href":"http:\/\/www.rosanerosiamonoi.it\/palermocalcio\/wp-json\/wp\/v2\/users\/2"}],"replies":[{"embeddable":true,"href":"http:\/\/www.rosanerosiamonoi.it\/palermocalcio\/wp-json\/wp\/v2\/comments?post=3194"}],"version-history":[{"count":3,"href":"http:\/\/www.rosanerosiamonoi.it\/palermocalcio\/wp-json\/wp\/v2\/posts\/3194\/revisions"}],"predecessor-version":[{"id":3197,"href":"http:\/\/www.rosanerosiamonoi.it\/palermocalcio\/wp-json\/wp\/v2\/posts\/3194\/revisions\/3197"}],"wp:featuredmedia":[{"embeddable":true,"href":"http:\/\/www.rosanerosiamonoi.it\/palermocalcio\/wp-json\/wp\/v2\/media\/2827"}],"wp:attachment":[{"href":"http:\/\/www.rosanerosiamonoi.it\/palermocalcio\/wp-json\/wp\/v2\/media?parent=3194"}],"wp:term":[{"taxonomy":"category","embeddable":true,"href":"http:\/\/www.rosanerosiamonoi.it\/palermocalcio\/wp-json\/wp\/v2\/categories?post=3194"},{"taxonomy":"post_tag","embeddable":true,"href":"http:\/\/www.rosanerosiamonoi.it\/palermocalcio\/wp-json\/wp\/v2\/tags?post=3194"}],"curies":[{"name":"wp","href":"https:\/\/api.w.org\/{rel}","templated":true}]}}