{"id":3234,"date":"2014-07-06T00:30:38","date_gmt":"2014-07-05T22:30:38","guid":{"rendered":"http:\/\/www.rosanerosiamonoi.it\/palermocalcio\/?p=3234"},"modified":"2014-07-06T00:37:37","modified_gmt":"2014-07-05T22:37:37","slug":"pavoletti-su-di-lui-palermo-e-genoa","status":"publish","type":"post","link":"http:\/\/www.rosanerosiamonoi.it\/palermocalcio\/2014\/07\/06\/pavoletti-su-di-lui-palermo-e-genoa\/","title":{"rendered":"PAVOLETTI su di lui Palermo e Genoa"},"content":{"rendered":"<p><a href=\"http:\/\/www.rosanerosiamonoi.it\/palermocalcio\/2014\/07\/06\/pavoletti-su-di-lui-palermo-e-genoa\/pavoletti\/\" rel=\"attachment wp-att-3235\"><img decoding=\"async\" loading=\"lazy\" class=\"aligncenter size-medium wp-image-3235\" src=\"http:\/\/www.rosanerosiamonoi.it\/palermocalcio\/wp-content\/uploads\/2014\/07\/pavoletti-520x339.jpg\" alt=\"pavoletti\" width=\"520\" height=\"339\" srcset=\"http:\/\/www.rosanerosiamonoi.it\/palermocalcio\/wp-content\/uploads\/2014\/07\/pavoletti-520x339.jpg 520w, http:\/\/www.rosanerosiamonoi.it\/palermocalcio\/wp-content\/uploads\/2014\/07\/pavoletti.jpg 800w\" sizes=\"(max-width: 520px) 100vw, 520px\" \/><\/a><\/p>\n<p>&nbsp;<\/p>\n<p style=\"text-align: justify;\"><span style=\"color: #000000;\">Continua la sfida tra\u00a0<\/span><strong style=\"color: #000000;\">Genoa\u00a0<\/strong><span style=\"color: #000000;\">e\u00a0<\/span><strong style=\"color: #000000;\">Palermo\u00a0<\/strong><span style=\"color: #000000;\">per\u00a0<\/span><strong style=\"color: #000000;\">Pavoletti<\/strong><span style=\"color: #000000;\">: l&#8217;attaccante, appena riscattato dal\u00a0<\/span><strong style=\"color: #000000;\">Sassuolo<\/strong><span style=\"color: #000000;\">, dove l&#8217;anno precedente realizz\u00f2 11 gol \u00e8 uno degli obiettivi di mercato di rossoblu e rosanero per la prossima stagione mentre quest&#8217;anno con 24 gol \u00e8 stato il vice capocannoniere di Serie B alle spalle di Mancosu primo con 26 reti e diretto sembra a Torino.<\/span><\/p>\n<p style=\"text-align: justify;\"><span style=\"color: #000000;\"> Le due societ\u00e0, come riporta &#8216;tuttosport.com&#8217;, stanno provando a strappare il s\u00ec dei neroverdi per il calciatore che lo scorso anno ha giocato nel\u00a0<\/span><strong style=\"color: #000000;\">Varese che ha raggiunto la salvezza proprio grazie ai suoi gol<\/strong><span style=\"color: #000000;\">.<\/span><\/p>\n<p style=\"text-align: justify;\">Di lui il suo allenatore del Varese Sottili dice a Mediagol :\u00a0<em style=\"color: #000000;\">\u201cLeonardo \u00e8 bravo a lavorare di sponda e a mandar dentro i compagni, per\u00f2 il suo pregio maggiore \u00e8 finalizzare l\u2019azione. E\u2019 uno che ti permette sia di ripartire con tanta profondit\u00e0 che di andare sul fondo e crossare al centro. Diciamo che rispetto, per esempio, a Mancosu \u00e8 meno rapido, ma \u00e8 pi\u00f9 completo perch\u00e9 \u00e8 fortissimo come punto di riferimento in area di rigore\u201d<\/em><span style=\"color: #000000;\">.<\/span><span style=\"color: #000000;\"><\/p>\n<p><\/span><\/p>\n","protected":false},"excerpt":{"rendered":"<p>&nbsp; Continua la sfida tra\u00a0Genoa\u00a0e\u00a0Palermo\u00a0per\u00a0Pavoletti: l&#8217;attaccante, appena riscattato dal\u00a0Sassuolo, dove l&#8217;anno precedente realizz\u00f2 11 gol \u00e8 uno degli obiettivi di mercato di rossoblu e rosanero per la prossima stagione mentre quest&#8217;anno con 24 gol \u00e8 stato il vice capocannoniere di Serie B alle spalle di Mancosu primo con 26 reti e diretto sembra a Torino. [&hellip;]<\/p>\n","protected":false},"author":2,"featured_media":3235,"comment_status":"closed","ping_status":"open","sticky":false,"template":"","format":"standard","meta":[],"categories":[1],"tags":[385],"_links":{"self":[{"href":"http:\/\/www.rosanerosiamonoi.it\/palermocalcio\/wp-json\/wp\/v2\/posts\/3234"}],"collection":[{"href":"http:\/\/www.rosanerosiamonoi.it\/palermocalcio\/wp-json\/wp\/v2\/posts"}],"about":[{"href":"http:\/\/www.rosanerosiamonoi.it\/palermocalcio\/wp-json\/wp\/v2\/types\/post"}],"author":[{"embeddable":true,"href":"http:\/\/www.rosanerosiamonoi.it\/palermocalcio\/wp-json\/wp\/v2\/users\/2"}],"replies":[{"embeddable":true,"href":"http:\/\/www.rosanerosiamonoi.it\/palermocalcio\/wp-json\/wp\/v2\/comments?post=3234"}],"version-history":[{"count":4,"href":"http:\/\/www.rosanerosiamonoi.it\/palermocalcio\/wp-json\/wp\/v2\/posts\/3234\/revisions"}],"predecessor-version":[{"id":3239,"href":"http:\/\/www.rosanerosiamonoi.it\/palermocalcio\/wp-json\/wp\/v2\/posts\/3234\/revisions\/3239"}],"wp:featuredmedia":[{"embeddable":true,"href":"http:\/\/www.rosanerosiamonoi.it\/palermocalcio\/wp-json\/wp\/v2\/media\/3235"}],"wp:attachment":[{"href":"http:\/\/www.rosanerosiamonoi.it\/palermocalcio\/wp-json\/wp\/v2\/media?parent=3234"}],"wp:term":[{"taxonomy":"category","embeddable":true,"href":"http:\/\/www.rosanerosiamonoi.it\/palermocalcio\/wp-json\/wp\/v2\/categories?post=3234"},{"taxonomy":"post_tag","embeddable":true,"href":"http:\/\/www.rosanerosiamonoi.it\/palermocalcio\/wp-json\/wp\/v2\/tags?post=3234"}],"curies":[{"name":"wp","href":"https:\/\/api.w.org\/{rel}","templated":true}]}}