{"id":3246,"date":"2014-07-09T19:23:28","date_gmt":"2014-07-09T17:23:28","guid":{"rendered":"http:\/\/www.rosanerosiamonoi.it\/palermocalcio\/?p=3246"},"modified":"2014-07-09T19:26:22","modified_gmt":"2014-07-09T17:26:22","slug":"palermo-ag-cocev-rosanero-in-pole-primo-colpo-del-palermo-da-cska","status":"publish","type":"post","link":"http:\/\/www.rosanerosiamonoi.it\/palermocalcio\/2014\/07\/09\/palermo-ag-cocev-rosanero-in-pole-primo-colpo-del-palermo-da-cska\/","title":{"rendered":"Palermo, ag. Cocev: \u00abRosanero in pole\u00bb &#8230;primo colpo del Palermo da CSKA"},"content":{"rendered":"<h2 style=\"text-align: center;\"><strong>Superato sembra anche il Monaco<\/strong><\/h2>\n<p>&nbsp;<\/p>\n<p><a href=\"http:\/\/www.rosanerosiamonoi.it\/palermocalcio\/2014\/07\/09\/palermo-ag-cocev-rosanero-in-pole-primo-colpo-del-palermo-da-cska\/chochev\/\" rel=\"attachment wp-att-3247\"><img decoding=\"async\" loading=\"lazy\" class=\"aligncenter size-full wp-image-3247\" src=\"http:\/\/www.rosanerosiamonoi.it\/palermocalcio\/wp-content\/uploads\/2014\/07\/Chochev.jpg\" alt=\"Chochev\" width=\"207\" height=\"350\" \/><\/a><\/p>\n<p style=\"text-align: justify;\"><span style=\"color: #474747;\">\u201dBlitz bulgaro per il Palermo, nel mirino c\u2019\u00e8 <strong>Ivajlo \u010co\u010dev<\/strong>. Centrocampista classe 1993, \u010co\u010dev \u00e8 un calciatore del <strong>Cska Sofia<\/strong>. Protagonista anche con la Bulgaria anche agli Europei Under 21, dal 2013 ha collezionato 44 presenze e 7 gol. Mediano o trequartista, per il Palermo un profilo giovane. nei giorni scorsi il\u00a0blitz del ds Ceravolo in Bulgaria. Il Palermo vuole chiudere\u201d.\u00a0<\/span><\/p>\n<div id=\"testo_articolo\" style=\"color: #2b2b2b;\">\n<p style=\"text-align: justify;\">Sulla trattativa \u00e8 intervenuto il suo agente:\u00a0<em>\u00abE&#8217; vero, sul giocatore c&#8217;\u00e8 il Palermo, club che lo segue da 4 mesi e sono in vantaggio su tutti, anche su un club come il Monaco che ha manifestato interesse verso il calciatore. Il Palermo sarebbe la piazza perfetta per lui, al Monaco ci sarebbe poco spazio per lui\u00bb.\u00a0<\/em><\/p>\n<p style=\"text-align: justify;\">Il \u00a0Palermo \u00e8 \u00a0avanti nella trattativa continua<strong>\u00a0Petyo Kostadinov\u00a0<\/strong>ai microfoni di\u00a0Tgs:\u00a0<em>\u00abIo ho espresso questo stesso pensiero al presidente del CSKA Sofia, conosce le nostre valutazioni. Il Palermo \u00e8 in pole, ma bisogna risolvere alcune questioni legate principalmente al cartellino\u00bb<\/em>.<\/p>\n<p style=\"text-align: justify;\"><span style=\"color: #000000;\">Resta da limare qualche dettaglio visto che il cartellino \u00e8 diviso tra Cska Sofia ed il suo agente. Su Cocev c&#8217;\u00e8 anche il Monaco, ma la societ\u00e0 francese prima di acquistarlo vorrebbe vederlo in prova per qualche giorno. Cos\u00ec al momento il dietrofront, con il Palermo che \u00e8 tornato in vantaggio e a stretto giro di posta, se trover\u00e0 l&#8217;accordo, potr\u00e0 chiudere l&#8217;operazione.<\/span><\/p>\n<p style=\"text-align: justify;\">Rosanero in vantaggio dunque per il centrocampista bulgaro\u00a0e\u00a0Iachini potrebbe cos\u00ec ricevere il primo tassello per la rinforzare la mediana del Palermo.<\/p>\n<\/div>\n","protected":false},"excerpt":{"rendered":"<p>Superato sembra anche il Monaco &nbsp; \u201dBlitz bulgaro per il Palermo, nel mirino c\u2019\u00e8 Ivajlo \u010co\u010dev. Centrocampista classe 1993, \u010co\u010dev \u00e8 un calciatore del Cska Sofia. Protagonista anche con la Bulgaria anche agli Europei Under 21, dal 2013 ha collezionato 44 presenze e 7 gol. Mediano o trequartista, per il Palermo un profilo giovane. nei [&hellip;]<\/p>\n","protected":false},"author":2,"featured_media":3249,"comment_status":"closed","ping_status":"open","sticky":false,"template":"","format":"standard","meta":[],"categories":[1],"tags":[387],"_links":{"self":[{"href":"http:\/\/www.rosanerosiamonoi.it\/palermocalcio\/wp-json\/wp\/v2\/posts\/3246"}],"collection":[{"href":"http:\/\/www.rosanerosiamonoi.it\/palermocalcio\/wp-json\/wp\/v2\/posts"}],"about":[{"href":"http:\/\/www.rosanerosiamonoi.it\/palermocalcio\/wp-json\/wp\/v2\/types\/post"}],"author":[{"embeddable":true,"href":"http:\/\/www.rosanerosiamonoi.it\/palermocalcio\/wp-json\/wp\/v2\/users\/2"}],"replies":[{"embeddable":true,"href":"http:\/\/www.rosanerosiamonoi.it\/palermocalcio\/wp-json\/wp\/v2\/comments?post=3246"}],"version-history":[{"count":3,"href":"http:\/\/www.rosanerosiamonoi.it\/palermocalcio\/wp-json\/wp\/v2\/posts\/3246\/revisions"}],"predecessor-version":[{"id":3252,"href":"http:\/\/www.rosanerosiamonoi.it\/palermocalcio\/wp-json\/wp\/v2\/posts\/3246\/revisions\/3252"}],"wp:featuredmedia":[{"embeddable":true,"href":"http:\/\/www.rosanerosiamonoi.it\/palermocalcio\/wp-json\/wp\/v2\/media\/3249"}],"wp:attachment":[{"href":"http:\/\/www.rosanerosiamonoi.it\/palermocalcio\/wp-json\/wp\/v2\/media?parent=3246"}],"wp:term":[{"taxonomy":"category","embeddable":true,"href":"http:\/\/www.rosanerosiamonoi.it\/palermocalcio\/wp-json\/wp\/v2\/categories?post=3246"},{"taxonomy":"post_tag","embeddable":true,"href":"http:\/\/www.rosanerosiamonoi.it\/palermocalcio\/wp-json\/wp\/v2\/tags?post=3246"}],"curies":[{"name":"wp","href":"https:\/\/api.w.org\/{rel}","templated":true}]}}