{"id":3258,"date":"2014-07-09T20:24:11","date_gmt":"2014-07-09T18:24:11","guid":{"rendered":"http:\/\/www.rosanerosiamonoi.it\/palermocalcio\/?p=3258"},"modified":"2014-07-09T20:24:23","modified_gmt":"2014-07-09T18:24:23","slug":"de-ceglie-ed-erazo-nel-mirino-del-palermo","status":"publish","type":"post","link":"http:\/\/www.rosanerosiamonoi.it\/palermocalcio\/2014\/07\/09\/de-ceglie-ed-erazo-nel-mirino-del-palermo\/","title":{"rendered":"De Ceglie ed Erazo nel mirino del Palermo"},"content":{"rendered":"<h1 class=\"titolo\" style=\"color: rgb(0, 0, 0); text-align: center;\">Palermo, per De Ceglie passi in avanti<\/h1>\n<p><a href=\"http:\/\/www.rosanerosiamonoi.it\/palermocalcio\/2014\/07\/09\/de-ceglie-ed-erazo-nel-mirino-del-palermo\/de-ceglie\/\" rel=\"attachment wp-att-3259\"><img decoding=\"async\" loading=\"lazy\" class=\"aligncenter size-medium wp-image-3259\" src=\"http:\/\/www.rosanerosiamonoi.it\/palermocalcio\/wp-content\/uploads\/2014\/07\/de-ceglie-520x346.jpg\" alt=\"de ceglie\" width=\"520\" height=\"346\" srcset=\"http:\/\/www.rosanerosiamonoi.it\/palermocalcio\/wp-content\/uploads\/2014\/07\/de-ceglie-520x346.jpg 520w, http:\/\/www.rosanerosiamonoi.it\/palermocalcio\/wp-content\/uploads\/2014\/07\/de-ceglie-1024x682.jpg 1024w\" sizes=\"(max-width: 520px) 100vw, 520px\" \/><\/a><\/p>\n<p>&nbsp;<\/p>\n<div class=\"testo\" style=\"color: #000000;\">\n<div class=\"big\">\n<p style=\"text-align: justify;\">II Palermo, secondo indiscrezioni di mercato raccolte in esclusiva da<em>TuttoPalermo.net<\/em>, avrebbe fatto dei passi in avanti con la Juventus per <strong>Paolo De Ceglie<\/strong> (27).<\/p>\n<p style=\"text-align: justify;\">Il difensore che la scorsa stagione ha giocato nel Genoa, dovrebbe arrivare in maglia rosanero in prestito fino al termine della stagione 2014\/2015 si tratterebbe di un grande acquisto, giocatore di grande personalit\u00e0, qualit\u00e0 e quantit\u00e0.<\/p>\n<p style=\"text-align: justify;\">\n<p style=\"text-align: justify;\">\n<p style=\"text-align: justify;\">\n<p style=\"text-align: justify;\"><a href=\"http:\/\/www.rosanerosiamonoi.it\/palermocalcio\/2014\/07\/09\/de-ceglie-ed-erazo-nel-mirino-del-palermo\/erazovavel_100762288\/\" rel=\"attachment wp-att-3260\"><img decoding=\"async\" loading=\"lazy\" class=\"aligncenter size-medium wp-image-3260\" src=\"http:\/\/www.rosanerosiamonoi.it\/palermocalcio\/wp-content\/uploads\/2014\/07\/erazoVAVEL_100762288-520x409.jpg\" alt=\"erazoVAVEL_100762288\" width=\"520\" height=\"409\" srcset=\"http:\/\/www.rosanerosiamonoi.it\/palermocalcio\/wp-content\/uploads\/2014\/07\/erazoVAVEL_100762288-520x409.jpg 520w, http:\/\/www.rosanerosiamonoi.it\/palermocalcio\/wp-content\/uploads\/2014\/07\/erazoVAVEL_100762288.jpg 594w\" sizes=\"(max-width: 520px) 100vw, 520px\" \/><\/a><\/p>\n<p style=\"text-align: justify;\">\n<p style=\"text-align: justify;\">Il difensore <strong>Frickson Erazo<\/strong> sarebbe stato proposto nei giorni scorsi al club di Viale del Fante dal suo procuratore Jose Luis Chiriboga: l&#8217;agente del calciatore di propriet\u00e0 del Flamengo starebbe trattando la cessione in Europa del proprio assistito ed avrebbe contattato il<strong> Palermo<\/strong> ed il<strong> Napoli<\/strong> in Italia, oltre ad altre societ\u00e0 di rilievo come il <strong>Tottenham<\/strong> (dove il tecnico Pochettino ha segnalato proprio Erazo come possibile rinforzo per il proprio pacchetto arretrato).<\/p>\n<p style=\"text-align: justify;\">Operazione difficile ma non impossibile: il valore di mercato del giocatore si aggira intorno ai 4\/5 milioni di euro, lo status da extracomunitario potrebbe creare qualche difficolt\u00e0.<\/p>\n<p style=\"text-align: justify;\"><strong>Frickson Erazo<\/strong>, 25enne <strong>pilastro anche della nazionale ecuadoriana<\/strong>, in passato aveva ricevuto offerte da Russia, Germania, Italia\u00a0 e Turchia: l\u2019affetto dei tifosi e il suo amore verso la maglia canarina, per\u00f2, avevano sempre avuto la meglio sul suo espatrio per andare a giocare con il Flamengo.<\/p>\n<\/div>\n<\/div>\n","protected":false},"excerpt":{"rendered":"<p>Palermo, per De Ceglie passi in avanti &nbsp; II Palermo, secondo indiscrezioni di mercato raccolte in esclusiva daTuttoPalermo.net, avrebbe fatto dei passi in avanti con la Juventus per Paolo De Ceglie (27). Il difensore che la scorsa stagione ha giocato nel Genoa, dovrebbe arrivare in maglia rosanero in prestito fino al termine della stagione 2014\/2015 [&hellip;]<\/p>\n","protected":false},"author":2,"featured_media":3261,"comment_status":"closed","ping_status":"open","sticky":false,"template":"","format":"standard","meta":[],"categories":[1],"tags":[389,390],"_links":{"self":[{"href":"http:\/\/www.rosanerosiamonoi.it\/palermocalcio\/wp-json\/wp\/v2\/posts\/3258"}],"collection":[{"href":"http:\/\/www.rosanerosiamonoi.it\/palermocalcio\/wp-json\/wp\/v2\/posts"}],"about":[{"href":"http:\/\/www.rosanerosiamonoi.it\/palermocalcio\/wp-json\/wp\/v2\/types\/post"}],"author":[{"embeddable":true,"href":"http:\/\/www.rosanerosiamonoi.it\/palermocalcio\/wp-json\/wp\/v2\/users\/2"}],"replies":[{"embeddable":true,"href":"http:\/\/www.rosanerosiamonoi.it\/palermocalcio\/wp-json\/wp\/v2\/comments?post=3258"}],"version-history":[{"count":2,"href":"http:\/\/www.rosanerosiamonoi.it\/palermocalcio\/wp-json\/wp\/v2\/posts\/3258\/revisions"}],"predecessor-version":[{"id":3263,"href":"http:\/\/www.rosanerosiamonoi.it\/palermocalcio\/wp-json\/wp\/v2\/posts\/3258\/revisions\/3263"}],"wp:featuredmedia":[{"embeddable":true,"href":"http:\/\/www.rosanerosiamonoi.it\/palermocalcio\/wp-json\/wp\/v2\/media\/3261"}],"wp:attachment":[{"href":"http:\/\/www.rosanerosiamonoi.it\/palermocalcio\/wp-json\/wp\/v2\/media?parent=3258"}],"wp:term":[{"taxonomy":"category","embeddable":true,"href":"http:\/\/www.rosanerosiamonoi.it\/palermocalcio\/wp-json\/wp\/v2\/categories?post=3258"},{"taxonomy":"post_tag","embeddable":true,"href":"http:\/\/www.rosanerosiamonoi.it\/palermocalcio\/wp-json\/wp\/v2\/tags?post=3258"}],"curies":[{"name":"wp","href":"https:\/\/api.w.org\/{rel}","templated":true}]}}