{"id":3310,"date":"2014-07-13T22:37:47","date_gmt":"2014-07-13T20:37:47","guid":{"rendered":"http:\/\/www.rosanerosiamonoi.it\/palermocalcio\/?p=3310"},"modified":"2014-07-13T23:03:31","modified_gmt":"2014-07-13T21:03:31","slug":"amauri-a-volte-ritornano","status":"publish","type":"post","link":"http:\/\/www.rosanerosiamonoi.it\/palermocalcio\/2014\/07\/13\/amauri-a-volte-ritornano\/","title":{"rendered":"Amauri &#8230;. a volte ritornano ! Avvistato a Mondello &#8230;.."},"content":{"rendered":"<p class=\"leading\" style=\"color: #081f2c; text-align: justify;\"><a href=\"http:\/\/www.rosanerosiamonoi.it\/palermocalcio\/2014\/07\/13\/amauri-a-volte-ritornano\/amauri-2\/\" rel=\"attachment wp-att-3311\"><img decoding=\"async\" loading=\"lazy\" class=\"aligncenter size-medium wp-image-3311\" src=\"http:\/\/www.rosanerosiamonoi.it\/palermocalcio\/wp-content\/uploads\/2014\/07\/amauri-520x360.jpg\" alt=\"amauri\" width=\"520\" height=\"360\" srcset=\"http:\/\/www.rosanerosiamonoi.it\/palermocalcio\/wp-content\/uploads\/2014\/07\/amauri-520x360.jpg 520w, http:\/\/www.rosanerosiamonoi.it\/palermocalcio\/wp-content\/uploads\/2014\/07\/amauri.jpg 620w\" sizes=\"(max-width: 520px) 100vw, 520px\" \/><\/a><\/p>\n<p class=\"leading\" style=\"color: #081f2c; text-align: justify;\">Ci sono alcuni\u00a0\u00a0club esteri sul centravanti del Parma, Amauri: ma per l&#8217;italo- brasiliano si \u00e8 mosso adesso\u00a0anche il Palermo, che pensa a un suo clamoroso ritorno in Sicilia.<\/p>\n<div class=\"module module-bet-windrawwin clearfix\" style=\"color: #081f2c; text-align: justify;\">Aumentano dunque\u00a0le contendenti per\u00a0<strong style=\"color: #000000;\">Amauri Carvalho de Oliveira<\/strong><span style=\"color: #000000;\">, meglio conosciuto come Amauri, 34enne centravanti brasiliano naturalizzato italiano reduce da una discreta stagione con la maglia del Parma, dove in particolar modo nel girone di ritorno \u00e8 riuscito a trovare spesso la via del gol.<\/span><\/div>\n<div class=\"module module-bet-windrawwin clearfix\" style=\"color: #081f2c; text-align: justify;\"><\/div>\n<div class=\"module module-bet-windrawwin clearfix\" style=\"color: #081f2c; text-align: justify;\"><span style=\"color: #000000;\">\u00a0<\/span><strong style=\"color: #000000;\">Il giocatore ha molto mercato, in particolar modo all&#8217;estero.<\/strong><\/div>\n<div class=\"module module-bet-windrawwin clearfix\" style=\"color: #081f2c; text-align: justify;\"><\/div>\n<div class=\"module module-bet-windrawwin clearfix\" style=\"color: #081f2c; text-align: justify;\">Il centravanti italo-brasiliano che \u00e8 destinato a lasciare il\u00a0\u00a0<strong>Parma\u00a0<\/strong><strong style=\"color: #007954;\">\u00a0<\/strong>in estate adesso, dopo le offerte del\u00a0<strong>Bahia<\/strong>\u00a0e degli australiani del\u00a0<strong>Sydney<\/strong>, vede arrivare per lui anche questa\u00a0ipotesi italiana.<\/div>\n<div class=\"module module-bet-windrawwin clearfix\" style=\"color: #081f2c; text-align: justify;\"><\/div>\n<div class=\"module module-bet-windrawwin clearfix\" style=\"color: #081f2c; text-align: justify;\">Ma da nostre informazioni sappiamo che certamente Amauri ha gi\u00e0 deciso di rifiutare le due offerte straniere e quindi la pista rosanero sembra la pi\u00f9 percorribile e ricordiamo anche che c&#8217;\u00e8 sempre un buon feeling con il nostro Presidente.<\/div>\n<p style=\"color: #081f2c; text-align: justify;\">Nelle ultime ore, secondo quanto riferisce &#8216;Sky Sport&#8217;, ha preso un&#8217;accelerazione d&#8217;interesse da parte della societ\u00e0 di via del Fante \u00a0e si fa cos\u00ec strada la possibilit\u00e0 di un suo clamoroso ritorno al Palermo\u00a0con la squadra di cui gi\u00e0 indoss\u00f2 la maglia dal 2006 al 2008.<\/p>\n<p style=\"color: #081f2c; text-align: justify;\"><a href=\"http:\/\/www.rosanerosiamonoi.it\/palermocalcio\/2014\/07\/13\/amauri-a-volte-ritornano\/amauri-pa\/\" rel=\"attachment wp-att-3313\"><img decoding=\"async\" loading=\"lazy\" class=\"aligncenter size-full wp-image-3313\" src=\"http:\/\/www.rosanerosiamonoi.it\/palermocalcio\/wp-content\/uploads\/2014\/07\/amauri-pa.jpg\" alt=\"amauri pa\" width=\"240\" height=\"184\" \/><\/a><\/p>\n<p style=\"color: #081f2c; text-align: justify;\">Nelle due stagioni siciliane per <strong>Amauri<\/strong> arrivarono 52 presenze e ben 23 goal in Serie A, con un rendimento molto elevato che gli permise poi di trasferirsi alla Juventus ed il giocatore \u00e8 rimasto ancora nel cuore dei tifosi rosanero.<\/p>\n<p style=\"color: #081f2c; text-align: justify;\">Ora il Palermo e l&#8217;attaccante potrebbero ritrovarsi, nelle prossime ore l&#8217;interesse potrebbe materializzarsi in un&#8217;offerta importante \u00a0per battere la concorrenza dei due club esteri interessati al suo cartellino e definire cos\u00ec un ritorno che farebbe molto piacere alla tifoseria del Palermo ed Iachini potrebbe contare su di un giocatore di sicuro affidamento che a Palermo potrebbe trovare una sua seconda giovinezza.<\/p>\n<p style=\"color: #081f2c; text-align: justify;\">Infine da notare che <strong>Amauri \u00e8\u00a0<\/strong><span style=\"color: #000000;\"><strong>\u00a0stato avvistato dalle parti di Mondello<\/strong>, e\u00a0potrebbe non essere solo il mare splendido della nostra citt\u00e0\u00a0ad avere portato Amauri nuovamente a Palermo.<\/span><\/p>\n<p style=\"color: #081f2c; text-align: justify;\"><span style=\"color: #000000;\"> L\u2019attaccante ricordiamo che \u00a0\u00e8 legato al Parma da un contratto che scadr\u00e0 nel 2016,<\/span><strong style=\"color: #000000;\">\u00a0ma sono sempre pi\u00f9 insistenti le voci di una partenza anticipata dal club ducale dove \u00e8 sfumato per un soffio ( e per la carta bollata\u2026) il sogno Europa League.<\/strong><\/p>\n","protected":false},"excerpt":{"rendered":"<p>Ci sono alcuni\u00a0\u00a0club esteri sul centravanti del Parma, Amauri: ma per l&#8217;italo- brasiliano si \u00e8 mosso adesso\u00a0anche il Palermo, che pensa a un suo clamoroso ritorno in Sicilia. Aumentano dunque\u00a0le contendenti per\u00a0Amauri Carvalho de Oliveira, meglio conosciuto come Amauri, 34enne centravanti brasiliano naturalizzato italiano reduce da una discreta stagione con la maglia del Parma, dove [&hellip;]<\/p>\n","protected":false},"author":2,"featured_media":3314,"comment_status":"closed","ping_status":"open","sticky":false,"template":"","format":"standard","meta":[],"categories":[1],"tags":[396],"_links":{"self":[{"href":"http:\/\/www.rosanerosiamonoi.it\/palermocalcio\/wp-json\/wp\/v2\/posts\/3310"}],"collection":[{"href":"http:\/\/www.rosanerosiamonoi.it\/palermocalcio\/wp-json\/wp\/v2\/posts"}],"about":[{"href":"http:\/\/www.rosanerosiamonoi.it\/palermocalcio\/wp-json\/wp\/v2\/types\/post"}],"author":[{"embeddable":true,"href":"http:\/\/www.rosanerosiamonoi.it\/palermocalcio\/wp-json\/wp\/v2\/users\/2"}],"replies":[{"embeddable":true,"href":"http:\/\/www.rosanerosiamonoi.it\/palermocalcio\/wp-json\/wp\/v2\/comments?post=3310"}],"version-history":[{"count":6,"href":"http:\/\/www.rosanerosiamonoi.it\/palermocalcio\/wp-json\/wp\/v2\/posts\/3310\/revisions"}],"predecessor-version":[{"id":3320,"href":"http:\/\/www.rosanerosiamonoi.it\/palermocalcio\/wp-json\/wp\/v2\/posts\/3310\/revisions\/3320"}],"wp:featuredmedia":[{"embeddable":true,"href":"http:\/\/www.rosanerosiamonoi.it\/palermocalcio\/wp-json\/wp\/v2\/media\/3314"}],"wp:attachment":[{"href":"http:\/\/www.rosanerosiamonoi.it\/palermocalcio\/wp-json\/wp\/v2\/media?parent=3310"}],"wp:term":[{"taxonomy":"category","embeddable":true,"href":"http:\/\/www.rosanerosiamonoi.it\/palermocalcio\/wp-json\/wp\/v2\/categories?post=3310"},{"taxonomy":"post_tag","embeddable":true,"href":"http:\/\/www.rosanerosiamonoi.it\/palermocalcio\/wp-json\/wp\/v2\/tags?post=3310"}],"curies":[{"name":"wp","href":"https:\/\/api.w.org\/{rel}","templated":true}]}}