{"id":3359,"date":"2014-07-16T16:55:13","date_gmt":"2014-07-16T14:55:13","guid":{"rendered":"http:\/\/www.rosanerosiamonoi.it\/palermocalcio\/?p=3359"},"modified":"2014-07-16T16:55:23","modified_gmt":"2014-07-16T14:55:23","slug":"calciomercato-palermo-si-tratta-maietta-seguiti-sempre-costa-e-juanfran","status":"publish","type":"post","link":"http:\/\/www.rosanerosiamonoi.it\/palermocalcio\/2014\/07\/16\/calciomercato-palermo-si-tratta-maietta-seguiti-sempre-costa-e-juanfran\/","title":{"rendered":"Calciomercato Palermo . Si tratta Maietta , seguiti sempre Costa e Juanfran."},"content":{"rendered":"<p style=\"text-align: center;\"><a href=\"http:\/\/www.rosanerosiamonoi.it\/palermocalcio\/2014\/07\/16\/calciomercato-palermo-si-tratta-maietta-seguiti-sempre-costa-e-juanfran\/maietta\/\" rel=\"attachment wp-att-3360\"><img decoding=\"async\" loading=\"lazy\" class=\"aligncenter size-full wp-image-3360\" src=\"http:\/\/www.rosanerosiamonoi.it\/palermocalcio\/wp-content\/uploads\/2014\/07\/maietta.jpg\" alt=\"maietta\" width=\"250\" height=\"350\" \/><\/a><\/p>\n<p style=\"text-align: justify;\">\n<p style=\"text-align: justify;\"><strong style=\"color: #666666;\">Domenico Maietta<\/strong><span style=\"color: #666666;\">, centrale difensivo del Verona di Mandorlini nel mirino della societ\u00e0 di viale del Fante. Il giocatore \u00e8 in rotta con la societ\u00e0 scaligera ed il Palermo \u00e8 vicinissimo a chiudere la trattativa per portalo in Sicilia. <\/span><\/p>\n<p style=\"text-align: justify;\"><span style=\"color: #666666;\">Nelle prossime ore potrebbe arrivare l\u2019ufficialit\u00e0 dell\u2019acquisto di una pedina che andrebbe a rafforzare lo scacchiere di Mister Iachini con un elemento di grande valore in difesa .<\/span><\/p>\n<p style=\"text-align: justify;\"><span style=\"color: #2b2b2b;\">Il suo futuro lo vedeva gi\u00e0\u00a0lontano da\u00a0<\/span><strong style=\"color: #2b2b2b;\">Verona<\/strong><span style=\"color: #2b2b2b;\">\u00a0e lo \u00e8 adesso ancora di pi\u00f9 :\u00a0<\/span><span style=\"color: #2b2b2b;\"><strong>Domenico Maietta<\/strong><\/span><span style=\"color: #2b2b2b;\">, difensore dell&#8217;<\/span><strong style=\"color: #2b2b2b;\">Hellas<\/strong><span style=\"color: #2b2b2b;\">, era ad un passo dal passaggio al\u00a0<\/span><strong style=\"color: #2b2b2b;\">Bologna<\/strong><span style=\"color: #2b2b2b;\">. Il suo trasferimento doveva rientrare nell&#8217;ambito dell&#8217;affare che ha portato\u00a0<\/span><strong style=\"color: #2b2b2b;\">Lazaros<\/strong><span style=\"color: #2b2b2b;\">\u00a0in\u00a0<\/span><strong style=\"color: #2b2b2b;\">Veneto<\/strong><span style=\"color: #2b2b2b;\">, ma alla fine salt\u00f2 tutto probabilmente in attesa di arrivare a Palermo e rimanere in serie A.<\/span><\/p>\n<p style=\"text-align: justify;\">\n<p style=\"text-align: justify;\"><img decoding=\"async\" loading=\"lazy\" class=\"aligncenter size-medium wp-image-3361\" src=\"http:\/\/www.rosanerosiamonoi.it\/palermocalcio\/wp-content\/uploads\/2014\/07\/costa-samp-520x312.jpg\" alt=\"costa samp\" width=\"520\" height=\"312\" srcset=\"http:\/\/www.rosanerosiamonoi.it\/palermocalcio\/wp-content\/uploads\/2014\/07\/costa-samp-520x312.jpg 520w, http:\/\/www.rosanerosiamonoi.it\/palermocalcio\/wp-content\/uploads\/2014\/07\/costa-samp.jpg 990w\" sizes=\"(max-width: 520px) 100vw, 520px\" \/><\/p>\n<p style=\"text-align: center;\">\n<p style=\"text-align: justify;\">\n<p style=\"text-align: justify;\"><span style=\"color: #666666;\">Sempre per la difesa Ceravolo sembra essere arrivati\u00a0ad un passo dall\u2019aggiudicarsi le prestazioni del forte difensore \u00a0<\/span><strong style=\"color: #666666;\">Costa<\/strong><span style=\"color: #666666;\">, ai blucerchiarti\u00a0come contropartita tecnica andr\u00e0\u00a0<\/span><strong style=\"color: #666666;\">Mantovani<\/strong><span style=\"color: #666666;\">, rientrato dal prestito di Bologna.<\/span><\/p>\n<p style=\"text-align: justify;\"><span style=\"color: #000000;\">Il Palermo lavora di concerto con la Sampdoria per uno scambio che dovrebbe ormai\u00a0portare il difensore <strong>Andrea Mantovani<\/strong> (30) a Genova e <strong>Andrea Costa<\/strong> (28), anche lui difensore, al Palermo. <\/span><\/p>\n<p style=\"text-align: justify;\"><span style=\"color: #000000;\">Le parti si stanno vedendo e stanno cercando di arrivare ad un accordo che accontenti i giocatori e i rispettivi club di appartenenza.<\/span><\/p>\n<p style=\"text-align: justify;\">\n<p style=\"text-align: center;\"><a href=\"http:\/\/www.rosanerosiamonoi.it\/palermocalcio\/2014\/07\/16\/calciomercato-palermo-si-tratta-maietta-seguiti-sempre-costa-e-juanfran\/juanfran-647x280\/\" rel=\"attachment wp-att-3362\"><img decoding=\"async\" loading=\"lazy\" class=\"aligncenter size-medium wp-image-3362\" src=\"http:\/\/www.rosanerosiamonoi.it\/palermocalcio\/wp-content\/uploads\/2014\/07\/juanfran-647x280-520x225.jpg\" alt=\"juanfran--647x280\" width=\"520\" height=\"225\" srcset=\"http:\/\/www.rosanerosiamonoi.it\/palermocalcio\/wp-content\/uploads\/2014\/07\/juanfran-647x280-520x225.jpg 520w, http:\/\/www.rosanerosiamonoi.it\/palermocalcio\/wp-content\/uploads\/2014\/07\/juanfran-647x280.jpg 647w\" sizes=\"(max-width: 520px) 100vw, 520px\" \/><\/a><\/p>\n<p style=\"text-align: justify;\">\n<p style=\"text-align: justify;\">\n<p style=\"text-align: justify;\"><span style=\"color: #000000;\">I rosanero intanto ci provano per\u00a0<strong>Juanfran<\/strong> (25), ma il Betis non \u00e8 d&#8217;accordo sulla cifra di un milione\u00a0e mezzo di euro che il Palermo ha offerto per il terzino destro.<\/span><\/p>\n<p style=\"text-align: justify;\"><span style=\"color: #000000;\">Rinviato cos\u00ec l&#8217;arrivo di\u00a0<\/span><strong style=\"color: #000000;\">Juanfran\u00a0<\/strong><span style=\"color: #000000;\">a\u00a0<\/span><strong style=\"color: #000000;\">Palermo<\/strong><span style=\"color: #000000;\">. I rosanero aspettano il laterale spagnolo, ma il\u00a0<\/span><strong style=\"color: #000000;\">Betis<\/strong><span style=\"color: #000000;\">, riferisce il &#8216;Corriere dello Sport&#8217;, avrebbe respinto come detto la prima proposta siciliana da\u00a0<\/span><strong style=\"color: #000000;\">1,5 milioni di euro<\/strong><span style=\"color: #000000;\">.<\/span><\/p>\n<p style=\"text-align: justify;\"><span style=\"color: #000000;\">Il\u00a0<\/span><strong style=\"color: #000000;\">Palermo\u00a0<\/strong><span style=\"color: #000000;\">punta con forza su Juan Francisco Moreno Fuertes, meglio conosciuto come\u00a0<\/span><strong style=\"color: #000000;\">Juanfran<\/strong><span style=\"color: #000000;\">. Nonostante la retrocessione del\u00a0<\/span><strong style=\"color: #000000;\">Betis<\/strong><span style=\"color: #000000;\">, il calciatore si \u00e8 messo in mostra disputando un buon campionato e attirando le attenzioni di club italiani, ma non solo.<\/span><\/p>\n<p style=\"text-align: justify;\"><span style=\"color: #000000;\">La\u00a0<\/span><strong style=\"color: #000000;\">richiesta\u00a0<\/strong><span style=\"color: #000000;\">degli andalusi per lasciare partire il 25enne calciatore, perfetto per il 3-5-2, \u00e8 di\u00a0<\/span><strong style=\"color: #000000;\">2.5 milioni di euro<\/strong><span style=\"color: #000000;\">\u00a0senza contropartite tecniche il Palermo voleva inserire Morganella . <\/span><\/p>\n<p style=\"text-align: justify;\"><span style=\"color: #000000;\">La sensazione \u00e8 che a met\u00e0 strada si possa trovare l&#8217;accordo, anche se il\u00a0<\/span><strong style=\"color: #000000;\">Palermo\u00a0<\/strong><span style=\"color: #000000;\">dovr\u00e0 guardarsi dalla concorrenza estera: il\u00a0<\/span><strong style=\"color: #000000;\">Middlesbrough<\/strong><span style=\"color: #000000;\">\u00a0e\u00a0il\u00a0<\/span><strong style=\"color: #000000;\">Fulham\u00a0<\/strong><span style=\"color: #000000;\">sono interessate a\u00a0<\/span><strong style=\"color: #000000;\">Juanfran<\/strong><span style=\"color: #000000;\">, anche se il giocatore non gradirebbe la destinazione\u00a0<\/span><strong style=\"color: #000000;\">Championship<\/strong><span style=\"color: #000000;\">. <\/span><\/p>\n<p style=\"text-align: justify;\"><span style=\"color: #000000;\">Attenzione anche all&#8217;<\/span><strong style=\"color: #000000;\">Aston Villa<\/strong><span style=\"color: #000000;\">.\u00a0<\/span><\/p>\n<p style=\"text-align: justify;\">\n","protected":false},"excerpt":{"rendered":"<p>Domenico Maietta, centrale difensivo del Verona di Mandorlini nel mirino della societ\u00e0 di viale del Fante. Il giocatore \u00e8 in rotta con la societ\u00e0 scaligera ed il Palermo \u00e8 vicinissimo a chiudere la trattativa per portalo in Sicilia. Nelle prossime ore potrebbe arrivare l\u2019ufficialit\u00e0 dell\u2019acquisto di una pedina che andrebbe a rafforzare lo scacchiere di [&hellip;]<\/p>\n","protected":false},"author":2,"featured_media":3360,"comment_status":"closed","ping_status":"open","sticky":false,"template":"","format":"standard","meta":[],"categories":[1,5],"tags":[403,404,402],"_links":{"self":[{"href":"http:\/\/www.rosanerosiamonoi.it\/palermocalcio\/wp-json\/wp\/v2\/posts\/3359"}],"collection":[{"href":"http:\/\/www.rosanerosiamonoi.it\/palermocalcio\/wp-json\/wp\/v2\/posts"}],"about":[{"href":"http:\/\/www.rosanerosiamonoi.it\/palermocalcio\/wp-json\/wp\/v2\/types\/post"}],"author":[{"embeddable":true,"href":"http:\/\/www.rosanerosiamonoi.it\/palermocalcio\/wp-json\/wp\/v2\/users\/2"}],"replies":[{"embeddable":true,"href":"http:\/\/www.rosanerosiamonoi.it\/palermocalcio\/wp-json\/wp\/v2\/comments?post=3359"}],"version-history":[{"count":2,"href":"http:\/\/www.rosanerosiamonoi.it\/palermocalcio\/wp-json\/wp\/v2\/posts\/3359\/revisions"}],"predecessor-version":[{"id":3364,"href":"http:\/\/www.rosanerosiamonoi.it\/palermocalcio\/wp-json\/wp\/v2\/posts\/3359\/revisions\/3364"}],"wp:featuredmedia":[{"embeddable":true,"href":"http:\/\/www.rosanerosiamonoi.it\/palermocalcio\/wp-json\/wp\/v2\/media\/3360"}],"wp:attachment":[{"href":"http:\/\/www.rosanerosiamonoi.it\/palermocalcio\/wp-json\/wp\/v2\/media?parent=3359"}],"wp:term":[{"taxonomy":"category","embeddable":true,"href":"http:\/\/www.rosanerosiamonoi.it\/palermocalcio\/wp-json\/wp\/v2\/categories?post=3359"},{"taxonomy":"post_tag","embeddable":true,"href":"http:\/\/www.rosanerosiamonoi.it\/palermocalcio\/wp-json\/wp\/v2\/tags?post=3359"}],"curies":[{"name":"wp","href":"https:\/\/api.w.org\/{rel}","templated":true}]}}