{"id":3511,"date":"2014-07-25T16:11:02","date_gmt":"2014-07-25T14:11:02","guid":{"rendered":"http:\/\/www.rosanerosiamonoi.it\/palermocalcio\/?p=3511"},"modified":"2014-07-25T16:37:41","modified_gmt":"2014-07-25T14:37:41","slug":"finito-ritiro-a-bad-ci-vediamo-il-28-a-storo-ci-saremo-anche-noi","status":"publish","type":"post","link":"http:\/\/www.rosanerosiamonoi.it\/palermocalcio\/2014\/07\/25\/finito-ritiro-a-bad-ci-vediamo-il-28-a-storo-ci-saremo-anche-noi\/","title":{"rendered":"Finito ritiro a Bad ci vediamo il 28 a Storo. Ci saremo anche noi. Foto campo e video"},"content":{"rendered":"<p><a href=\"http:\/\/www.rosanerosiamonoi.it\/palermocalcio\/2014\/07\/09\/palermo-in-ritiro-dal-12-luglio-ci-sara-anche-il-fortissimo-duarte\/bad\/\" rel=\"attachment wp-att-3265\"><img decoding=\"async\" loading=\"lazy\" class=\"aligncenter size-medium wp-image-3265\" src=\"http:\/\/www.rosanerosiamonoi.it\/palermocalcio\/wp-content\/uploads\/2014\/07\/bad-520x268.jpg\" alt=\"bad\" width=\"520\" height=\"268\" srcset=\"http:\/\/www.rosanerosiamonoi.it\/palermocalcio\/wp-content\/uploads\/2014\/07\/bad-520x268.jpg 520w, http:\/\/www.rosanerosiamonoi.it\/palermocalcio\/wp-content\/uploads\/2014\/07\/bad-1024x529.jpg 1024w\" sizes=\"(max-width: 520px) 100vw, 520px\" \/><\/a><\/p>\n<p>&nbsp;<\/p>\n<p><span style=\"color: #000000;\">Il <strong>Palermo<\/strong> ha chiuso oggi la prima parte del ritiro estivo a Bad e dopo un allenamento mattutino la squadra ha lasciato la Carinzia e c&#8217;\u00e8 stato il liberi tutti per godere di due giorni di riposo. <\/span><\/p>\n<p style=\"text-align: justify;\"><span style=\"color: #000000;\"><strong>Luned\u00ec 28 luglio<\/strong> il gruppo torner\u00e0 a radunarsi\u00a0di mattina a <strong>Coccaglio<\/strong> (BS) prima del trasferimento a<strong> Storo<\/strong> (TN), sede della seconda parte del ritiro.<\/span><\/p>\n<p style=\"text-align: justify;\"><a href=\"http:\/\/www.rosanerosiamonoi.it\/palermocalcio\/2014\/07\/25\/finito-ritiro-a-bad-ci-vediamo-il-28-a-storo-ci-saremo-anche-noi\/storo-2\/\" rel=\"attachment wp-att-3512\"><img decoding=\"async\" loading=\"lazy\" class=\"aligncenter size-medium wp-image-3512\" src=\"http:\/\/www.rosanerosiamonoi.it\/palermocalcio\/wp-content\/uploads\/2014\/07\/storo1-520x373.jpg\" alt=\"storo\" width=\"520\" height=\"373\" srcset=\"http:\/\/www.rosanerosiamonoi.it\/palermocalcio\/wp-content\/uploads\/2014\/07\/storo1-520x373.jpg 520w, http:\/\/www.rosanerosiamonoi.it\/palermocalcio\/wp-content\/uploads\/2014\/07\/storo1.jpg 567w\" sizes=\"(max-width: 520px) 100vw, 520px\" \/><\/a><\/p>\n<p style=\"text-align: justify;\"><span style=\"color: #000000;\"> Il difensore <strong>Milan Milanovi\u0107<\/strong>\u00a0giocatore sul qual puntiamo molto e che consideriamo un perno per questa difesa con <strong>Andelkovic<\/strong> in attesa di un altro fortissimo centrale &#8230;. si mostra soddisfatto del lavoro svolto dalla squadra fino ad oggi con un post sul suo profilo Instagram:<em> &#8220;Oggi finisce la prima parte del ritiro! Bravi ragazzi, continuiamo cos\u00ec!!!&#8221;.<\/em><\/span><\/p>\n<p style=\"text-align: justify;\">E da <strong>luned\u00ec 28<\/strong> ci saremo anche noi a Storo fino alla fine della seconda parte del ritiro e vi daremo notizie, informazioni, interviste, conferenze stampa, cronache scritte di tutte le amichevoli in tempo reale e quant&#8217;altro riguarda questa nuova avventura del Palermo in Serie A.<\/p>\n<p style=\"text-align: justify;\"><a href=\"http:\/\/www.rosanerosiamonoi.it\/palermocalcio\/2014\/07\/25\/finito-ritiro-a-bad-ci-vediamo-il-28-a-storo-ci-saremo-anche-noi\/storo-1\/\" rel=\"attachment wp-att-3513\"><img decoding=\"async\" loading=\"lazy\" class=\"aligncenter size-medium wp-image-3513\" src=\"http:\/\/www.rosanerosiamonoi.it\/palermocalcio\/wp-content\/uploads\/2014\/07\/storo-1-520x384.jpg\" alt=\"storo (1)\" width=\"520\" height=\"384\" srcset=\"http:\/\/www.rosanerosiamonoi.it\/palermocalcio\/wp-content\/uploads\/2014\/07\/storo-1-520x384.jpg 520w, http:\/\/www.rosanerosiamonoi.it\/palermocalcio\/wp-content\/uploads\/2014\/07\/storo-1.jpg 800w\" sizes=\"(max-width: 520px) 100vw, 520px\" \/><\/a><\/p>\n<p style=\"text-align: justify;\"><a href=\"http:\/\/www.rosanerosiamonoi.it\/palermocalcio\/2014\/07\/25\/finito-ritiro-a-bad-ci-vediamo-il-28-a-storo-ci-saremo-anche-noi\/storocampo\/\" rel=\"attachment wp-att-3517\"><img decoding=\"async\" loading=\"lazy\" class=\"aligncenter size-medium wp-image-3517\" src=\"http:\/\/www.rosanerosiamonoi.it\/palermocalcio\/wp-content\/uploads\/2014\/07\/storocampo-520x204.jpg\" alt=\"storocampo\" width=\"520\" height=\"204\" srcset=\"http:\/\/www.rosanerosiamonoi.it\/palermocalcio\/wp-content\/uploads\/2014\/07\/storocampo-520x204.jpg 520w, http:\/\/www.rosanerosiamonoi.it\/palermocalcio\/wp-content\/uploads\/2014\/07\/storocampo.jpg 960w\" sizes=\"(max-width: 520px) 100vw, 520px\" \/><\/a><\/p>\n<p style=\"text-align: justify;\"><a href=\"http:\/\/www.rosanerosiamonoi.it\/palermocalcio\/2014\/07\/25\/finito-ritiro-a-bad-ci-vediamo-il-28-a-storo-ci-saremo-anche-noi\/storo-campo-007\/\" rel=\"attachment wp-att-3518\"><img decoding=\"async\" loading=\"lazy\" class=\"aligncenter size-medium wp-image-3518\" src=\"http:\/\/www.rosanerosiamonoi.it\/palermocalcio\/wp-content\/uploads\/2014\/07\/storo-campo-007-520x204.jpg\" alt=\"storo campo-007\" width=\"520\" height=\"204\" srcset=\"http:\/\/www.rosanerosiamonoi.it\/palermocalcio\/wp-content\/uploads\/2014\/07\/storo-campo-007-520x204.jpg 520w, http:\/\/www.rosanerosiamonoi.it\/palermocalcio\/wp-content\/uploads\/2014\/07\/storo-campo-007.jpg 960w\" sizes=\"(max-width: 520px) 100vw, 520px\" \/><\/a><\/p>\n<p style=\"text-align: justify;\"><a href=\"http:\/\/www.rosanerosiamonoi.it\/palermocalcio\/2014\/07\/25\/finito-ritiro-a-bad-ci-vediamo-il-28-a-storo-ci-saremo-anche-noi\/storo-spogliatoio\/\" rel=\"attachment wp-att-3519\"><img decoding=\"async\" loading=\"lazy\" class=\"aligncenter size-medium wp-image-3519\" src=\"http:\/\/www.rosanerosiamonoi.it\/palermocalcio\/wp-content\/uploads\/2014\/07\/Storo-spogliatoio-520x204.jpg\" alt=\"Storo spogliatoio\" width=\"520\" height=\"204\" srcset=\"http:\/\/www.rosanerosiamonoi.it\/palermocalcio\/wp-content\/uploads\/2014\/07\/Storo-spogliatoio-520x204.jpg 520w, http:\/\/www.rosanerosiamonoi.it\/palermocalcio\/wp-content\/uploads\/2014\/07\/Storo-spogliatoio.jpg 960w\" sizes=\"(max-width: 520px) 100vw, 520px\" \/><\/a><\/p>\n<p style=\"text-align: justify;\"><a href=\"http:\/\/www.rosanerosiamonoi.it\/palermocalcio\/2014\/07\/25\/finito-ritiro-a-bad-ci-vediamo-il-28-a-storo-ci-saremo-anche-noi\/storo-spogliatoio-2\/\" rel=\"attachment wp-att-3520\"><img decoding=\"async\" loading=\"lazy\" class=\"aligncenter size-medium wp-image-3520\" src=\"http:\/\/www.rosanerosiamonoi.it\/palermocalcio\/wp-content\/uploads\/2014\/07\/Storo-spogliatoio-2-520x204.jpg\" alt=\"Storo spogliatoio-2\" width=\"520\" height=\"204\" srcset=\"http:\/\/www.rosanerosiamonoi.it\/palermocalcio\/wp-content\/uploads\/2014\/07\/Storo-spogliatoio-2-520x204.jpg 520w, http:\/\/www.rosanerosiamonoi.it\/palermocalcio\/wp-content\/uploads\/2014\/07\/Storo-spogliatoio-2.jpg 960w\" sizes=\"(max-width: 520px) 100vw, 520px\" \/><\/a><\/p>\n<p style=\"text-align: justify;\"><a href=\"http:\/\/www.rosanerosiamonoi.it\/palermocalcio\/2014\/07\/25\/finito-ritiro-a-bad-ci-vediamo-il-28-a-storo-ci-saremo-anche-noi\/campo-calcio-storo\/\" rel=\"attachment wp-att-3521\"><img decoding=\"async\" loading=\"lazy\" class=\"aligncenter size-medium wp-image-3521\" src=\"http:\/\/www.rosanerosiamonoi.it\/palermocalcio\/wp-content\/uploads\/2014\/07\/campo-calcio-Storo-520x204.jpg\" alt=\"campo calcio Storo\" width=\"520\" height=\"204\" srcset=\"http:\/\/www.rosanerosiamonoi.it\/palermocalcio\/wp-content\/uploads\/2014\/07\/campo-calcio-Storo-520x204.jpg 520w, http:\/\/www.rosanerosiamonoi.it\/palermocalcio\/wp-content\/uploads\/2014\/07\/campo-calcio-Storo.jpg 960w\" sizes=\"(max-width: 520px) 100vw, 520px\" \/><\/a><\/p>\n<p style=\"text-align: justify;\"><a href=\"http:\/\/www.rosanerosiamonoi.it\/palermocalcio\/2014\/07\/25\/finito-ritiro-a-bad-ci-vediamo-il-28-a-storo-ci-saremo-anche-noi\/storo-palestra\/\" rel=\"attachment wp-att-3522\"><img decoding=\"async\" loading=\"lazy\" class=\"aligncenter size-medium wp-image-3522\" src=\"http:\/\/www.rosanerosiamonoi.it\/palermocalcio\/wp-content\/uploads\/2014\/07\/Storo-palestra-520x204.jpg\" alt=\"Storo palestra\" width=\"520\" height=\"204\" srcset=\"http:\/\/www.rosanerosiamonoi.it\/palermocalcio\/wp-content\/uploads\/2014\/07\/Storo-palestra-520x204.jpg 520w, http:\/\/www.rosanerosiamonoi.it\/palermocalcio\/wp-content\/uploads\/2014\/07\/Storo-palestra.jpg 960w\" sizes=\"(max-width: 520px) 100vw, 520px\" \/><\/a><\/p>\n<p style=\"text-align: justify;\"><a href=\"http:\/\/www.rosanerosiamonoi.it\/palermocalcio\/2014\/07\/25\/finito-ritiro-a-bad-ci-vediamo-il-28-a-storo-ci-saremo-anche-noi\/storo-stadio\/\" rel=\"attachment wp-att-3523\"><img decoding=\"async\" loading=\"lazy\" class=\"aligncenter size-medium wp-image-3523\" src=\"http:\/\/www.rosanerosiamonoi.it\/palermocalcio\/wp-content\/uploads\/2014\/07\/Storo-stadio-520x204.jpg\" alt=\"Storo stadio\" width=\"520\" height=\"204\" srcset=\"http:\/\/www.rosanerosiamonoi.it\/palermocalcio\/wp-content\/uploads\/2014\/07\/Storo-stadio-520x204.jpg 520w, http:\/\/www.rosanerosiamonoi.it\/palermocalcio\/wp-content\/uploads\/2014\/07\/Storo-stadio.jpg 960w\" sizes=\"(max-width: 520px) 100vw, 520px\" \/><\/a><\/p>\n<p>Questo l&#8217;Albergo che ospiter\u00e0 il Palermo fino al 14 di Agosto &#8230; <strong>Hotel Castel Lodron<\/strong>.<\/p>\n<p><iframe loading=\"lazy\" width=\"670\" height=\"377\" src=\"\/\/www.youtube.com\/embed\/x9AyyhNwtlQ\" frameborder=\"0\" allowfullscreen><\/iframe><\/p>\n","protected":false},"excerpt":{"rendered":"<p>&nbsp; Il Palermo ha chiuso oggi la prima parte del ritiro estivo a Bad e dopo un allenamento mattutino la squadra ha lasciato la Carinzia e c&#8217;\u00e8 stato il liberi tutti per godere di due giorni di riposo. Luned\u00ec 28 luglio il gruppo torner\u00e0 a radunarsi\u00a0di mattina a Coccaglio (BS) prima del trasferimento a Storo [&hellip;]<\/p>\n","protected":false},"author":2,"featured_media":3521,"comment_status":"closed","ping_status":"open","sticky":false,"template":"","format":"standard","meta":[],"categories":[1],"tags":[429],"_links":{"self":[{"href":"http:\/\/www.rosanerosiamonoi.it\/palermocalcio\/wp-json\/wp\/v2\/posts\/3511"}],"collection":[{"href":"http:\/\/www.rosanerosiamonoi.it\/palermocalcio\/wp-json\/wp\/v2\/posts"}],"about":[{"href":"http:\/\/www.rosanerosiamonoi.it\/palermocalcio\/wp-json\/wp\/v2\/types\/post"}],"author":[{"embeddable":true,"href":"http:\/\/www.rosanerosiamonoi.it\/palermocalcio\/wp-json\/wp\/v2\/users\/2"}],"replies":[{"embeddable":true,"href":"http:\/\/www.rosanerosiamonoi.it\/palermocalcio\/wp-json\/wp\/v2\/comments?post=3511"}],"version-history":[{"count":6,"href":"http:\/\/www.rosanerosiamonoi.it\/palermocalcio\/wp-json\/wp\/v2\/posts\/3511\/revisions"}],"predecessor-version":[{"id":3526,"href":"http:\/\/www.rosanerosiamonoi.it\/palermocalcio\/wp-json\/wp\/v2\/posts\/3511\/revisions\/3526"}],"wp:featuredmedia":[{"embeddable":true,"href":"http:\/\/www.rosanerosiamonoi.it\/palermocalcio\/wp-json\/wp\/v2\/media\/3521"}],"wp:attachment":[{"href":"http:\/\/www.rosanerosiamonoi.it\/palermocalcio\/wp-json\/wp\/v2\/media?parent=3511"}],"wp:term":[{"taxonomy":"category","embeddable":true,"href":"http:\/\/www.rosanerosiamonoi.it\/palermocalcio\/wp-json\/wp\/v2\/categories?post=3511"},{"taxonomy":"post_tag","embeddable":true,"href":"http:\/\/www.rosanerosiamonoi.it\/palermocalcio\/wp-json\/wp\/v2\/tags?post=3511"}],"curies":[{"name":"wp","href":"https:\/\/api.w.org\/{rel}","templated":true}]}}