{"id":4428,"date":"2014-08-20T19:46:11","date_gmt":"2014-08-20T17:46:11","guid":{"rendered":"http:\/\/www.rosanerosiamonoi.it\/palermocalcio\/?p=4428"},"modified":"2014-08-20T20:01:23","modified_gmt":"2014-08-20T18:01:23","slug":"stankovic-dal-partizan-a-palermo-soffiato-alla-lazio-contratto-triennale-video","status":"publish","type":"post","link":"http:\/\/www.rosanerosiamonoi.it\/palermocalcio\/2014\/08\/20\/stankovic-dal-partizan-a-palermo-soffiato-alla-lazio-contratto-triennale-video\/","title":{"rendered":"Stankovic dal Partizan a Palermo soffiato alla Lazio &#8211; contratto triennale. Video"},"content":{"rendered":"<p style=\"text-align: justify;\">Cambia direzione\u00a0la meta finale di <strong>Vojislav Stankovic<\/strong>, difensore del Partizan Belgrado che nelle scorse ore sembrava vicinissimo all&#8217;accordo con la Lazio ma dopo l&#8217;arrivo di Gentiletti per\u00f2, la pista legata al difensore serbo sembra avere subito un rallentamento ed approfittando di questo momento in curva su di lui si \u00e8 inserito prepotentemente il Palermo.<\/p>\n<p style=\"text-align: justify;\">Accordo tra club raggiunto, si aspetta la firma con il\u00a0giocatore: a breve Iachini potrebbe avere cos\u00ec un nuovo forte rinforzo per la difesa, un centrale difensivo sinistro come aveva chiesto.<\/p>\n<p style=\"text-align: justify;\">Adesso con lui, Milanovic ed Andelkovic la difesa dovrebbe essere impenetrabile &#8230;.<\/p>\n<p style=\"text-align: justify;\">\n<p style=\"text-align: justify;\"><a href=\"http:\/\/www.rosanerosiamonoi.it\/palermocalcio\/2014\/08\/20\/stankovic-dal-partizan-a-palermo-soffiato-alla-lazio-contratto-triennale-video\/stankovic\/\" rel=\"attachment wp-att-4430\"><img decoding=\"async\" loading=\"lazy\" class=\"aligncenter size-full wp-image-4430\" src=\"http:\/\/www.rosanerosiamonoi.it\/palermocalcio\/wp-content\/uploads\/2014\/08\/stankovic.jpg\" alt=\"stankovic\" width=\"259\" height=\"195\" \/><\/a><\/p>\n<p style=\"text-align: justify;\">\n<p style=\"text-align: justify;\">\n<p style=\"text-align: justify;\">L&#8217;agente del serbo, Dusan Milojevic: &#8220;E&#8217; possibile che non andr\u00e0 alla Lazio, stiamo considerando tutte le possibilit\u00e0 e le altre due squadre ci hanno proposto offerte molto buone. La cosa pi\u00f9 importante \u00e8 che Stankovic giochi titolare. Questa \u00e8 la nostra priorit\u00e0. La Lazio luned\u00ec (l&#8217;altro ieri) prender\u00e0 la sua decisione, mentre marted\u00ec (ieri) avremo un incontro con il direttore sportivo di uno degli altri due club&#8221; (Ceravolo).<\/p>\n<p style=\"text-align: justify;\">\u00ab<em>Al 95% Vojislav andr\u00e0 a giocare\u00a0nel Palermo: i due club hanno da tempo trovato l&#8217;accordo e a breve potremo concludere positivamente il trasferimento, siamo molto soddisfatti. La Lazio?\u00a0Prenderemo la decisione finale tra\u00a0uno o due giorni. <strong>Secondo noi la scelta migliore per Stankovic \u00e8 il Palermo<\/strong><\/em><strong>\u00bb<\/strong>, ha dichiarato il procuratore del serbo,\u00a0<span style=\"font-weight: bold;\">Dusan Milojevic<\/span>.<\/p>\n<p style=\"text-align: justify;\"><strong>Tra un paio di giorni arriver\u00e0 la firma sul triennale che legher\u00e0 Stankovic ai rosanero<\/strong>, dopo l\u2019ultima gara da giocare col suo club.<\/p>\n<p style=\"text-align: justify;\">E poi l\u2019Italia, col Palermo che lo aspetta.<\/p>\n<p><strong>Vojislav Stankovi\u0107<\/strong><\/p>\n<p>Vojislav Stankovi\u0107 \u00e8 un calciatore serbo, difensore ( centrale difensivo sinistro) del Partizan Belgrado.<br \/>\nData di nascita: 22 settembre 1987 (et\u00e0 26), Vranje, Serbia<br \/>\nAltezza: 1,90 m<br \/>\nPeso: 84 kg<br \/>\nSquadra attuale: Fudbalski klub Partizan<\/p>\n<p>Durante la sua carriera ha vestito le maglie di Dinamo Vranje, OFK Belgrado e Partizan Belgrado.<\/p>\n<p>Il 24 agosto 2010 ha segnato il calcio di rigore decisivo nella partita Anderlecht-Partizan 2-2, permettendo alla propria squadra di accedere alla fase a gironi della Champions League[1].<\/p>\n<p>Il 7 aprile 2010 ha rappresentato la Nazionale serba nella partita Giappone-Serbia 0-3 giocata ad Osaka.<\/p>\n<p><iframe loading=\"lazy\" src=\"\/\/www.youtube.com\/embed\/whkh-rCq3Hk\" width=\"540\" height=\"405\" frameborder=\"0\" allowfullscreen=\"allowfullscreen\"><\/iframe><\/p>\n","protected":false},"excerpt":{"rendered":"<p>Cambia direzione\u00a0la meta finale di Vojislav Stankovic, difensore del Partizan Belgrado che nelle scorse ore sembrava vicinissimo all&#8217;accordo con la Lazio ma dopo l&#8217;arrivo di Gentiletti per\u00f2, la pista legata al difensore serbo sembra avere subito un rallentamento ed approfittando di questo momento in curva su di lui si \u00e8 inserito prepotentemente il Palermo. Accordo [&hellip;]<\/p>\n","protected":false},"author":2,"featured_media":4429,"comment_status":"closed","ping_status":"open","sticky":false,"template":"","format":"standard","meta":[],"categories":[1],"tags":[487],"_links":{"self":[{"href":"http:\/\/www.rosanerosiamonoi.it\/palermocalcio\/wp-json\/wp\/v2\/posts\/4428"}],"collection":[{"href":"http:\/\/www.rosanerosiamonoi.it\/palermocalcio\/wp-json\/wp\/v2\/posts"}],"about":[{"href":"http:\/\/www.rosanerosiamonoi.it\/palermocalcio\/wp-json\/wp\/v2\/types\/post"}],"author":[{"embeddable":true,"href":"http:\/\/www.rosanerosiamonoi.it\/palermocalcio\/wp-json\/wp\/v2\/users\/2"}],"replies":[{"embeddable":true,"href":"http:\/\/www.rosanerosiamonoi.it\/palermocalcio\/wp-json\/wp\/v2\/comments?post=4428"}],"version-history":[{"count":5,"href":"http:\/\/www.rosanerosiamonoi.it\/palermocalcio\/wp-json\/wp\/v2\/posts\/4428\/revisions"}],"predecessor-version":[{"id":4435,"href":"http:\/\/www.rosanerosiamonoi.it\/palermocalcio\/wp-json\/wp\/v2\/posts\/4428\/revisions\/4435"}],"wp:featuredmedia":[{"embeddable":true,"href":"http:\/\/www.rosanerosiamonoi.it\/palermocalcio\/wp-json\/wp\/v2\/media\/4429"}],"wp:attachment":[{"href":"http:\/\/www.rosanerosiamonoi.it\/palermocalcio\/wp-json\/wp\/v2\/media?parent=4428"}],"wp:term":[{"taxonomy":"category","embeddable":true,"href":"http:\/\/www.rosanerosiamonoi.it\/palermocalcio\/wp-json\/wp\/v2\/categories?post=4428"},{"taxonomy":"post_tag","embeddable":true,"href":"http:\/\/www.rosanerosiamonoi.it\/palermocalcio\/wp-json\/wp\/v2\/tags?post=4428"}],"curies":[{"name":"wp","href":"https:\/\/api.w.org\/{rel}","templated":true}]}}