{"id":4441,"date":"2014-08-20T23:59:25","date_gmt":"2014-08-20T21:59:25","guid":{"rendered":"http:\/\/www.rosanerosiamonoi.it\/palermocalcio\/?p=4441"},"modified":"2014-08-21T00:08:33","modified_gmt":"2014-08-20T22:08:33","slug":"ora-sotto-per-duarte-solo-una-piccola-differenza","status":"publish","type":"post","link":"http:\/\/www.rosanerosiamonoi.it\/palermocalcio\/2014\/08\/20\/ora-sotto-per-duarte-solo-una-piccola-differenza\/","title":{"rendered":"Ora sotto per DUARTE solo una piccola differenza &#8230;.."},"content":{"rendered":"<p><a href=\"http:\/\/www.rosanerosiamonoi.it\/palermocalcio\/2014\/07\/09\/palermo-in-ritiro-dal-12-luglio-ci-sara-anche-il-fortissimo-duarte\/duarte-costa-rica-v-uruguay-2-1402791854_660x0\/\" rel=\"attachment wp-att-3267\"><img decoding=\"async\" loading=\"lazy\" class=\"aligncenter size-medium wp-image-3267\" src=\"http:\/\/www.rosanerosiamonoi.it\/palermocalcio\/wp-content\/uploads\/2014\/07\/Duarte-Costa-Rica-v-Uruguay-2-1402791854_660x0-520x322.jpg\" alt=\"Duarte-Costa-Rica-v-Uruguay-2-1402791854_660x0\" width=\"520\" height=\"322\" srcset=\"http:\/\/www.rosanerosiamonoi.it\/palermocalcio\/wp-content\/uploads\/2014\/07\/Duarte-Costa-Rica-v-Uruguay-2-1402791854_660x0-520x322.jpg 520w, http:\/\/www.rosanerosiamonoi.it\/palermocalcio\/wp-content\/uploads\/2014\/07\/Duarte-Costa-Rica-v-Uruguay-2-1402791854_660x0.jpg 660w\" sizes=\"(max-width: 520px) 100vw, 520px\" \/><\/a><\/p>\n<p style=\"text-align: justify;\">Il Palermo prepara ancora un grande colpo in difesa ed aumenta il pressing per <strong>Duarte<\/strong>: la distanza adesso \u00e8 solo di 500mila euro.<\/p>\n<p style=\"text-align: justify;\">Il Palermo nelle prossime ore alzer\u00e0 il pressing sul<strong> Bruges<\/strong> per arrivare a <strong>Oscar Duarte<\/strong>, il difensore costaricano che \u00e8 stato uno dei migliori in assoluto ai <strong>Mondiali di calcio in Brasile 2014<\/strong> che piace molto a noi ma quel che conta di pi\u00f9 sia a Iachini che al presidente Maurizio Zamparini che lo considera una prima scelta.<\/p>\n<p style=\"text-align: justify;\"><strong>L&#8217;offerta rosanera \u00e8 ferma a 2,5 milioni di euro<\/strong>, mentre i belgi ne chiedono almeno 3.<\/p>\n<p style=\"text-align: justify;\">Le parti lavorano alacremente per trovare un accordo a met\u00e0.<\/p>\n<p style=\"text-align: justify;\">Se il Palermo far\u00e0 un ulteriore piccolo sforzo economico, il forte giocatore delCost Rica potrebbe raggiungere i nuovi compagni anche nel giro di pochi giorni.<\/p>\n<p style=\"text-align: justify;\">A riportarlo \u00e8 <strong>Tuttosport<\/strong>.<\/p>\n<p style=\"text-align: justify;\"><a href=\"http:\/\/www.rosanerosiamonoi.it\/palermocalcio\/2014\/08\/20\/ora-sotto-per-duarte-solo-una-piccola-differenza\/jean-armel-kana-biyik2\/\" rel=\"attachment wp-att-4442\"><img decoding=\"async\" loading=\"lazy\" class=\"aligncenter size-medium wp-image-4442\" src=\"http:\/\/www.rosanerosiamonoi.it\/palermocalcio\/wp-content\/uploads\/2014\/08\/Jean-Armel-Kana-Biyik2-520x412.jpg\" alt=\"Jean-Armel-Kana-Biyik2\" width=\"520\" height=\"412\" srcset=\"http:\/\/www.rosanerosiamonoi.it\/palermocalcio\/wp-content\/uploads\/2014\/08\/Jean-Armel-Kana-Biyik2-520x412.jpg 520w, http:\/\/www.rosanerosiamonoi.it\/palermocalcio\/wp-content\/uploads\/2014\/08\/Jean-Armel-Kana-Biyik2.jpg 630w\" sizes=\"(max-width: 520px) 100vw, 520px\" \/><\/a><\/p>\n<p style=\"text-align: justify;\">Per dovere di cronaca \u00e8 confermato anche l&#8217;interesse del Palermo\u00a0<span style=\"color: #141823;\">dalla Francia su <strong>Jean-Armel Kana-Biyik<\/strong> al Palermo. Il camerunense sarebbe in trattative avanzate con i rosanero. 25 anni, difensore, il giocatore non ha pi\u00f9 spazio al Rennes tanto da allenarsi con le riserve. Il suo contratto scade nel 2015.<\/span><\/p>\n<table class=\"auflistung\">\n<tbody>\n<tr>\n<th>Data di nascita:<\/th>\n<td style=\"font-weight: bold; color: #585859;\"><a style=\"color: #1d75a3;\" href=\"http:\/\/www.transfermarkt.it\/aktuell\/waspassiertheute\/aktuell\/new\/datum\/1989-07-03\">03\/lug\/1989<\/a><\/td>\n<\/tr>\n<tr>\n<th>Luogo di nascita:<\/th>\n<td style=\"font-weight: bold; color: #585859;\">Metz\u00a0\u00a0<img decoding=\"async\" id=\"\" class=\"flaggenrahmen\" title=\"Francia\" src=\"http:\/\/www.transfermarkt.it\/images\/flagge\/verysmall\/50.png\" alt=\"Francia\" \/><\/td>\n<\/tr>\n<tr>\n<th>Et\u00e0:<\/th>\n<td style=\"font-weight: bold; color: #585859;\">25<\/td>\n<\/tr>\n<tr>\n<th>Altezza:<\/th>\n<td style=\"font-weight: bold; color: #585859;\">1,83 m<\/td>\n<\/tr>\n<tr>\n<th>Nazionalit\u00e0:<\/th>\n<td style=\"font-weight: bold; color: #585859;\"><img decoding=\"async\" id=\"\" class=\"flaggenrahmen\" title=\"Camerun\" src=\"http:\/\/www.transfermarkt.it\/images\/flagge\/verysmall\/31.png\" alt=\"Camerun\" \/>\u00a0\u00a0Camerun<br \/>\n<img decoding=\"async\" id=\"\" class=\"flaggenrahmen\" title=\"Francia\" src=\"http:\/\/www.transfermarkt.it\/images\/flagge\/verysmall\/50.png\" alt=\"Francia\" \/>\u00a0\u00a0Francia<\/td>\n<\/tr>\n<tr>\n<th>Posizione:<\/th>\n<td style=\"font-weight: bold; color: #585859;\">Difesa &#8211; Difensore centrale<\/td>\n<\/tr>\n<tr>\n<th>Piede:<\/th>\n<td style=\"font-weight: bold; color: #585859;\">destro<\/td>\n<\/tr>\n<tr>\n<th>Procuratore:<\/th>\n<td style=\"font-weight: bold; color: #585859;\"><a style=\"color: #1d75a3;\" title=\"Mondial Promotion\" href=\"http:\/\/www.transfermarkt.it\/mondial-promotion\/beraterfirma\/berater\/926\">Mondial Promotion<\/a><\/td>\n<\/tr>\n<tr>\n<th>Nella squadra dal:<\/th>\n<td style=\"font-weight: bold; color: #585859;\">01\/lug\/2010<\/td>\n<\/tr>\n<tr>\n<th>Scadenza:<\/th>\n<td style=\"font-weight: bold; color: #585859;\">30.06.2015<\/td>\n<\/tr>\n<\/tbody>\n<\/table>\n<p>&nbsp;<\/p>\n<p><span style=\"color: #cccccc;\">Valore di mercato:<\/span><br style=\"color: #cccccc;\" \/><a style=\"color: #333333 !important;\" href=\"http:\/\/www.transfermarkt.it\/jean-armel-kana-biyik\/marktwertverlauf\/spieler\/57404\">5,50<span class=\"waehrung\">\u00a0mln \u20ac<\/span><\/a><\/p>\n","protected":false},"excerpt":{"rendered":"<p>Il Palermo prepara ancora un grande colpo in difesa ed aumenta il pressing per Duarte: la distanza adesso \u00e8 solo di 500mila euro. Il Palermo nelle prossime ore alzer\u00e0 il pressing sul Bruges per arrivare a Oscar Duarte, il difensore costaricano che \u00e8 stato uno dei migliori in assoluto ai Mondiali di calcio in Brasile [&hellip;]<\/p>\n","protected":false},"author":2,"featured_media":3538,"comment_status":"closed","ping_status":"open","sticky":false,"template":"","format":"standard","meta":[],"categories":[1],"tags":[489,488],"_links":{"self":[{"href":"http:\/\/www.rosanerosiamonoi.it\/palermocalcio\/wp-json\/wp\/v2\/posts\/4441"}],"collection":[{"href":"http:\/\/www.rosanerosiamonoi.it\/palermocalcio\/wp-json\/wp\/v2\/posts"}],"about":[{"href":"http:\/\/www.rosanerosiamonoi.it\/palermocalcio\/wp-json\/wp\/v2\/types\/post"}],"author":[{"embeddable":true,"href":"http:\/\/www.rosanerosiamonoi.it\/palermocalcio\/wp-json\/wp\/v2\/users\/2"}],"replies":[{"embeddable":true,"href":"http:\/\/www.rosanerosiamonoi.it\/palermocalcio\/wp-json\/wp\/v2\/comments?post=4441"}],"version-history":[{"count":5,"href":"http:\/\/www.rosanerosiamonoi.it\/palermocalcio\/wp-json\/wp\/v2\/posts\/4441\/revisions"}],"predecessor-version":[{"id":4447,"href":"http:\/\/www.rosanerosiamonoi.it\/palermocalcio\/wp-json\/wp\/v2\/posts\/4441\/revisions\/4447"}],"wp:featuredmedia":[{"embeddable":true,"href":"http:\/\/www.rosanerosiamonoi.it\/palermocalcio\/wp-json\/wp\/v2\/media\/3538"}],"wp:attachment":[{"href":"http:\/\/www.rosanerosiamonoi.it\/palermocalcio\/wp-json\/wp\/v2\/media?parent=4441"}],"wp:term":[{"taxonomy":"category","embeddable":true,"href":"http:\/\/www.rosanerosiamonoi.it\/palermocalcio\/wp-json\/wp\/v2\/categories?post=4441"},{"taxonomy":"post_tag","embeddable":true,"href":"http:\/\/www.rosanerosiamonoi.it\/palermocalcio\/wp-json\/wp\/v2\/tags?post=4441"}],"curies":[{"name":"wp","href":"https:\/\/api.w.org\/{rel}","templated":true}]}}