{"id":4472,"date":"2014-08-22T09:36:38","date_gmt":"2014-08-22T07:36:38","guid":{"rendered":"http:\/\/www.rosanerosiamonoi.it\/palermocalcio\/?p=4472"},"modified":"2014-08-22T10:47:34","modified_gmt":"2014-08-22T08:47:34","slug":"calciomercato-hernandez-al-porto","status":"publish","type":"post","link":"http:\/\/www.rosanerosiamonoi.it\/palermocalcio\/2014\/08\/22\/calciomercato-hernandez-al-porto\/","title":{"rendered":"CalcioMercato: Hernandez al Porto o la Juventus ? Si stringe per Duarte&#8230;."},"content":{"rendered":"<h2 style=\"color: #000000; text-align: center;\">CalcioMercato: Hernandez interesserebbe al Porto ed alla Juve<\/h2>\n<p>&nbsp;<\/p>\n<p><a href=\"http:\/\/www.rosanerosiamonoi.it\/palermocalcio\/2013\/09\/02\/hernandez-voglio-andare-via\/hernandez-2\/\" rel=\"attachment wp-att-909\"><img decoding=\"async\" loading=\"lazy\" class=\"aligncenter size-full wp-image-909\" src=\"http:\/\/www.rosanerosiamonoi.it\/palermocalcio\/wp-content\/uploads\/2013\/09\/hernandez-2.jpg\" alt=\"hernandez 2\" width=\"300\" height=\"217\" \/><\/a><\/p>\n<p>&nbsp;<\/p>\n<p style=\"text-align: justify;\">Buone notizie per i tifosi del Palermo infatti sembra che a parte alcune squadre inglesi secondo quanto riportato da\u00a0<strong><i>Antena 1<\/i><\/strong>, il Porto, che potrebbe\u00a0perdere <strong>Jackson Martinez<\/strong>, che interesserebbe ad Inzaghi ed il Milan per sostituire il palermitano<strong> Mario Balotelli<\/strong> ceduto al Liverpool ,\u00a0starebbe pensando alla punta del Palermo <strong>Abel Hernandez<\/strong> per riempire la casella\u00a0lasciata vuota dalla partenza dell&#8217;attaccante colombiano.<\/p>\n<p style=\"text-align: justify;\">Il club lusitano, cos\u00ec sembra, \u00a0stia per apprestarsi , oltre che a prendere <strong>Vincent<\/strong> <strong>Aboubakar del Lorient<\/strong>, che <span style=\"color: #000000;\">Nella Ligue 1 2013\/14 ha messo a segno 16 reti,<\/span>\u00a0anche ad accelerare per prendere l&#8217;attaccante uruguayano del Palermo con grande gioia dei tifosi rosanero che sperano cos\u00ec arrivi un attaccante nuovo oltre a quello in arrivo per sostituire il vuoto lasciato da <strong>Lafferty<\/strong> visto che al di l\u00e0 del modulo per ora usato da Iachini con <strong>Dybala e Vasquez<\/strong> in avanti ma che non me ne voglia mostra di essere molto leggero in avanti, certamente \u00e8<strong> Belotti<\/strong> l&#8217;unica vera punta titolare del Palermo e lo dimostra anche il fatto che\u00a0in ritiro \u00e8 sempre andato in rete per cui bisogna valutare che non si pu\u00f2 fare un campionato di Serie A con il solo Belotti perch\u00e9 accanto a lui necessita possibilmente un ariete od un giocatore di alta classe od entrambi.<\/p>\n<p style=\"text-align: justify;\">E mi fido nell&#8217;acume e nella grande preparazione del nostro allenatore che certamente non vorr\u00e0 anche rischiare di perdere il posto per insistere in soluzioni tattiche che per ora sono obbligate avendo il solo Belotti come vero attaccante in avanti che vede la porta e segna e nella lungimiranza della societ\u00e0 che vorr\u00e0 mettergli a disposizione il miglior attaccante possibile per giocare si con il <strong>3-5-2<\/strong> ma dove i due in avanti siano <strong>Belotti e &#8230;.. il migliore attaccante preso in questi ultimi giorni di mercato &#8230;.. <\/strong>cosa che non caricherebbe di troppe responsabilit\u00e0 n\u00e9 Dybala n\u00e9 Vasquez e che sono certo avrebbero anche il loro spazio a seconda degli avversari da affrontare e come desidera la societ\u00e0 e potrebbero crescere senza il rischio di bruciarsi avendo certamente delle ottime qualit\u00e0.<\/p>\n<p style=\"text-align: justify;\"><span style=\"color: #000000;\">Ma non \u00e8 finita &#8230;.. nelle ultime ore sembra ci siano stati nuovi contatti tra la<strong> Juventus<\/strong> ed il Palermo. <\/span><\/p>\n<p style=\"text-align: justify;\"><span style=\"color: #000000;\">Hernandez sarebbe un valida\u00a0alternativa alla soluzione pi\u00f9 costosa di <strong>Radamel Falcao<\/strong> del Monaco, la Juventus ci sta pensando e studia\u00a0questa possibilit\u00e0. <\/span><\/p>\n<p style=\"text-align: justify;\"><span style=\"color: #000000;\">Come \u00e8 noto ormai il cartellino dell&#8217;attaccante uruguaiano \u00e8 diviso tra <strong>Palermo e Penaro<\/strong>l in percentuali diverse, ma la sensazione \u00e8 che si potrebbe trovare una soluzione per favorire il trasferimento. <\/span><\/p>\n<p style=\"text-align: justify;\"><span style=\"color: #000000;\">Hernandez infatti dopo anni a Palermo ha voglia di cambiare aria ed i tifosi non aspettano altro e quindi per ora tifano che vada in porto una soluzione positiva alla sua cessione definitiva. <\/span><\/p>\n<p style=\"text-align: justify;\"><span style=\"color: #000000;\">Da non dimenticare come detto che attualmente c&#8217; anche una pista inglese che sembra essere quella privilegiata ma da verificare alla luce di queste ultime novit\u00e0 (Sunderland, Newcastle e West Ham).<\/span><\/p>\n<p style=\"text-align: justify;\"><strong>\u00a0<\/strong><\/p>\n<p style=\"text-align: justify;\"><a href=\"http:\/\/www.rosanerosiamonoi.it\/palermocalcio\/2014\/07\/06\/pavoletti-su-di-lui-palermo-e-genoa\/pavoletti\/\" rel=\"attachment wp-att-3235\"><img decoding=\"async\" loading=\"lazy\" class=\"aligncenter size-medium wp-image-3235\" src=\"http:\/\/www.rosanerosiamonoi.it\/palermocalcio\/wp-content\/uploads\/2014\/07\/pavoletti-520x339.jpg\" alt=\"pavoletti\" width=\"520\" height=\"339\" srcset=\"http:\/\/www.rosanerosiamonoi.it\/palermocalcio\/wp-content\/uploads\/2014\/07\/pavoletti-520x339.jpg 520w, http:\/\/www.rosanerosiamonoi.it\/palermocalcio\/wp-content\/uploads\/2014\/07\/pavoletti.jpg 800w\" sizes=\"(max-width: 520px) 100vw, 520px\" \/><\/a><\/p>\n<p style=\"text-align: justify;\">Per questo \u00a0i pi\u00f9 accreditati possono essere nel primo caso anche <strong>Pavoletti<\/strong> ed io aggiungerei ancora <strong>Mancosu<\/strong> e per la punta di qualit\u00e0 l&#8217;attaccante del Costarica<strong> Ruiz<\/strong>\u00a0che se arrivasse con <strong>Duarte<\/strong> costituirebbe gi\u00e0 una coppia collaudata uno in difesa e l&#8217;altro in attacco entrambi reduci da straordinarie esibizioni ai Mondiali in Brasile.<\/p>\n<p style=\"text-align: justify;\"><a href=\"http:\/\/www.rosanerosiamonoi.it\/palermocalcio\/2014\/07\/10\/oggi-incontro-per-portare-ruiz-al-palermo\/ruiz\/\" rel=\"attachment wp-att-3273\"><img decoding=\"async\" loading=\"lazy\" class=\"aligncenter size-medium wp-image-3273\" src=\"http:\/\/www.rosanerosiamonoi.it\/palermocalcio\/wp-content\/uploads\/2014\/07\/ruiz-520x346.jpg\" alt=\"ruiz\" width=\"520\" height=\"346\" srcset=\"http:\/\/www.rosanerosiamonoi.it\/palermocalcio\/wp-content\/uploads\/2014\/07\/ruiz-520x346.jpg 520w, http:\/\/www.rosanerosiamonoi.it\/palermocalcio\/wp-content\/uploads\/2014\/07\/ruiz.jpg 960w\" sizes=\"(max-width: 520px) 100vw, 520px\" \/><\/a><\/p>\n<p style=\"text-align: justify;\"><strong>Con la partenza di Hernandez e l&#8217;arrivo di due di loro il Palermo sarebbe non solo forte ma fortissimo<\/strong> e, senza nessuna offesa, decisamente incisivo in avanti fermo restando che in corso di partita sia Vasquez che Dybala potrebbero anche\u00a0questi ultimi potrebbero\u00a0dare il loro prezioso contributo ed il Presidente Zamparini avrebbe a nostro giudizio raggiunto il suo scopo di avere una squadra che gi\u00e0 da quest&#8217;anno pu\u00f2 lottare per un posto nelle Coppe.<\/p>\n<p style=\"text-align: justify;\">\n<p style=\"text-align: justify;\"><a href=\"http:\/\/www.rosanerosiamonoi.it\/palermocalcio\/2014\/07\/26\/per-la-difesa-si-guarda-al-catania\/duarte_costarica\/\" rel=\"attachment wp-att-3538\"><img decoding=\"async\" loading=\"lazy\" class=\"aligncenter size-medium wp-image-3538\" src=\"http:\/\/www.rosanerosiamonoi.it\/palermocalcio\/wp-content\/uploads\/2014\/07\/duarte_costarica-520x332.jpg\" alt=\"duarte_costarica\" width=\"520\" height=\"332\" srcset=\"http:\/\/www.rosanerosiamonoi.it\/palermocalcio\/wp-content\/uploads\/2014\/07\/duarte_costarica-520x332.jpg 520w, http:\/\/www.rosanerosiamonoi.it\/palermocalcio\/wp-content\/uploads\/2014\/07\/duarte_costarica.jpg 600w\" sizes=\"(max-width: 520px) 100vw, 520px\" \/><\/a><\/p>\n<p style=\"text-align: justify;\">\n<p style=\"text-align: justify;\"><a href=\"http:\/\/www.rosanerosiamonoi.it\/palermocalcio\/2014\/07\/09\/palermo-in-ritiro-dal-12-luglio-ci-sara-anche-il-fortissimo-duarte\/duarte-costa-rica-v-uruguay-2-1402791854_660x0\/\" rel=\"attachment wp-att-3267\"><img decoding=\"async\" loading=\"lazy\" class=\"aligncenter size-medium wp-image-3267\" src=\"http:\/\/www.rosanerosiamonoi.it\/palermocalcio\/wp-content\/uploads\/2014\/07\/Duarte-Costa-Rica-v-Uruguay-2-1402791854_660x0-520x322.jpg\" alt=\"Duarte-Costa-Rica-v-Uruguay-2-1402791854_660x0\" width=\"520\" height=\"322\" srcset=\"http:\/\/www.rosanerosiamonoi.it\/palermocalcio\/wp-content\/uploads\/2014\/07\/Duarte-Costa-Rica-v-Uruguay-2-1402791854_660x0-520x322.jpg 520w, http:\/\/www.rosanerosiamonoi.it\/palermocalcio\/wp-content\/uploads\/2014\/07\/Duarte-Costa-Rica-v-Uruguay-2-1402791854_660x0.jpg 660w\" sizes=\"(max-width: 520px) 100vw, 520px\" \/><\/a><\/p>\n<p style=\"text-align: justify;\">\n<p style=\"text-align: justify;\">Infine come riporta anche la Gazzetta dello sport ma vi abbiamo dato notizia subito dopo i mondiali l<span style=\"color: #000000;\">&#8216;obiettivo primario in casa rosanero resta sempre <strong>Duarte<\/strong> del Bruges, il forte giocatore costaricano che ha ben impressionato agli ultimi mondiali ha un costo elevato, il Palermo sta lavorando per riuscire a ridurre i costi dell&#8217;operazione e portare il difensore in Sicilia.<\/span><\/p>\n<p style=\"text-align: justify;\">\n<p style=\"text-align: justify;\"><a href=\"http:\/\/www.rosanerosiamonoi.it\/palermocalcio\/2014\/08\/18\/storari-chiede-di-andare-al-sassuolo-la-juve-cerca\/portanova\/\" rel=\"attachment wp-att-4400\"><img decoding=\"async\" loading=\"lazy\" class=\"aligncenter size-full wp-image-4400\" src=\"http:\/\/www.rosanerosiamonoi.it\/palermocalcio\/wp-content\/uploads\/2014\/08\/portanova.jpg\" alt=\"portanova\" width=\"300\" height=\"188\" \/><\/a><\/p>\n<p style=\"text-align: justify;\">\n<p style=\"text-align: justify;\">\n<p style=\"text-align: justify;\"><span style=\"color: #000000;\">Mentre fra le operazioni minori sembra ormai <strong>chius0 lo scambio tra Terzi e Portanova con il Genoa<\/strong>.\u00a0<\/span><\/p>\n","protected":false},"excerpt":{"rendered":"<p>CalcioMercato: Hernandez interesserebbe al Porto ed alla Juve &nbsp; &nbsp; Buone notizie per i tifosi del Palermo infatti sembra che a parte alcune squadre inglesi secondo quanto riportato da\u00a0Antena 1, il Porto, che potrebbe\u00a0perdere Jackson Martinez, che interesserebbe ad Inzaghi ed il Milan per sostituire il palermitano Mario Balotelli ceduto al Liverpool ,\u00a0starebbe pensando alla [&hellip;]<\/p>\n","protected":false},"author":2,"featured_media":2061,"comment_status":"closed","ping_status":"open","sticky":false,"template":"","format":"standard","meta":[],"categories":[1],"tags":[18,488,385,492],"_links":{"self":[{"href":"http:\/\/www.rosanerosiamonoi.it\/palermocalcio\/wp-json\/wp\/v2\/posts\/4472"}],"collection":[{"href":"http:\/\/www.rosanerosiamonoi.it\/palermocalcio\/wp-json\/wp\/v2\/posts"}],"about":[{"href":"http:\/\/www.rosanerosiamonoi.it\/palermocalcio\/wp-json\/wp\/v2\/types\/post"}],"author":[{"embeddable":true,"href":"http:\/\/www.rosanerosiamonoi.it\/palermocalcio\/wp-json\/wp\/v2\/users\/2"}],"replies":[{"embeddable":true,"href":"http:\/\/www.rosanerosiamonoi.it\/palermocalcio\/wp-json\/wp\/v2\/comments?post=4472"}],"version-history":[{"count":8,"href":"http:\/\/www.rosanerosiamonoi.it\/palermocalcio\/wp-json\/wp\/v2\/posts\/4472\/revisions"}],"predecessor-version":[{"id":4486,"href":"http:\/\/www.rosanerosiamonoi.it\/palermocalcio\/wp-json\/wp\/v2\/posts\/4472\/revisions\/4486"}],"wp:featuredmedia":[{"embeddable":true,"href":"http:\/\/www.rosanerosiamonoi.it\/palermocalcio\/wp-json\/wp\/v2\/media\/2061"}],"wp:attachment":[{"href":"http:\/\/www.rosanerosiamonoi.it\/palermocalcio\/wp-json\/wp\/v2\/media?parent=4472"}],"wp:term":[{"taxonomy":"category","embeddable":true,"href":"http:\/\/www.rosanerosiamonoi.it\/palermocalcio\/wp-json\/wp\/v2\/categories?post=4472"},{"taxonomy":"post_tag","embeddable":true,"href":"http:\/\/www.rosanerosiamonoi.it\/palermocalcio\/wp-json\/wp\/v2\/tags?post=4472"}],"curies":[{"name":"wp","href":"https:\/\/api.w.org\/{rel}","templated":true}]}}