{"id":4480,"date":"2014-08-22T10:30:21","date_gmt":"2014-08-22T08:30:21","guid":{"rendered":"http:\/\/www.rosanerosiamonoi.it\/palermocalcio\/?p=4480"},"modified":"2014-08-22T10:32:12","modified_gmt":"2014-08-22T08:32:12","slug":"vojislav-stankovic-lunedi-a-palermo-per-visite-mediche-e-firma","status":"publish","type":"post","link":"http:\/\/www.rosanerosiamonoi.it\/palermocalcio\/2014\/08\/22\/vojislav-stankovic-lunedi-a-palermo-per-visite-mediche-e-firma\/","title":{"rendered":"Vojislav Stankovic luned\u00ec a Palermo per visite mediche e firma."},"content":{"rendered":"<p style=\"text-align: justify;\">Come anticipato nei giorni scorsi il Palermo ha un nuovo forte centrale difensivo, il serbo <strong>Vojislav Stankovic<\/strong>: l&#8217;affare \u00e8 ufficialmente concluso ed il giocatore<strong> sbarcher\u00e0 in Sicilia il prossimo luned\u00ec , 25 Agosto,\u00a0per effettuare le visite mediche e firmare il nuovo contratto con la societ\u00e0 di Viale del Fante.<\/strong><\/p>\n<p style=\"text-align: justify;\"><a href=\"http:\/\/www.rosanerosiamonoi.it\/palermocalcio\/2014\/08\/20\/stankovic-dal-partizan-a-palermo-soffiato-alla-lazio-contratto-triennale-video\/stankovic\/\" rel=\"attachment wp-att-4430\"><img decoding=\"async\" loading=\"lazy\" class=\"aligncenter size-full wp-image-4430\" src=\"http:\/\/www.rosanerosiamonoi.it\/palermocalcio\/wp-content\/uploads\/2014\/08\/stankovic.jpg\" alt=\"stankovic\" width=\"259\" height=\"195\" \/><\/a><\/p>\n<p style=\"text-align: justify;\">Come anticipato da noi il difensore che ieri ha giocato titolare nella sua squadra impegnata nelle coppe con la fascia di capitano firmer\u00e0 un contratto triennale da 600mila euro a stagione e si metter\u00e0 subito a disposizione di mister Iachini.<br \/>\nAdesso con Milanovic e l&#8217;altro serbo Andelkovic abbiamo una difesa fortissima &#8230;&#8230;..<\/p>\n<p style=\"text-align: justify;\"><strong>Vojislav Stankovi\u0107 <\/strong>\u00e8 un calciatore serbo, difensore ( centrale difensivo sinistro) del Partizan Belgrado.<\/p>\n<p style=\"text-align: justify;\">Data di nascita: 22 settembre 1987 (et\u00e0 26), Vranje, Serbia<\/p>\n<p style=\"text-align: justify;\">Altezza: 1,90 m<\/p>\n<p style=\"text-align: justify;\">Peso: 84 kg<\/p>\n<p style=\"text-align: justify;\">Squadra attuale: Fudbalski klub Partizan<\/p>\n<p style=\"text-align: justify;\">Durante la sua carriera ha vestito le maglie di Dinamo Vranje, OFK Belgrado e Partizan Belgrado.<\/p>\n<p style=\"text-align: justify;\">Il 24 agosto 2010 ha segnato il calcio di rigore decisivo nella partita Anderlecht-Partizan 2-2, permettendo alla propria squadra di accedere alla fase a gironi della Champions League[1].<\/p>\n<p style=\"text-align: justify;\">Il 7 aprile 2010 ha rappresentato la Nazionale serba nella partita Giappone-Serbia 0-3 giocata ad Osaka.<\/p>\n<p style=\"text-align: justify;\"><iframe loading=\"lazy\" src=\"\/\/www.youtube.com\/embed\/whkh-rCq3Hk\" width=\"540\" height=\"405\" frameborder=\"0\" allowfullscreen=\"allowfullscreen\"><\/iframe><\/p>\n","protected":false},"excerpt":{"rendered":"<p>Come anticipato nei giorni scorsi il Palermo ha un nuovo forte centrale difensivo, il serbo Vojislav Stankovic: l&#8217;affare \u00e8 ufficialmente concluso ed il giocatore sbarcher\u00e0 in Sicilia il prossimo luned\u00ec , 25 Agosto,\u00a0per effettuare le visite mediche e firmare il nuovo contratto con la societ\u00e0 di Viale del Fante. Come anticipato da noi il difensore [&hellip;]<\/p>\n","protected":false},"author":2,"featured_media":4429,"comment_status":"closed","ping_status":"open","sticky":false,"template":"","format":"standard","meta":[],"categories":[1],"tags":[487],"_links":{"self":[{"href":"http:\/\/www.rosanerosiamonoi.it\/palermocalcio\/wp-json\/wp\/v2\/posts\/4480"}],"collection":[{"href":"http:\/\/www.rosanerosiamonoi.it\/palermocalcio\/wp-json\/wp\/v2\/posts"}],"about":[{"href":"http:\/\/www.rosanerosiamonoi.it\/palermocalcio\/wp-json\/wp\/v2\/types\/post"}],"author":[{"embeddable":true,"href":"http:\/\/www.rosanerosiamonoi.it\/palermocalcio\/wp-json\/wp\/v2\/users\/2"}],"replies":[{"embeddable":true,"href":"http:\/\/www.rosanerosiamonoi.it\/palermocalcio\/wp-json\/wp\/v2\/comments?post=4480"}],"version-history":[{"count":3,"href":"http:\/\/www.rosanerosiamonoi.it\/palermocalcio\/wp-json\/wp\/v2\/posts\/4480\/revisions"}],"predecessor-version":[{"id":4483,"href":"http:\/\/www.rosanerosiamonoi.it\/palermocalcio\/wp-json\/wp\/v2\/posts\/4480\/revisions\/4483"}],"wp:featuredmedia":[{"embeddable":true,"href":"http:\/\/www.rosanerosiamonoi.it\/palermocalcio\/wp-json\/wp\/v2\/media\/4429"}],"wp:attachment":[{"href":"http:\/\/www.rosanerosiamonoi.it\/palermocalcio\/wp-json\/wp\/v2\/media?parent=4480"}],"wp:term":[{"taxonomy":"category","embeddable":true,"href":"http:\/\/www.rosanerosiamonoi.it\/palermocalcio\/wp-json\/wp\/v2\/categories?post=4480"},{"taxonomy":"post_tag","embeddable":true,"href":"http:\/\/www.rosanerosiamonoi.it\/palermocalcio\/wp-json\/wp\/v2\/tags?post=4480"}],"curies":[{"name":"wp","href":"https:\/\/api.w.org\/{rel}","templated":true}]}}