{"id":4527,"date":"2014-08-24T17:24:44","date_gmt":"2014-08-24T15:24:44","guid":{"rendered":"http:\/\/www.rosanerosiamonoi.it\/palermocalcio\/?p=4527"},"modified":"2014-08-24T17:27:28","modified_gmt":"2014-08-24T15:27:28","slug":"calciomercato-chiusi-altri-due-difensori","status":"publish","type":"post","link":"http:\/\/www.rosanerosiamonoi.it\/palermocalcio\/2014\/08\/24\/calciomercato-chiusi-altri-due-difensori\/","title":{"rendered":"CALCIOMERCATO. Chiusi altri due difensori ."},"content":{"rendered":"<p style=\"text-align: justify;\"><span style=\"color: #000000;\">Palermo sempre pi\u00f9 internazionale. Accelerata nella campagna acquisti per rinforzare il Palermo con elementi di grande spessore. I fari della societ\u00e0 di Via del Fante si sono riaccesi sul mercato estero\u00a0per portare in maglia rosanero gli elementi di prima fascia selezionati per inforzare la squadra in tutti i ruoli e cos\u00ec registraiamo che sono affari fatti quelli dell&#8217;esterno brasiliano \u00a0<strong>Emerson<\/strong> e del centrale difensivo Serbo <strong>Stankovic<\/strong>.<\/span><\/p>\n<p style=\"text-align: justify;\"><strong>Il primo , <span style=\"color: #222222;\">Emerson Palmieri, classe \u201894,\u00a0<strong style=\"color: #000000;\">\u00a0\u00e8 un terzino che arriva dal Santos, ieri ha svolto le visite mediche,<\/strong><span style=\"color: #000000;\">\u00a0prima del via libera deve risolvere alcuni cavilli burocratici in Brasile.<\/span><\/span><\/strong><\/p>\n<p style=\"text-align: justify;\"><span style=\"color: #000000;\"><strong><span style=\"color: #222222;\"><a href=\"http:\/\/www.rosanerosiamonoi.it\/palermocalcio\/2014\/08\/24\/calciomercato-chiusi-altri-due-difensori\/emerson-palmieri-470x305\/\" rel=\"attachment wp-att-4528\"><img decoding=\"async\" loading=\"lazy\" class=\"aligncenter size-full wp-image-4528\" src=\"http:\/\/www.rosanerosiamonoi.it\/palermocalcio\/wp-content\/uploads\/2014\/08\/emerson-palmieri-470x305.jpg\" alt=\"emerson-palmieri-470x305\" width=\"470\" height=\"305\" \/><\/a><\/span><br \/>\n<\/strong><\/span><\/p>\n<p style=\"text-align: justify;\"><span style=\"color: #222222;\">Iachini ottiene un giocatore giovane ma con gi\u00e0 una discreta esperienza alle spalle: Emerson infatti \u00e8 stato protagonista oltre che con la gloriosa casacca del Peixe anche con la maglia della Nazionale Under 17 brasiliana, con la quale ha partecipato al Mondiale nel 2011 in Messico.<\/span><\/p>\n<p style=\"text-align: justify;\">Domani sar\u00e0 il giorno di\u00a0<strong>Stankovic, difensore del Partizan Belgrado <\/strong>che svolger\u00e0 le visite mediche a Palermo \u00a0e poi la firma del contratto per vestire cos\u00ec alla ripresa degli allenamenti gi\u00e0 da marted\u00ec la maglia del Palermo.<\/p>\n<p style=\"text-align: justify;\">\n<p style=\"text-align: justify;\"><a href=\"http:\/\/www.rosanerosiamonoi.it\/palermocalcio\/2014\/08\/20\/stankovic-dal-partizan-a-palermo-soffiato-alla-lazio-contratto-triennale-video\/stankovic-primo-piano\/\" rel=\"attachment wp-att-4429\"><img decoding=\"async\" loading=\"lazy\" class=\"aligncenter size-medium wp-image-4429\" src=\"http:\/\/www.rosanerosiamonoi.it\/palermocalcio\/wp-content\/uploads\/2014\/08\/stankovic-primo-piano-520x390.jpg\" alt=\"stankovic  primo piano\" width=\"520\" height=\"390\" srcset=\"http:\/\/www.rosanerosiamonoi.it\/palermocalcio\/wp-content\/uploads\/2014\/08\/stankovic-primo-piano-520x390.jpg 520w, http:\/\/www.rosanerosiamonoi.it\/palermocalcio\/wp-content\/uploads\/2014\/08\/stankovic-primo-piano.jpg 810w\" sizes=\"(max-width: 520px) 100vw, 520px\" \/><\/a><\/p>\n<p style=\"text-align: justify;\">\n<p style=\"text-align: justify;\">\n<p style=\"text-align: justify;\">Pronta risposta della societ\u00e0 alle carenze mostrate dalla squadra in Coppa Italia &#8230; ci sembra proprio alla grande ed adesso attenzione puntata sul<strong> possibile arrivo di almeno due punte<\/strong> vista la partenza di Malele e Lafferty e la scontata partenza di Hernandez che ormai ha fatto il suo tempo a Palermo e come ci scrivono tutti i tifosi si augurano che quanto prima venga ceduto lasciando il posto libero all&#8217;arrivo di un vero attaccante &#8230;. tenuto conto che in organico \u00e8 rimasto il solo Belotti.<\/p>\n<p style=\"text-align: justify;\">\n<p style=\"text-align: justify;\">\n<p style=\"text-align: justify;\"><a href=\"http:\/\/www.rosanerosiamonoi.it\/palermocalcio\/2014\/01\/09\/calciomercato-hernandez-dove-andra\/hernandez_abel_palermo_getty\/\" rel=\"attachment wp-att-2061\"><img decoding=\"async\" loading=\"lazy\" class=\"aligncenter size-medium wp-image-2061\" src=\"http:\/\/www.rosanerosiamonoi.it\/palermocalcio\/wp-content\/uploads\/2014\/01\/hernandez_abel_palermo_getty-520x325.jpg\" alt=\"hernandez_abel_palermo_getty\" width=\"520\" height=\"325\" srcset=\"http:\/\/www.rosanerosiamonoi.it\/palermocalcio\/wp-content\/uploads\/2014\/01\/hernandez_abel_palermo_getty-520x325.jpg 520w, http:\/\/www.rosanerosiamonoi.it\/palermocalcio\/wp-content\/uploads\/2014\/01\/hernandez_abel_palermo_getty.jpg 738w\" sizes=\"(max-width: 520px) 100vw, 520px\" \/><\/a><\/p>\n<p style=\"text-align: justify;\">\n<p style=\"text-align: justify;\">\n<p style=\"text-align: justify;\">Ultime notizie.\u00a0<span style=\"color: #000000;\">Capitolo <strong>Hernandez<\/strong>. Non era neppure in panchina ieri in Coppa Italia: Benfica e Porto si sfidano per l&#8217;attaccante uruguaiano.\u00a0<\/span><\/p>\n<p style=\"text-align: justify;\"><span style=\"color: #000000;\">Il club lusitano, allenato da <strong>Jeorge Jesus<\/strong>, starebbe per presentare al presidente Zamparini un&#8217;offerta ufficiale per aggiudicarsi la punta uruguayana del Palermo: 12 milioni. Nei giorni scorsi abbiamo visto come lo stesso patron rosa aveva fissato in 12-15 milioni il prezzo base dal quale si pu\u00f2 partire per cominciare a trattare Hernandez. <\/span><\/p>\n<p style=\"text-align: justify;\"><span style=\"color: #000000;\">Come ormai tutti sperano l&#8217;esperienza calcistica in rosanero della Joya sembra essere arrivata a termine, per lui si prospetta un futuro con le &#8216;Aquile&#8217; ed a lui auguriamo di potere avere l\u00ec tanti successi.<\/span><\/p>\n<p style=\"text-align: justify;\"><span style=\"color: #000000;\">il suo agente Pablo Betancourt ha confermato alla stampa portoghese: &#8221;\u00a0<\/span><i style=\"color: #000000;\">Il Benfica non ha ancora concretizzato un&#8217;offerta formale per Hernandez<\/i><span style=\"color: #000000;\">\u00a0&#8211; ha detto Betancourt a O Jogo &#8211;<\/span><i style=\"color: #000000;\">\u00a0ma \u00e8 vero che ci sono contatti col Palermo e la trattativa continua. Hanno inoltre gi\u00e0 parlato col giocatore. Maxi Pereira lo ha chiamato per parlare del Benfica e di quel che lo aspetta. Non lo ha chiamato per convincerlo, Hernandez non ha bisogno di convincersi per andare al Benfica. Stiamo parlando di un grande club e sarebbe una scelta eccellente<\/i><span style=\"color: #000000;\">&#8220;.<\/span><\/p>\n","protected":false},"excerpt":{"rendered":"<p>Palermo sempre pi\u00f9 internazionale. Accelerata nella campagna acquisti per rinforzare il Palermo con elementi di grande spessore. I fari della societ\u00e0 di Via del Fante si sono riaccesi sul mercato estero\u00a0per portare in maglia rosanero gli elementi di prima fascia selezionati per inforzare la squadra in tutti i ruoli e cos\u00ec registraiamo che sono affari [&hellip;]<\/p>\n","protected":false},"author":2,"featured_media":4528,"comment_status":"closed","ping_status":"open","sticky":false,"template":"","format":"standard","meta":[],"categories":[1],"tags":[496,487],"_links":{"self":[{"href":"http:\/\/www.rosanerosiamonoi.it\/palermocalcio\/wp-json\/wp\/v2\/posts\/4527"}],"collection":[{"href":"http:\/\/www.rosanerosiamonoi.it\/palermocalcio\/wp-json\/wp\/v2\/posts"}],"about":[{"href":"http:\/\/www.rosanerosiamonoi.it\/palermocalcio\/wp-json\/wp\/v2\/types\/post"}],"author":[{"embeddable":true,"href":"http:\/\/www.rosanerosiamonoi.it\/palermocalcio\/wp-json\/wp\/v2\/users\/2"}],"replies":[{"embeddable":true,"href":"http:\/\/www.rosanerosiamonoi.it\/palermocalcio\/wp-json\/wp\/v2\/comments?post=4527"}],"version-history":[{"count":4,"href":"http:\/\/www.rosanerosiamonoi.it\/palermocalcio\/wp-json\/wp\/v2\/posts\/4527\/revisions"}],"predecessor-version":[{"id":4537,"href":"http:\/\/www.rosanerosiamonoi.it\/palermocalcio\/wp-json\/wp\/v2\/posts\/4527\/revisions\/4537"}],"wp:featuredmedia":[{"embeddable":true,"href":"http:\/\/www.rosanerosiamonoi.it\/palermocalcio\/wp-json\/wp\/v2\/media\/4528"}],"wp:attachment":[{"href":"http:\/\/www.rosanerosiamonoi.it\/palermocalcio\/wp-json\/wp\/v2\/media?parent=4527"}],"wp:term":[{"taxonomy":"category","embeddable":true,"href":"http:\/\/www.rosanerosiamonoi.it\/palermocalcio\/wp-json\/wp\/v2\/categories?post=4527"},{"taxonomy":"post_tag","embeddable":true,"href":"http:\/\/www.rosanerosiamonoi.it\/palermocalcio\/wp-json\/wp\/v2\/tags?post=4527"}],"curies":[{"name":"wp","href":"https:\/\/api.w.org\/{rel}","templated":true}]}}