{"id":4539,"date":"2014-08-24T18:19:16","date_gmt":"2014-08-24T16:19:16","guid":{"rendered":"http:\/\/www.rosanerosiamonoi.it\/palermocalcio\/?p=4539"},"modified":"2014-08-24T18:19:16","modified_gmt":"2014-08-24T16:19:16","slug":"zamparini-giusti-i-fischi-del-pubblico","status":"publish","type":"post","link":"http:\/\/www.rosanerosiamonoi.it\/palermocalcio\/2014\/08\/24\/zamparini-giusti-i-fischi-del-pubblico\/","title":{"rendered":"Zamparini : &#8220;Giusti i fischi del pubblico&#8221;"},"content":{"rendered":"<p style=\"text-align: justify;\"><a href=\"http:\/\/www.rosanerosiamonoi.it\/palermocalcio\/2014\/04\/25\/iachini-niente-regali-da-nessuno-la-serie-a-ce-la-guadagnamo-da-soli\/zamparini-e-contdown-a-zero-traguardo-raggiunto\/\" rel=\"attachment wp-att-2827\"><img decoding=\"async\" loading=\"lazy\" class=\"aligncenter size-medium wp-image-2827\" src=\"http:\/\/www.rosanerosiamonoi.it\/palermocalcio\/wp-content\/uploads\/2014\/04\/Zamparini-e-contdown-a-zero-traguardo-raggiunto-520x316.jpg\" alt=\"Zamparini e contdown a zero - traguardo raggiunto\" width=\"520\" height=\"316\" srcset=\"http:\/\/www.rosanerosiamonoi.it\/palermocalcio\/wp-content\/uploads\/2014\/04\/Zamparini-e-contdown-a-zero-traguardo-raggiunto-520x316.jpg 520w, http:\/\/www.rosanerosiamonoi.it\/palermocalcio\/wp-content\/uploads\/2014\/04\/Zamparini-e-contdown-a-zero-traguardo-raggiunto.jpg 658w\" sizes=\"(max-width: 520px) 100vw, 520px\" \/><\/a><\/p>\n<p style=\"text-align: justify;\">\n<p style=\"text-align: justify;\">Contattato dal quotidiano <strong>La Repubblica<\/strong>, il presidente del Palermo <strong>Maurizio Zamparini<\/strong>\u00a0non si \u00e8 sottratto ai commenti alla pesante sconfitta maturata ieri al Barbera in coppa Italia contro il Modena e la commenta cos\u00ec :<\/p>\n<p style=\"text-align: justify;\"><em> &#8220;Ieri sera \u00e8 successo che ci siamo presentati in condizioni atletiche non giudicabili &#8211; <\/em>dice Zamparini<em> &#8211; si \u00e8 fatto un carico di lavoro eccessivo sulle gambe dei giocatori non tenendo in considerazione che si doveva affrontare una partita ufficiale di Coppa Italia. I nostri avversari correvano, noi no&#8221;.<\/em><\/p>\n<p style=\"text-align: justify;\"><em><span style=\"color: #000000;\">&#8220;Iachini poi ha fatto anche due o tre esperimenti con Milanovic e Feddal che si sono rivelati una scelta azzardata. La squadra che giocher\u00e0 in serie A non potr\u00e0 essere quella di ieri sera che ha perso contro un Modena che nel campionato di B ci \u00e8 arrivato dietro di 25 punti&#8221;.<\/span><\/em><\/p>\n<p style=\"text-align: justify;\">Su Sorrentino che vorrebbe andare alla Juventus dice : &#8220;<span style=\"color: #000000;\">\u00a0&#8220;<em>Spero che Sorrentino resti, abbiamo due ottimi portieri: Ujkani rappresenta il futuro del Palermo, l&#8217;altro ha una certa et\u00e0 che per\u00f2 pu\u00f2 essere ancora molto utile. Fra i due deve giocare chi \u00e8 pi\u00f9 in forma e chi offre pi\u00f9 garanzie&#8221;.<\/em><\/span><\/p>\n<p style=\"text-align: justify;\"><span style=\"color: #000000;\">Parla anche di Abel Heranndez, tenuto fuori nella sfida di Coppa Italia contro il Modena. Un&#8217;esclusione che, secondo il presidente Maurizio Zamparini, non nasconde nessuno scenario di mercato: <em>&#8220;Hernandez non \u00e8 andato nemmeno in panchina perch\u00e9 ha un problema alla caviglia &#8211; <\/em>ha detto il Presidente<em>&#8211; ed \u00e8 stato preservato per il campionato, non per le voci di mercato che lo riguardano. A proposito delle trattative non cambiamo nulla dei nostri programmi, cercheremo solo di affrettare gli arrivi che abbiamo programmato, quello s\u00ec. Di chi si tratta? Tre giocatori importanti, pronti per giocare sin da subito visto che tutti e tre fanno parte delle rispettive rappresentative nazionali&#8221;.<\/em><\/span><\/p>\n<p style=\"text-align: justify;\">Ed i nomi dei nuovi arrivi in difesa li trovate negli articoli precedenti \u00a0e sono nomi che domani o dopodomani al massimo saranno gi\u00e0 disposizione di Iachini.<\/p>\n<p style=\"text-align: justify;\"><em><span style=\"color: #000000;\">&#8220;Capita, i tifosi \u00e8 giusto che fischino. Vorrei vedere chi non lo farebbe dopo una sconfitta per 3-0 in casa all&#8217;esordio stagionale. Una sconfitta come quella di ieri sera in un precampionato pu\u00f2 succedere. A patto che ci insegni qualcosa&#8221;.<\/span><\/em><\/p>\n<p style=\"text-align: justify;\">\n<p style=\"text-align: justify;\">\n","protected":false},"excerpt":{"rendered":"<p>Contattato dal quotidiano La Repubblica, il presidente del Palermo Maurizio Zamparini\u00a0non si \u00e8 sottratto ai commenti alla pesante sconfitta maturata ieri al Barbera in coppa Italia contro il Modena e la commenta cos\u00ec : &#8220;Ieri sera \u00e8 successo che ci siamo presentati in condizioni atletiche non giudicabili &#8211; dice Zamparini &#8211; si \u00e8 fatto un [&hellip;]<\/p>\n","protected":false},"author":2,"featured_media":3088,"comment_status":"closed","ping_status":"open","sticky":false,"template":"","format":"standard","meta":[],"categories":[1],"tags":[41],"_links":{"self":[{"href":"http:\/\/www.rosanerosiamonoi.it\/palermocalcio\/wp-json\/wp\/v2\/posts\/4539"}],"collection":[{"href":"http:\/\/www.rosanerosiamonoi.it\/palermocalcio\/wp-json\/wp\/v2\/posts"}],"about":[{"href":"http:\/\/www.rosanerosiamonoi.it\/palermocalcio\/wp-json\/wp\/v2\/types\/post"}],"author":[{"embeddable":true,"href":"http:\/\/www.rosanerosiamonoi.it\/palermocalcio\/wp-json\/wp\/v2\/users\/2"}],"replies":[{"embeddable":true,"href":"http:\/\/www.rosanerosiamonoi.it\/palermocalcio\/wp-json\/wp\/v2\/comments?post=4539"}],"version-history":[{"count":1,"href":"http:\/\/www.rosanerosiamonoi.it\/palermocalcio\/wp-json\/wp\/v2\/posts\/4539\/revisions"}],"predecessor-version":[{"id":4540,"href":"http:\/\/www.rosanerosiamonoi.it\/palermocalcio\/wp-json\/wp\/v2\/posts\/4539\/revisions\/4540"}],"wp:featuredmedia":[{"embeddable":true,"href":"http:\/\/www.rosanerosiamonoi.it\/palermocalcio\/wp-json\/wp\/v2\/media\/3088"}],"wp:attachment":[{"href":"http:\/\/www.rosanerosiamonoi.it\/palermocalcio\/wp-json\/wp\/v2\/media?parent=4539"}],"wp:term":[{"taxonomy":"category","embeddable":true,"href":"http:\/\/www.rosanerosiamonoi.it\/palermocalcio\/wp-json\/wp\/v2\/categories?post=4539"},{"taxonomy":"post_tag","embeddable":true,"href":"http:\/\/www.rosanerosiamonoi.it\/palermocalcio\/wp-json\/wp\/v2\/tags?post=4539"}],"curies":[{"name":"wp","href":"https:\/\/api.w.org\/{rel}","templated":true}]}}