{"id":4559,"date":"2014-08-25T13:48:19","date_gmt":"2014-08-25T11:48:19","guid":{"rendered":"http:\/\/www.rosanerosiamonoi.it\/palermocalcio\/?p=4559"},"modified":"2014-08-25T13:48:19","modified_gmt":"2014-08-25T11:48:19","slug":"zamparini-iachini-oggi-a-vergiate-arrivano-i-rinforzi","status":"publish","type":"post","link":"http:\/\/www.rosanerosiamonoi.it\/palermocalcio\/2014\/08\/25\/zamparini-iachini-oggi-a-vergiate-arrivano-i-rinforzi\/","title":{"rendered":"Zamparini-Iachini. Oggi a Vergiate, Arrivano i rinforzi"},"content":{"rendered":"<h2 style=\"color: #808080; text-align: center;\"><strong>Zamparini:<\/strong> &#8220;<strong>Emerson \u00e8 nostro, arriveranno altri 2 difensori e un attaccante&#8221;<\/strong><\/h2>\n<p style=\"color: rgb(128, 128, 128); text-align: justify;\">\n<p style=\"color: rgb(128, 128, 128); text-align: justify;\"><a href=\"http:\/\/www.rosanerosiamonoi.it\/palermocalcio\/2014\/04\/25\/iachini-niente-regali-da-nessuno-la-serie-a-ce-la-guadagnamo-da-soli\/zamparini-e-contdown-a-zero-traguardo-raggiunto\/\" rel=\"attachment wp-att-2827\"><img decoding=\"async\" loading=\"lazy\" class=\"aligncenter size-medium wp-image-2827\" src=\"http:\/\/www.rosanerosiamonoi.it\/palermocalcio\/wp-content\/uploads\/2014\/04\/Zamparini-e-contdown-a-zero-traguardo-raggiunto-520x316.jpg\" alt=\"Zamparini e contdown a zero - traguardo raggiunto\" width=\"520\" height=\"316\" srcset=\"http:\/\/www.rosanerosiamonoi.it\/palermocalcio\/wp-content\/uploads\/2014\/04\/Zamparini-e-contdown-a-zero-traguardo-raggiunto-520x316.jpg 520w, http:\/\/www.rosanerosiamonoi.it\/palermocalcio\/wp-content\/uploads\/2014\/04\/Zamparini-e-contdown-a-zero-traguardo-raggiunto.jpg 658w\" sizes=\"(max-width: 520px) 100vw, 520px\" \/><\/a><\/p>\n<p style=\"color: rgb(128, 128, 128); text-align: justify;\">\n<p style=\"color: rgb(102, 102, 102); text-align: justify;\"><strong>Intervistato dall&#8217;edizione odierna della Gazzetta dello Sport<\/strong>, il presidente Maurizio Zamparini ha parlato di ci\u00f2 che secondo il suo parere non ha funzionato nel match di sabato sera perso contro il Modena con conseguente eliminazione dalla Tim Cup, ecco la perole del patron rosanero:<\/p>\n<p style=\"color: rgb(102, 102, 102); text-align: justify;\"><em>&#8220;Oggi vedr\u00f2 il mister e trascorreremo una giornata insieme per parlare di quello che non mi \u00e8 piaciuto sabato sera e di quello che bisogna fare da qui a domenica prossima, giorno del debutto in campionato contro la Sampdoria. <strong>Sbagliato gettare subito nella mischia giocatori che non hanno ancora il passo del calcio italiano. Alludo, per esempio, a Feddal e a Quaison, ragazzi di qualita\u0300 ma che devono ancora crescere.<\/strong><\/em><\/p>\n<p style=\"color: rgb(102, 102, 102); text-align: justify;\">Per quanto riguarda il mercato rosanero,\u00a0Zamparini\u00a0, ha parlato degli innesti che arriveranno e non solo anche dell&#8217;atteggiamento che vuol vedere dai suoi sul terreno di gioco:<\/p>\n<p style=\"color: rgb(102, 102, 102); text-align: justify;\">&#8220;<em>Sara\u0300 im\u00adpossibile che in cosi\u0300 pochi giorni possiamo vedere all&#8217;opera i 2 o 3 innesti che arriveranno a breve, ma al Palermo <strong>bastera\u0300 recuperare Bolzoni, \u00a0Andelkovic e giocare come nello scorso campionato<\/strong>, con lo spirito che ci ha permesso di stravincere la B e che non ho visto neanche lontanamente contro il Modena.&#8221;<\/em><\/p>\n<p style=\"color: rgb(102, 102, 102); text-align: justify;\">E sul mercato dice<em>: &#8220;<strong>Cerchiamo un attaccante che abbia le stesse caratteristiche che aveva Lafferty, anche se confido molto in Dybala, che in A trovera\u0300 piu\u0300 spazio&#8221;<\/strong>.<\/em><\/p>\n<p style=\"color: rgb(102, 102, 102); text-align: justify;\">Ci fa piacere che anche il Presidente si stia convincendo dell&#8217;importanza di fare giocare insieme<strong> Milanovic con Andelkovic<\/strong> e come noi creda nella coppia <strong>Barreto &#8211;\u00a0Bolzoni<\/strong>.<\/p>\n<p style=\"color: rgb(102, 102, 102); text-align: justify;\">E\u00a0comunque continuiamo a precisare che non sottovaluteremmo l&#8217;ipotesi di schierare a centrocampo i giocatori pi\u00f9 dotati che con i primi due sono assolutamente <strong>Maresca come regista<\/strong> e <strong>Rigoni<\/strong> pi\u00f9\u00a0 avanti vicino\u00a0a quella che \u00e8 l&#8217;unica punta per ora vera in organico che \u00e8<strong> Belotti<\/strong> mentre \u00e8 in arrivo un ariete che possa fare coppia con lui.<\/p>\n<p style=\"color: rgb(102, 102, 102); text-align: justify;\">E cos\u00ec <strong>a centrocampo <\/strong>Barreto, Maresca,\u00a0Bolzoni e Rigoni.<strong> In difesa<\/strong> Gonzalez, Milanovic ed Andelkovic ed <strong>in porta<\/strong> Sorrentino<\/p>\n<p style=\"color: rgb(102, 102, 102); text-align: justify;\">Cos\u00ec\u00a0potremmo giocare con il<strong> 3-4-3<\/strong> \u00a0inserendo a seconda delle partite Dybala o Vasquez \u00a0ma con dietro lo ribadiamo un centrocampo di qualit\u00e0 e sostanza che potrebbe diventare anche un <strong>3-4-1-2<\/strong> se Vasquez venisse schierato dietro le due punte titolari cio\u00e8 Belotti ed il nuovo attaccante ariete arrivo.<\/p>\n<p style=\"color: rgb(102, 102, 102); text-align: justify;\">In qualche partita in cui potrebbe essere pi\u00f9 opportuno tornare al <strong>3-5-2<\/strong> si potrebbe dare un turno di riposo a Rigoni od a chi ha pi\u00f9 bisogno di tirare il fiato o per scelta tecnica fra i 4 \u00a0centrocampisti \u00a0, ed inserire sulle fasce Pisano e Lazaar od Emerson se meriter\u00e0 di giocarsi anche lui un posto da titolare e tenuto conto che Feddal e Lazaar mancheranno per diverso tempo per i loro impegni con la Nazionale del Marocco .<\/p>\n<p style=\"color: rgb(102, 102, 102); text-align: justify;\">Maurizio Zamparini sempre in una sua intervista alla\u00a0<strong>&#8220;Gazzetta dello sport&#8221; aveva anticipato quanto detto oggi<\/strong><\/p>\n<p style=\"color: rgb(128, 128, 128); text-align: justify;\">\n<p style=\"color: rgb(128, 128, 128); text-align: justify;\"><strong>Due ore al telefono ieri, il faccia a faccia oggi<\/strong>. Per capire i motivi del black-out nella disastrosa sfida di Coppa Italia contro il Modena, ma aggiungo io che per gli addetti ai lavori ha assolutamente una chiara lettura e lo ha fatto trasparire anche Iachini nell&#8217;intervista dopo-partita, e cercare i rimedi per iniziare alla grande\u00a0contro la Sampdoria domenica prossima nella partita di esordio\u00a0esordio in campionato di Serie A.<\/p>\n<p style=\"color: rgb(128, 128, 128); text-align: justify;\">Il Presidente <strong>Zamparini\u00a0<\/strong>si incontrer\u00e0 con\u00a0<strong>Beppe Iachini<\/strong>\u00a0oggi a casa sua dopo il 3-0 che ha mandato in fumo il passaggio di turno in Coppa Italia<\/p>\n<p style=\"color: rgb(128, 128, 128); text-align: justify;\">&#8220;<em>Cos\u00ec come ha fatto il tecnico, anch&#8217;io chiedo scusa ai tifosi &#8211;<\/em>attacca il presidente<em>-. La verit\u00e0 \u00e8 che non doveva andare in campo quella squadra contro il Modena. Il Palermo doveva passare il turno, non si dovevano fare esperimenti. In campo serviva la squadra che dava pi\u00f9 garanzie. Puoi prendere tre gol dalla Juventus, anche dall&#8217;Atalanta ma non dal Modena che un anno fa \u00e8 arrivato a venticinque punti da noi&#8221;<\/em>.<\/p>\n<p style=\"color: rgb(128, 128, 128); text-align: justify;\">Non ci sono processi, n\u00e8 ce ne saranno oggi: Zamparini ha convocato Iachini per ascoltare e capire come muoversi nei prossimi giorni, anche in sede di calciomercato.<\/p>\n<p style=\"color: rgb(128, 128, 128); text-align: justify;\"><em>&#8220;Fiducia incondizionata per il nostro tecnico, in questo periodo ci stanno brutte figure come questa, in passato era successo anche a noi in Coppa Uefa (col Thun al play off, ndr) &#8211;<\/em>continua Zamparini<em>-. Paghiamo anche una condizione fisica che \u00e8 ancora abbastanza approssimativa, probabilmente si sono fatti sentire i carichi di lavoro. Loro correvano pi\u00f9 di noi. Detto questo a Iachini dir\u00f2 che da qui a domenica prossima voglio vedere un altro atteggiamento e un&#8217;altra squadra, con la Samp non possiamo ripetere la partita di sabato sera. So che i tifosi saranno in preda alla depressione, ma dico di stare tranquilli, il vero Palermo \u00e8 un altro&#8221;.<\/em><\/p>\n<p style=\"color: rgb(128, 128, 128); text-align: justify;\">Come detto sopra oggi <strong>si parler\u00e0 anche di mercato<\/strong>\u00a0ed \u00e8\u00a0probabile che a Vergiate ci sia il ds Ceravolo.<\/p>\n<p style=\"color: rgb(128, 128, 128); text-align: justify;\"><em> &#8220;Siamo consapevoli che qualche altra cosa va fatta &#8211;<\/em>ammette Zamparini<em>-. <strong>Emerson<\/strong> \u00e8 nostro, arriveranno<strong> altri due difensori<\/strong> che sono titolari nelle loro nazionali (<strong>Gonzalez sicuro, Stankovic un p\u00f2 meno perch\u00e8 c&#8217;\u00e8 un problema extracomunitario, ndr)<\/strong> e anche<strong> un attaccante<\/strong>. Hernandez al Benfica? A noi non \u00e8 arrivata nessuna offerta, se si fanno vivi li ascolteremo. <strong>Sorrentino<\/strong> via? Io vorrei che restasse, Ujkani \u00e8 pi\u00f9 giovane e dunque rappresenta il futuro della nostra porta, ma il titolare definitivo lo sceglier\u00e0 il campo&#8221;.<\/em><\/p>\n<p style=\"color: rgb(128, 128, 128); text-align: justify;\">\n<p style=\"color: rgb(128, 128, 128); text-align: justify;\">Conferma il suo pensiero anche a<strong> Tuttosport<\/strong><\/p>\n<p style=\"color: rgb(128, 128, 128); text-align: justify;\">\n<p style=\"color: rgb(102, 102, 102); text-align: justify;\">E&#8217; un <strong>Maurizio Zamparini<\/strong> dispiaciuto quello che dalle colonne di <strong>Tuttosport<\/strong>, parla della batosta rimediata sabato sera in Coppa Italia dal Modena, <strong>chiedendo ufficialmente\u00a0scusa ai propri tifosi per la brutta prova del\u00a0Palermo\u00a0e per la imprevista\u00a0eliminazione dalla Coppa Italia<\/strong>:<\/p>\n<p style=\"color: rgb(102, 102, 102); text-align: justify;\"><em> &#8220;Cos\u00ec come ha fatto il tecnico, <strong>anch&#8217;io chiedo scusa ai tifosi<\/strong>. La verit\u00e0 \u00e8 che non doveva andare in campo quella squadra contro il Modena. Il Palermo doveva passare il turno, non si dovevano fare esperimenti. In campo serviva la squadra che dava pi\u00f9 garanzie. Puoi prendere tre gol dalla Juventus, anche dall&#8217;Atalanta ma non dal Modena che un anno fa \u00e8 arrivato a venticinque punti da noi.<\/em><\/p>\n<p style=\"color: rgb(102, 102, 102); text-align: justify;\"><em><strong> Iachini?<\/strong> ha la piena fiducia da parte mia, in questo periodo ci stanno brutte figure come questa, in passato era successo anche a noi in Coppa Uefa. Paghiamo anche una condizione fisica che \u00e8 ancora abbastanza approssimativa, probabilmente si sono fatti sentire i carichi di lavoro. Loro correvano pi\u00f9 di noi. Detto questo ad Iachini dir\u00f2 che da qui a domenica prossima voglio vedere un altro atteggiamento e un&#8217;altra squadra, con la Sampdoria non possiamo ripetere la partita di sabato sera.<\/em><\/p>\n<p style=\"color: rgb(102, 102, 102); text-align: justify;\"><em>So che i tifosi saranno in preda alla depressione, ma dico di stare tranquilli, il vero Palermo \u00e8 un altro<\/em>&#8220;<\/p>\n<p style=\"color: rgb(102, 102, 102); text-align: justify;\">Infine il Presidente ha parlato anche di mercato e dei rinforzi che arriveranno per completare una squadra ancora poco pronta per affrontare la massima serie, queste\u00a0le parole di Zamparini al quotidiano torinese:<\/p>\n<p style=\"color: rgb(102, 102, 102); text-align: justify;\"><em>&#8220;Siamo consapevoli che qualche altra cosa va fatta. Emerson \u00e8 nostro, arriveranno altri due difensori che sono titolari nelle loro nazionali e anche un attaccante. Hernandez al Benfica? A noi non \u00e8 arrivata nessuna offerta, se si fanno vivi li ascolteremo. Sorrentino via? Io vorrei che restasse, Ujkani \u00e8 pi\u00f9 giovane e dunque rappresenta il futuro della nostra porta, ma il titolare definitivo lo sceglier\u00e0 il campo&#8221;<\/em><\/p>\n<p style=\"text-align: justify;\">\n","protected":false},"excerpt":{"rendered":"<p>Zamparini: &#8220;Emerson \u00e8 nostro, arriveranno altri 2 difensori e un attaccante&#8221; Intervistato dall&#8217;edizione odierna della Gazzetta dello Sport, il presidente Maurizio Zamparini ha parlato di ci\u00f2 che secondo il suo parere non ha funzionato nel match di sabato sera perso contro il Modena con conseguente eliminazione dalla Tim Cup, ecco la perole del patron rosanero: [&hellip;]<\/p>\n","protected":false},"author":2,"featured_media":295,"comment_status":"closed","ping_status":"open","sticky":false,"template":"","format":"standard","meta":[],"categories":[1],"tags":[335],"_links":{"self":[{"href":"http:\/\/www.rosanerosiamonoi.it\/palermocalcio\/wp-json\/wp\/v2\/posts\/4559"}],"collection":[{"href":"http:\/\/www.rosanerosiamonoi.it\/palermocalcio\/wp-json\/wp\/v2\/posts"}],"about":[{"href":"http:\/\/www.rosanerosiamonoi.it\/palermocalcio\/wp-json\/wp\/v2\/types\/post"}],"author":[{"embeddable":true,"href":"http:\/\/www.rosanerosiamonoi.it\/palermocalcio\/wp-json\/wp\/v2\/users\/2"}],"replies":[{"embeddable":true,"href":"http:\/\/www.rosanerosiamonoi.it\/palermocalcio\/wp-json\/wp\/v2\/comments?post=4559"}],"version-history":[{"count":1,"href":"http:\/\/www.rosanerosiamonoi.it\/palermocalcio\/wp-json\/wp\/v2\/posts\/4559\/revisions"}],"predecessor-version":[{"id":4560,"href":"http:\/\/www.rosanerosiamonoi.it\/palermocalcio\/wp-json\/wp\/v2\/posts\/4559\/revisions\/4560"}],"wp:featuredmedia":[{"embeddable":true,"href":"http:\/\/www.rosanerosiamonoi.it\/palermocalcio\/wp-json\/wp\/v2\/media\/295"}],"wp:attachment":[{"href":"http:\/\/www.rosanerosiamonoi.it\/palermocalcio\/wp-json\/wp\/v2\/media?parent=4559"}],"wp:term":[{"taxonomy":"category","embeddable":true,"href":"http:\/\/www.rosanerosiamonoi.it\/palermocalcio\/wp-json\/wp\/v2\/categories?post=4559"},{"taxonomy":"post_tag","embeddable":true,"href":"http:\/\/www.rosanerosiamonoi.it\/palermocalcio\/wp-json\/wp\/v2\/tags?post=4559"}],"curies":[{"name":"wp","href":"https:\/\/api.w.org\/{rel}","templated":true}]}}