{"id":4573,"date":"2014-08-26T13:26:18","date_gmt":"2014-08-26T11:26:18","guid":{"rendered":"http:\/\/www.rosanerosiamonoi.it\/palermocalcio\/?p=4573"},"modified":"2014-08-26T13:27:50","modified_gmt":"2014-08-26T11:27:50","slug":"gonzalez-ed-emerson-nuovi-giocatori-del-palermo","status":"publish","type":"post","link":"http:\/\/www.rosanerosiamonoi.it\/palermocalcio\/2014\/08\/26\/gonzalez-ed-emerson-nuovi-giocatori-del-palermo\/","title":{"rendered":"Gonzalez ed Emerson nuovi giocatori del Palermo"},"content":{"rendered":"<h2 style=\"color: #000000; text-align: center;\">Palermo: In rosa Emerson ed \u00e8 fatta per Gonzalez, c&#8217;\u00e8 la firma<\/h2>\n<p>&nbsp;<\/p>\n<p><a href=\"http:\/\/www.rosanerosiamonoi.it\/palermocalcio\/2014\/08\/24\/calciomercato-chiusi-altri-due-difensori\/emerson-palmieri-470x305\/\" rel=\"attachment wp-att-4528\"><img decoding=\"async\" loading=\"lazy\" class=\"aligncenter size-full wp-image-4528\" src=\"http:\/\/www.rosanerosiamonoi.it\/palermocalcio\/wp-content\/uploads\/2014\/08\/emerson-palmieri-470x305.jpg\" alt=\"emerson-palmieri-470x305\" width=\"470\" height=\"305\" \/><\/a><\/p>\n<p>&nbsp;<\/p>\n<p>&nbsp;<\/p>\n<p>&nbsp;<\/p>\n<p style=\"text-align: justify;\"><span style=\"color: #141823;\" data-ft=\"{&quot;tn&quot;:&quot;K&quot;}\" data-reactid=\".e2.1:3:1:$comment858843457473665_858844524140225:0.0.$right.0.$left.0.0.1:$comment-body\"><span class=\"UFICommentBody\" data-reactid=\".e2.1:3:1:$comment858843457473665_858844524140225:0.0.$right.0.$left.0.0.1:$comment-body.0\"><span data-reactid=\".e2.1:3:1:$comment858843457473665_858844524140225:0.0.$right.0.$left.0.0.1:$comment-body.0.$end:0:$0:0\">Arriva l&#8217;ufficialit\u00e0: <strong>Emerson Palmieri<\/strong> giocher\u00e0 la prossima stagione nel Palermo. Lo ha comunicato con una nota il<strong> sito ufficiale del Santos<\/strong>, club che detiene il cartellino dell\u2019esterno brasiliano. Il Palermo pagher\u00e0 lo stipendio del calciatore.<\/span><\/span><\/span><\/p>\n<p>&nbsp;<\/p>\n<p>&nbsp;<\/p>\n<p><a href=\"http:\/\/www.rosanerosiamonoi.it\/palermocalcio\/2014\/08\/16\/coppa-italia-palermo-modena-il-24-agosto-ore-18-00-oggi-al-barbera\/emerson\/\" rel=\"attachment wp-att-4348\"><img decoding=\"async\" loading=\"lazy\" class=\"aligncenter size-full wp-image-4348\" src=\"http:\/\/www.rosanerosiamonoi.it\/palermocalcio\/wp-content\/uploads\/2014\/08\/emerson.jpg\" alt=\"emerson\" width=\"300\" height=\"216\" \/><\/a><\/p>\n<p>&nbsp;<\/p>\n<p style=\"color: #000000; text-align: justify;\"><strong>Giancarlo Gonzalez<\/strong> \u00e8 ormai praticamente un giocatore del Palermo. Il difensore centrale della Costa Rica che si \u00e8 messo in evidenza in questi ultimi Mondiali in Brasile\u00a0ha firmato in questi minuti il contratto col club di viale del Fante.<\/p>\n<p style=\"color: #000000; text-align: justify;\">Come riferisce di avere raccolto <b>stadionews24<\/b>, l&#8217;agente \u00e8 uscito in questi istanti dalla sede della societ\u00e0, al termine dell&#8217;incontro col direttore sportivo Ceravolo e col presidente Zamparini.<\/p>\n<p style=\"color: #000000; text-align: justify;\"><a href=\"http:\/\/www.rosanerosiamonoi.it\/palermocalcio\/2014\/08\/24\/calciomercato-colpo-grosso-palermo-in-arrivo-giancarlo-gonzalez-dal-costa-rica\/gonzalez-2\/\" rel=\"attachment wp-att-4525\"><img decoding=\"async\" loading=\"lazy\" class=\"aligncenter size-medium wp-image-4525\" src=\"http:\/\/www.rosanerosiamonoi.it\/palermocalcio\/wp-content\/uploads\/2014\/08\/gonzalez1-520x312.jpg\" alt=\"gonzalez\" width=\"520\" height=\"312\" srcset=\"http:\/\/www.rosanerosiamonoi.it\/palermocalcio\/wp-content\/uploads\/2014\/08\/gonzalez1-520x312.jpg 520w, http:\/\/www.rosanerosiamonoi.it\/palermocalcio\/wp-content\/uploads\/2014\/08\/gonzalez1.jpg 990w\" sizes=\"(max-width: 520px) 100vw, 520px\" \/><\/a><\/p>\n","protected":false},"excerpt":{"rendered":"<p>Palermo: In rosa Emerson ed \u00e8 fatta per Gonzalez, c&#8217;\u00e8 la firma &nbsp; &nbsp; &nbsp; &nbsp; Arriva l&#8217;ufficialit\u00e0: Emerson Palmieri giocher\u00e0 la prossima stagione nel Palermo. Lo ha comunicato con una nota il sito ufficiale del Santos, club che detiene il cartellino dell\u2019esterno brasiliano. Il Palermo pagher\u00e0 lo stipendio del calciatore. &nbsp; &nbsp; &nbsp; Giancarlo [&hellip;]<\/p>\n","protected":false},"author":2,"featured_media":4521,"comment_status":"closed","ping_status":"open","sticky":false,"template":"","format":"standard","meta":[],"categories":[1],"tags":[500],"_links":{"self":[{"href":"http:\/\/www.rosanerosiamonoi.it\/palermocalcio\/wp-json\/wp\/v2\/posts\/4573"}],"collection":[{"href":"http:\/\/www.rosanerosiamonoi.it\/palermocalcio\/wp-json\/wp\/v2\/posts"}],"about":[{"href":"http:\/\/www.rosanerosiamonoi.it\/palermocalcio\/wp-json\/wp\/v2\/types\/post"}],"author":[{"embeddable":true,"href":"http:\/\/www.rosanerosiamonoi.it\/palermocalcio\/wp-json\/wp\/v2\/users\/2"}],"replies":[{"embeddable":true,"href":"http:\/\/www.rosanerosiamonoi.it\/palermocalcio\/wp-json\/wp\/v2\/comments?post=4573"}],"version-history":[{"count":3,"href":"http:\/\/www.rosanerosiamonoi.it\/palermocalcio\/wp-json\/wp\/v2\/posts\/4573\/revisions"}],"predecessor-version":[{"id":4576,"href":"http:\/\/www.rosanerosiamonoi.it\/palermocalcio\/wp-json\/wp\/v2\/posts\/4573\/revisions\/4576"}],"wp:featuredmedia":[{"embeddable":true,"href":"http:\/\/www.rosanerosiamonoi.it\/palermocalcio\/wp-json\/wp\/v2\/media\/4521"}],"wp:attachment":[{"href":"http:\/\/www.rosanerosiamonoi.it\/palermocalcio\/wp-json\/wp\/v2\/media?parent=4573"}],"wp:term":[{"taxonomy":"category","embeddable":true,"href":"http:\/\/www.rosanerosiamonoi.it\/palermocalcio\/wp-json\/wp\/v2\/categories?post=4573"},{"taxonomy":"post_tag","embeddable":true,"href":"http:\/\/www.rosanerosiamonoi.it\/palermocalcio\/wp-json\/wp\/v2\/tags?post=4573"}],"curies":[{"name":"wp","href":"https:\/\/api.w.org\/{rel}","templated":true}]}}