{"id":4625,"date":"2014-08-28T00:03:35","date_gmt":"2014-08-27T22:03:35","guid":{"rendered":"http:\/\/www.rosanerosiamonoi.it\/palermocalcio\/?p=4625"},"modified":"2014-08-29T01:47:19","modified_gmt":"2014-08-28T23:47:19","slug":"e-se-arrivasse-borriello-in-arrivo-anche-una-punta-estera-tutti-i-nomi","status":"publish","type":"post","link":"http:\/\/www.rosanerosiamonoi.it\/palermocalcio\/2014\/08\/28\/e-se-arrivasse-borriello-in-arrivo-anche-una-punta-estera-tutti-i-nomi\/","title":{"rendered":"E se arrivasse Borriello ? In arrivo anche una punta estera &#8230;tutti i nomi"},"content":{"rendered":"<div class=\"desc-article\" style=\"color: #222222; text-align: justify;\"><\/div>\n<div class=\"desc-article\" style=\"color: #222222; text-align: justify;\"><a href=\"http:\/\/www.rosanerosiamonoi.it\/palermocalcio\/2014\/01\/09\/calciomercato-hernandez-dove-andra\/hernandez_abel_palermo_getty\/\" rel=\"attachment wp-att-2061\"><img decoding=\"async\" loading=\"lazy\" class=\"aligncenter size-medium wp-image-2061\" src=\"http:\/\/www.rosanerosiamonoi.it\/palermocalcio\/wp-content\/uploads\/2014\/01\/hernandez_abel_palermo_getty-520x325.jpg\" alt=\"hernandez_abel_palermo_getty\" width=\"520\" height=\"325\" srcset=\"http:\/\/www.rosanerosiamonoi.it\/palermocalcio\/wp-content\/uploads\/2014\/01\/hernandez_abel_palermo_getty-520x325.jpg 520w, http:\/\/www.rosanerosiamonoi.it\/palermocalcio\/wp-content\/uploads\/2014\/01\/hernandez_abel_palermo_getty.jpg 738w\" sizes=\"(max-width: 520px) 100vw, 520px\" \/><\/a><\/div>\n<div class=\"desc-article\" style=\"color: #222222; text-align: justify;\"><\/div>\n<div class=\"desc-article\" style=\"color: #222222; text-align: justify;\">L&#8217;accelerata sorprendente dell&#8217;Hull, il sorpasso sull&#8217;offerta del Benfica e l&#8217;ok di Zamparini per 12 milioni di euro. Avviene tutto in una notte e adesso Abel\u00a0<span id=\"U90266310968bHF\" style=\"font-weight: bold;\">Hernandez\u00a0<\/span>non \u00e8 pi\u00f9 la Joya rosanero. E&#8217; partito questa mattina per la firma con gli inglesi, firmer\u00e0 un quadriennale prendendo quasi due milioni di euro a stagione, circa il doppio della proposta portoghese.<\/div>\n<div class=\"desc-article\" style=\"color: #222222; text-align: justify;\">Chiaro perch\u00e8 non andava pi\u00f9\u00a0bene il Benfica ?<\/div>\n<div class=\"desc-article\" style=\"color: #222222; text-align: justify;\"><\/div>\n<div class=\"desc-article\" style=\"color: #222222; text-align: justify;\"><\/div>\n<div class=\"desc-article\" style=\"color: #222222; text-align: justify;\">Con grande gioia della tifoseria rosanero se ne va anche dall&#8217;Italia\u00a0in Premier e lascia finalmente la societ\u00e0 libera di\u00a0ricercare adesso due attaccanti visto che <strong>Lafferty<\/strong> \u00e8 andato via\u00a0un mese fa e <strong>Malele<\/strong> \u00e8 stato dato in prestito e comunque deve essere sostituito perch\u00e8 \u00e8 impensabile giocare un campionato con una sola punta titolare, Belotti.<\/div>\n<div class=\"desc-article\" style=\"color: #222222; text-align: justify;\"><\/div>\n<div class=\"desc-article\" style=\"color: #222222; text-align: justify;\"><\/div>\n<div class=\"desc-article\" style=\"color: #222222; text-align: justify;\"><a href=\"http:\/\/www.rosanerosiamonoi.it\/palermocalcio\/2014\/08\/28\/e-se-arrivasse-borriello-in-arrivo-anche-una-punta-estera-tutti-i-nomi\/borriello\/\" rel=\"attachment wp-att-4626\"><img decoding=\"async\" loading=\"lazy\" class=\"aligncenter size-full wp-image-4626\" src=\"http:\/\/www.rosanerosiamonoi.it\/palermocalcio\/wp-content\/uploads\/2014\/08\/borriello.jpg\" alt=\"borriello\" width=\"382\" height=\"132\" \/><\/a><\/div>\n<div class=\"desc-article\" style=\"color: #222222; text-align: justify;\"><\/div>\n<div class=\"desc-article\" style=\"color: #222222; text-align: justify;\"><\/div>\n<div class=\"desc-article\" style=\"color: #222222; text-align: justify;\"><\/div>\n<div class=\"desc-article\" style=\"color: #222222; text-align: justify;\">Adesso\u00a0\u00a0in pole c&#8217;\u00e8 <strong>Marco<\/strong>\u00a0<span id=\"U90266310968uLH\" style=\"font-weight: bold;\">Borriello\u00a0<\/span><span style=\"color: #000000;\">attaccante della <strong>Roma,<\/strong>\u00a0ex Milan ed Juventus, che ha un contratto in scadenza e da settembre al prossimo giugno guadagner\u00e0 circa 3,3 milioni di euro netti: i rosanero hanno bussato alla porta dei giallorossi e sono disposti a partecipare all<strong>&#8216;ingaggio per circa 800 mila euro<\/strong>,<strong> la Roma chiede 1,3<\/strong> lasciando poi la scelta al calciatore.<\/span>\u00a0&#8230; le parti stanno trattando per trovare una soluzione che stia bene a tutte e due le societ\u00e0 e debbo dirvi che credo proprio che molto presto Borriello potrebbe vestire la maglia rosanero &#8230;. una cosa gli chiediamo per\u00f2 \u00e8 quella di venire determinato a fare bene e come altri attaccanti\u00a0di venire per\u00a0ritrovare la sua voglia di far bene e gol e con Belotti possono formare una bella coppia d&#8217;attacco italiana a cui si andrebbe ad aggiungere un&#8217;altra punta e se ne cerca una che possa essere forte, alta ed un ariete preferibilmente.<\/div>\n<div class=\"desc-article\" style=\"color: #222222; text-align: justify;\"><\/div>\n<div class=\"desc-article\" style=\"color: #222222; text-align: justify;\"><\/div>\n<div class=\"desc-article\" style=\"color: #222222; text-align: justify;\"><\/div>\n<div class=\"desc-article\" style=\"color: #222222; text-align: justify;\"><\/div>\n<div class=\"desc-article\" style=\"color: #222222; text-align: justify;\"><a href=\"http:\/\/www.rosanerosiamonoi.it\/palermocalcio\/2014\/08\/28\/e-se-arrivasse-borriello-in-arrivo-anche-una-punta-estera-tutti-i-nomi\/simon-makienok\/\" rel=\"attachment wp-att-4627\"><img decoding=\"async\" loading=\"lazy\" class=\"aligncenter  wp-image-4627\" src=\"http:\/\/www.rosanerosiamonoi.it\/palermocalcio\/wp-content\/uploads\/2014\/08\/Simon-Makienok.jpg\" alt=\"Simon Makienok\" width=\"387\" height=\"274\" \/><\/a><\/div>\n<div class=\"desc-article\" style=\"color: #222222; text-align: justify;\"><\/div>\n<div class=\"desc-article\" style=\"color: #222222; text-align: justify;\">Ed a questo punto le attenzioni del Palermo sono rivolte al danese <strong>Simon<\/strong>\u00a0<span id=\"U90266310968lz\" style=\"font-weight: bold;\">Makienok<\/span>, g<span style=\"color: #000000;\">igante danese (201 cm d\u2019altezza) classe \u201990 di propriet\u00e0 del Brondby. Il suo futuro \u00e8 tra la Francia e l\u2019Italia. Proposto al Cesena nei giorni scorsi, adesso \u00e8 entrato nel mirino del Palermo e non \u00e8 improbabile che domani possa essere lui il nuovo centravanti del Palermo . somiglia molto come gioco a Lafferty.\u00a0<\/span><\/div>\n<div class=\"desc-article\" style=\"color: #222222; text-align: justify;\"><\/div>\n<div class=\"desc-article\" style=\"color: #222222; text-align: justify;\"><\/div>\n<div class=\"desc-article\" style=\"color: #222222; text-align: justify;\"><\/div>\n<div class=\"desc-article\" style=\"color: #222222; text-align: justify;\">\n<p><span style=\"color: #000000;\"><a href=\"http:\/\/www.rosanerosiamonoi.it\/palermocalcio\/2014\/08\/28\/e-se-arrivasse-borriello-in-arrivo-anche-una-punta-estera-tutti-i-nomi\/brian-montenegro\/\" rel=\"attachment wp-att-4628\"><img decoding=\"async\" loading=\"lazy\" class=\"aligncenter size-medium wp-image-4628\" src=\"http:\/\/www.rosanerosiamonoi.it\/palermocalcio\/wp-content\/uploads\/2014\/08\/brian-montenegro-520x346.jpg\" alt=\"brian-montenegro\" width=\"520\" height=\"346\" srcset=\"http:\/\/www.rosanerosiamonoi.it\/palermocalcio\/wp-content\/uploads\/2014\/08\/brian-montenegro-520x346.jpg 520w, http:\/\/www.rosanerosiamonoi.it\/palermocalcio\/wp-content\/uploads\/2014\/08\/brian-montenegro.jpg 600w\" sizes=\"(max-width: 520px) 100vw, 520px\" \/><\/a><\/span><\/p>\n<p>Altro nome nel mirino <strong>Bryan<\/strong>\u00a0<span id=\"U90266310968ISE\" style=\"font-weight: bold;\">Montenegro<\/span>, 21enne paraguaiano del Club Libertad, In questo caso si t<span style=\"color: #000000;\">ratta di una seconda punta paraguaiana che ha compiuto ventun\u2019anni a giugno. Attualmente milita nel Nacional e piace alla dirigenza del Palermo. In questo caso si tratterebbe di un giovane che rappresenterebbe un\u2019altra scommessa per \u00a0Zamparini.<\/span><\/p>\n<\/div>\n<div class=\"desc-article\" style=\"color: #222222; text-align: justify;\"><\/div>\n<div class=\"desc-article\" style=\"color: #222222; text-align: justify;\"><\/div>\n<div class=\"desc-article\" style=\"color: #222222; text-align: justify;\"><\/div>\n<div class=\"desc-article\" style=\"color: #222222; text-align: justify;\"><\/div>\n<div class=\"desc-article\" style=\"color: #222222; text-align: justify;\">\n<p><span style=\"color: #000000;\"><a href=\"http:\/\/www.rosanerosiamonoi.it\/palermocalcio\/2014\/08\/28\/e-se-arrivasse-borriello-in-arrivo-anche-una-punta-estera-tutti-i-nomi\/kozak\/\" rel=\"attachment wp-att-4629\"><img decoding=\"async\" loading=\"lazy\" class=\"aligncenter  wp-image-4629\" src=\"http:\/\/www.rosanerosiamonoi.it\/palermocalcio\/wp-content\/uploads\/2014\/08\/kozak.jpg\" alt=\"kozak\" width=\"395\" height=\"237\" \/><\/a><\/span><\/p>\n<p>Pi\u00f9 adatto a sostituire Lafferty un conoscenza del calcio italiano dove ha giocato poco ma sempre molto bene . Parliamo di\u00a0<strong>Libor Kozak<\/strong>. Formatosi alla Lazio, l\u2019attaccante dal fisico statuario classe \u201989 ha vestito nell\u2019ultima stagione la maglia dell\u2019Aston Villa ma senza grande successo. Ha una grande voglia di riscattarsi in Italia\u00a0in Serie A e come caratteristiche potrebbe essere il pi\u00f9 valido sostituto sia di Hernandez che di\u00a0Kyle Lafferty cui assomiglia molto nel tipo di gioco e fisicamente.<span style=\"color: #000000;\">L\\&#8217;attaccante ceco \u00e8 per\u00f2 reduce da un grave infortunio e potrebbe essere a disposizione solo a campionato iniziato.<\/span><\/p>\n<p>&nbsp;<\/p>\n<\/div>\n<div class=\"desc-article\" style=\"color: #222222; text-align: justify;\"><\/div>\n<div class=\"desc-article\" style=\"color: #222222; text-align: justify;\"><\/div>\n<div class=\"desc-article\" style=\"color: #222222; text-align: justify;\"><a href=\"http:\/\/www.rosanerosiamonoi.it\/palermocalcio\/2014\/08\/28\/e-se-arrivasse-borriello-in-arrivo-anche-una-punta-estera-tutti-i-nomi\/dario_cvitanich\/\" rel=\"attachment wp-att-4630\"><img decoding=\"async\" loading=\"lazy\" class=\"aligncenter size-medium wp-image-4630\" src=\"http:\/\/www.rosanerosiamonoi.it\/palermocalcio\/wp-content\/uploads\/2014\/08\/dario_cvitanich-520x234.jpg\" alt=\"dario_cvitanich\" width=\"520\" height=\"234\" srcset=\"http:\/\/www.rosanerosiamonoi.it\/palermocalcio\/wp-content\/uploads\/2014\/08\/dario_cvitanich-520x234.jpg 520w, http:\/\/www.rosanerosiamonoi.it\/palermocalcio\/wp-content\/uploads\/2014\/08\/dario_cvitanich.jpg 620w\" sizes=\"(max-width: 520px) 100vw, 520px\" \/><\/a><\/div>\n<div class=\"desc-article\" style=\"color: #222222; text-align: justify;\"><\/div>\n<div class=\"desc-article\" style=\"color: #222222; text-align: justify;\">E mettiamo come anticipato ieri anche un giocatore attualmente fermo da due domeniche per un infortunio ma alto 1.74 e con caratteristiche di gioco diverse ed arriverebbe dalla Francia anche se \u00e8 argentino. Si tratta di\u00a0<strong style=\"color: #444444;\">Dario Cvitanich p<\/strong><span style=\"color: #000000;\">rima punta del Nizza.<\/span><\/div>\n<div class=\"desc-article\" style=\"color: #222222; text-align: justify;\"><\/div>\n<div class=\"desc-article\" style=\"color: #222222; text-align: justify;\">E\u2019 un argentino nato nell\u201984 che possiede il passaporto croato. Ha gi\u00e0 iniziato la stagione con il club francese: nel match d\u2019esordio ha segnato una doppietta, ma poi ha accusato un fastidio muscolare che gli ha precluso come detto ogni possibilit\u00e0 di impiego nelle due gare successive.<\/div>\n<div class=\"desc-article\" style=\"color: #222222; text-align: justify;\"><\/div>\n<div class=\"desc-article\" style=\"color: #222222; text-align: justify;\">Attualmente sta continuando le fisioterapie e si allena a parte. Anche il\u00a0\u00a0suo \u2013\u00a0senza pensare all&#8217;attuale infortunio\u00a0\u2013 \u00e8 un profilo che piace in viale del Fante.<\/div>\n<div class=\"desc-article\" style=\"color: #222222; text-align: justify;\">\n<p><span style=\"color: #000000;\">Come svelato da SkySport, \u00a0anche il<\/span><strong style=\"color: #000000;\">\u00a0Torino<\/strong><span style=\"color: #000000;\">\u00a0sarebbe sulle tracce di Cvitanich. Il centravanti classe \u201984 rappresenta una\u00a0valida pedina per rinforzare\u00a0l\u2019attacco granata.<\/span><\/p>\n<p>&nbsp;<\/p>\n<\/div>\n","protected":false},"excerpt":{"rendered":"<p>L&#8217;accelerata sorprendente dell&#8217;Hull, il sorpasso sull&#8217;offerta del Benfica e l&#8217;ok di Zamparini per 12 milioni di euro. Avviene tutto in una notte e adesso Abel\u00a0Hernandez\u00a0non \u00e8 pi\u00f9 la Joya rosanero. E&#8217; partito questa mattina per la firma con gli inglesi, firmer\u00e0 un quadriennale prendendo quasi due milioni di euro a stagione, circa il doppio della [&hellip;]<\/p>\n","protected":false},"author":2,"featured_media":4626,"comment_status":"closed","ping_status":"open","sticky":false,"template":"","format":"standard","meta":[],"categories":[1],"tags":[502,505,504],"_links":{"self":[{"href":"http:\/\/www.rosanerosiamonoi.it\/palermocalcio\/wp-json\/wp\/v2\/posts\/4625"}],"collection":[{"href":"http:\/\/www.rosanerosiamonoi.it\/palermocalcio\/wp-json\/wp\/v2\/posts"}],"about":[{"href":"http:\/\/www.rosanerosiamonoi.it\/palermocalcio\/wp-json\/wp\/v2\/types\/post"}],"author":[{"embeddable":true,"href":"http:\/\/www.rosanerosiamonoi.it\/palermocalcio\/wp-json\/wp\/v2\/users\/2"}],"replies":[{"embeddable":true,"href":"http:\/\/www.rosanerosiamonoi.it\/palermocalcio\/wp-json\/wp\/v2\/comments?post=4625"}],"version-history":[{"count":8,"href":"http:\/\/www.rosanerosiamonoi.it\/palermocalcio\/wp-json\/wp\/v2\/posts\/4625\/revisions"}],"predecessor-version":[{"id":4667,"href":"http:\/\/www.rosanerosiamonoi.it\/palermocalcio\/wp-json\/wp\/v2\/posts\/4625\/revisions\/4667"}],"wp:featuredmedia":[{"embeddable":true,"href":"http:\/\/www.rosanerosiamonoi.it\/palermocalcio\/wp-json\/wp\/v2\/media\/4626"}],"wp:attachment":[{"href":"http:\/\/www.rosanerosiamonoi.it\/palermocalcio\/wp-json\/wp\/v2\/media?parent=4625"}],"wp:term":[{"taxonomy":"category","embeddable":true,"href":"http:\/\/www.rosanerosiamonoi.it\/palermocalcio\/wp-json\/wp\/v2\/categories?post=4625"},{"taxonomy":"post_tag","embeddable":true,"href":"http:\/\/www.rosanerosiamonoi.it\/palermocalcio\/wp-json\/wp\/v2\/tags?post=4625"}],"curies":[{"name":"wp","href":"https:\/\/api.w.org\/{rel}","templated":true}]}}