{"id":4668,"date":"2014-08-29T11:22:36","date_gmt":"2014-08-29T09:22:36","guid":{"rendered":"http:\/\/www.rosanerosiamonoi.it\/palermocalcio\/?p=4668"},"modified":"2014-08-29T11:25:46","modified_gmt":"2014-08-29T09:25:46","slug":"la-stampa-danese-saluta-il-faro-di-brondy-si-attende-la-firma","status":"publish","type":"post","link":"http:\/\/www.rosanerosiamonoi.it\/palermocalcio\/2014\/08\/29\/la-stampa-danese-saluta-il-faro-di-brondy-si-attende-la-firma\/","title":{"rendered":"La Stampa Danese saluta &#8220;Il faro di Brondy&#8221; . Si attende la firma ."},"content":{"rendered":"<h1 style=\"text-align: center;\"><strong>B.T. : Makienok al Palermo, mancano solo le visite mediche <\/strong><\/h1>\n<p>&nbsp;<\/p>\n<p><a href=\"http:\/\/www.rosanerosiamonoi.it\/palermocalcio\/2014\/08\/28\/in-attesa-di-borriello-si-cerca-un-gigante-per-lattacco\/makienok-fifa-2\/\" rel=\"attachment wp-att-4647\"><img decoding=\"async\" loading=\"lazy\" class=\"aligncenter size-full wp-image-4647\" src=\"http:\/\/www.rosanerosiamonoi.it\/palermocalcio\/wp-content\/uploads\/2014\/08\/Makienok-fifa-2.jpg\" alt=\"Makienok fifa 2\" width=\"384\" height=\"384\" srcset=\"http:\/\/www.rosanerosiamonoi.it\/palermocalcio\/wp-content\/uploads\/2014\/08\/Makienok-fifa-2.jpg 384w, http:\/\/www.rosanerosiamonoi.it\/palermocalcio\/wp-content\/uploads\/2014\/08\/Makienok-fifa-2-150x150.jpg 150w, http:\/\/www.rosanerosiamonoi.it\/palermocalcio\/wp-content\/uploads\/2014\/08\/Makienok-fifa-2-50x50.jpg 50w, http:\/\/www.rosanerosiamonoi.it\/palermocalcio\/wp-content\/uploads\/2014\/08\/Makienok-fifa-2-144x144.jpg 144w\" sizes=\"(max-width: 384px) 100vw, 384px\" \/><\/a><\/p>\n<p style=\"text-align: justify;\">Oggi in Danimarca hanno commentato cos\u00ec la nuova avventura di\u00a0<strong>Simon Makienok<\/strong> che ha per soprannome <strong>&#8220;Il Faro di Brondy&#8221;<\/strong> per avere illuminato con i suoi gol, i suoi, assist e le sue giocate la squadra danese.<\/p>\n<p style=\"text-align: justify;\"><strong>&#8220;Simon Makienok<\/strong> er kun et l\u00e6getjek og en underskrift fra Palermo, skriver <strong>B.T<\/strong>.<br \/>\nSimon Makienok kom godt begynde at pakke flyttekasserne og bestille flyttebilen. En af de n\u00e6rmeste dage flytter angriberen med al sandsynlighed til Sicilien for at t\u00f8rne ud for Serie A-klubben Palermo.<br \/>\nBr\u00f8ndby og Palermo har forhandlet i et par dage om den garderh\u00f8je forward, og nu synes det hele mere eller mindre at v\u00e6re faldet p\u00e5 plads. BT skriver, at Simon Makienok kun mangler at best\u00e5 det obligatoriske l\u00e6getjek og forhandle nogle sidste personlige ting p\u00e5 plads, f\u00f8r handlen er officiel.<br \/>\nSimon Makienok forventes at ankomme til Sicilien i dag eller i morgen for at l\u00e6gge sidste h\u00e5nd p\u00e5 transferen, der if\u00f8lge BT indbringer Br\u00f8ndby i omegnen af 20 millioner kroner.<br \/>\nI italienske medier tegner der sig ogs\u00e5 et billede af, at transferen mellem Palermo og Br\u00f8ndby er ved at falde p\u00e5 plads, og det forlyder, at Simon Makienok vil underskrive en tre-\u00e5rig kontrakt med Serie A-klubben til en \u00e5rsl\u00f8n p\u00e5 tre millioner kroner.&#8221;<\/p>\n<p style=\"text-align: justify;\"><a href=\"http:\/\/www.rosanerosiamonoi.it\/palermocalcio\/2014\/08\/28\/in-attesa-di-borriello-si-cerca-un-gigante-per-lattacco\/jb\/\" rel=\"attachment wp-att-4645\"><img decoding=\"async\" loading=\"lazy\" class=\"aligncenter size-medium wp-image-4645\" src=\"http:\/\/www.rosanerosiamonoi.it\/palermocalcio\/wp-content\/uploads\/2014\/08\/simon_makienok_broendby_-_fingre_i_vejret_-_maj_2013-Custom-520x310.jpg\" alt=\"JB\" width=\"520\" height=\"310\" srcset=\"http:\/\/www.rosanerosiamonoi.it\/palermocalcio\/wp-content\/uploads\/2014\/08\/simon_makienok_broendby_-_fingre_i_vejret_-_maj_2013-Custom-520x310.jpg 520w, http:\/\/www.rosanerosiamonoi.it\/palermocalcio\/wp-content\/uploads\/2014\/08\/simon_makienok_broendby_-_fingre_i_vejret_-_maj_2013-Custom.jpg 600w\" sizes=\"(max-width: 520px) 100vw, 520px\" \/><\/a><\/p>\n<p style=\"text-align: justify;\"><strong>Simon Makienok.<\/strong>\u00a0Manca\u00a0solo una visita medica ed una firma\u00a0per essere ufficialmente un giocatore del\u00a0Palermo, scrive il quotidiano danese\u00a0<strong>B.T<\/strong>.<\/p>\n<p style=\"text-align: justify;\">Per Simon Makienok \u00e8 arrivato il momento di\u00a0preparare le scatole di imballaggio ed ordinare il Tir\u00a0per traslocare e mettersi in viaggio . L&#8217;attaccante sar\u00e0 , in questi giorni in partenza\u00a0, \u00a0per la Sicilia per approdare al\u00a0club di Serie A del Palermo.<\/p>\n<p style=\"text-align: justify;\"><b style=\"color: #000000;\"><span id=\"traduzioneajax\">Brondby e Palermo hanno negoziato per un paio di giorni cercando di limare le proprie richieste ma andando sempre avanti, e ora sembra tutto a posto avendo raggiunto\u00a0un accordo. <\/span><\/b><\/p>\n<p style=\"text-align: justify;\"><b style=\"color: #000000;\"><span id=\"traduzioneajax\">B.T. scrive che Simon Makienok deve ormai solo passare la visita medica obbligatoria e negoziare alcune ultime cose personali e quindi arriver\u00e0 l&#8217;ufficializzazione.<\/span><\/b><\/p>\n<p style=\"text-align: justify;\"><strong>L&#8217;arrivo in Sicilia<\/strong> di Simon Makienok \u00e8 previsto <strong>per\u00a0\u00a0oggi o domani<\/strong> per definire\u00a0il trasferimento, <strong>secondo BT<\/strong>\u00a0la cessione del giocatore porta\u00a0nelle casse del Brondby,\u00a020 milioni di sterline.<\/p>\n<p style=\"text-align: justify;\">I media italiani hanno dato risalto alla notizia del suo trasferimento tra Palermo e Brondby e che manca solo l&#8217;ufficializzazione, e si segnala che Simon Makienok firmer\u00e0 un contratto triennale di tre milioni di dollari (<span id=\"curr1tores\" style=\"color: #000000;\">2.274.990,000<\/span><span style=\"color: #000000;\">\u00a0<\/span><span id=\"curr2code2\" style=\"color: #000000;\">EUR)\u00a0<\/span>con il club di Serie A per uno stipendio annuo poco pi\u00f9 di 700 mila euro all&#8217;anno. &#8220;<\/p>\n<p style=\"text-align: justify;\"><a href=\"http:\/\/www.rosanerosiamonoi.it\/palermocalcio\/2014\/08\/28\/in-attesa-di-borriello-si-cerca-un-gigante-per-lattacco\/makienok-2\/\" rel=\"attachment wp-att-4646\"><img decoding=\"async\" loading=\"lazy\" class=\"aligncenter  wp-image-4646\" src=\"http:\/\/www.rosanerosiamonoi.it\/palermocalcio\/wp-content\/uploads\/2014\/08\/Makienok.2.jpg\" alt=\"Makienok.2\" width=\"402\" height=\"268\" \/><\/a><\/p>\n<p style=\"text-align: justify;\"><strong>Gianluca Di Marzio ha pubblicato oggi questo articolo di Arnaldo Levato<\/strong><\/p>\n<p style=\"text-align: justify;\"><strong>Il faro di Brondby<\/strong>. Cos\u00ec viene chiamato in Danimarca <strong>Simon Makienok Christoffersen<\/strong>, meglio conosciuto come Simon Makienok. <strong>Non solo per i suoi due metri di altezza ma soprattutto per la luce che ha regalato ai suoi tifosi<\/strong> nelle due ultime stagioni passate proprio a Brondby. Il giocatore, classe \u201990, che piace al Palermo, \u00e8 un centravanti potente e forte fisicamente. \u00c8 il classico terminale di attacco difficile da contrastare. Capace sia di smistare di testa i palloni ma anche di puntare la porta palla al piede. Il suo punto di forza \u00e8 proprio il gioco aereo. Ma alle indiscusse qualit\u00e0 fisiche abbina anche buone qualit\u00e0 tecniche che \u00e8 riuscito ad affinare con il tempo. Quindi un giocatore che ha dei validi fondamentali con degli elevati margini di crescita.<\/p>\n<p style=\"text-align: justify;\">Margini che vengono evidenziati anche dai numeri del suo curriculum calcistico. Cresce nella scuola calcio di Naestved suo paese di nascita. Dopo i primi passi da piccolo calciatore si trasferisce nel Herf\u00f6lge Boldklub dove arriver\u00e0 a giocare fino all\u2019Under-19. Nel 2009 passa all\u2019HB K\u00f6ge e qui trover\u00e0 l\u2019allenatore Auri Skarbalius che creder\u00e0 in lui e lo far\u00e0 giocare con maggiore continuit\u00e0. Ed infatti colleziona 62 presenze, 23 reti ed 1 assist. Ma il grande salto lo far\u00e0 nel gennaio 2012 con il suo passaggio al Brondby. Ottime prestazioni e numeri da vero centravanti: 79 presenze, 36 reti e ben 8 assist. Non male.<\/p>\n<p style=\"text-align: justify;\">Qualit\u00e0 e numeri che gli hanno permesso di indossare le maglie delle nazionali giovanili danesi ad iniziare dall\u2019Under-19 per finire all\u2019Under-21. Esordisce con la nazionale maggiore il 22 marzo 2013 nella gara valida per le qualificazioni mondiali vinta dalla Danimarca per 3-0 sulla Repubblica Ceca. Finora 6 presenze e nessuna rete per lui con la nazionale danese.<\/p>\n<p style=\"text-align: justify;\">Identikit del centravanti puro quindi. Ma in grado di disimpegnarsi anche come punta di manovra che partecipa all\u2019azione e che sa, al bisogno, prendere sulle proprie spalle l\u2019intero peso dell\u2019attacco. Destro naturale ma capace con entrambi i piedi. Il numero di reti realizzate denotano anche una certa freddezza di realizzazione soprattutto in area di rigore.<\/p>\n<p style=\"text-align: justify;\">Questo \u00e8 Simon Makienok. Il faro di Brondby potrebbe illuminare con le sue giocate un\u2019altra citt\u00e0: quella di Palermo.<\/p>\n<p style=\"text-align: justify;\">A cura di Arnaldo Levato (@arnylev73)<\/p>\n","protected":false},"excerpt":{"rendered":"<p>B.T. : Makienok al Palermo, mancano solo le visite mediche &nbsp; Oggi in Danimarca hanno commentato cos\u00ec la nuova avventura di\u00a0Simon Makienok che ha per soprannome &#8220;Il Faro di Brondy&#8221; per avere illuminato con i suoi gol, i suoi, assist e le sue giocate la squadra danese. &#8220;Simon Makienok er kun et l\u00e6getjek og en [&hellip;]<\/p>\n","protected":false},"author":2,"featured_media":4645,"comment_status":"closed","ping_status":"open","sticky":false,"template":"","format":"standard","meta":[],"categories":[1],"tags":[510,508],"_links":{"self":[{"href":"http:\/\/www.rosanerosiamonoi.it\/palermocalcio\/wp-json\/wp\/v2\/posts\/4668"}],"collection":[{"href":"http:\/\/www.rosanerosiamonoi.it\/palermocalcio\/wp-json\/wp\/v2\/posts"}],"about":[{"href":"http:\/\/www.rosanerosiamonoi.it\/palermocalcio\/wp-json\/wp\/v2\/types\/post"}],"author":[{"embeddable":true,"href":"http:\/\/www.rosanerosiamonoi.it\/palermocalcio\/wp-json\/wp\/v2\/users\/2"}],"replies":[{"embeddable":true,"href":"http:\/\/www.rosanerosiamonoi.it\/palermocalcio\/wp-json\/wp\/v2\/comments?post=4668"}],"version-history":[{"count":3,"href":"http:\/\/www.rosanerosiamonoi.it\/palermocalcio\/wp-json\/wp\/v2\/posts\/4668\/revisions"}],"predecessor-version":[{"id":4671,"href":"http:\/\/www.rosanerosiamonoi.it\/palermocalcio\/wp-json\/wp\/v2\/posts\/4668\/revisions\/4671"}],"wp:featuredmedia":[{"embeddable":true,"href":"http:\/\/www.rosanerosiamonoi.it\/palermocalcio\/wp-json\/wp\/v2\/media\/4645"}],"wp:attachment":[{"href":"http:\/\/www.rosanerosiamonoi.it\/palermocalcio\/wp-json\/wp\/v2\/media?parent=4668"}],"wp:term":[{"taxonomy":"category","embeddable":true,"href":"http:\/\/www.rosanerosiamonoi.it\/palermocalcio\/wp-json\/wp\/v2\/categories?post=4668"},{"taxonomy":"post_tag","embeddable":true,"href":"http:\/\/www.rosanerosiamonoi.it\/palermocalcio\/wp-json\/wp\/v2\/tags?post=4668"}],"curies":[{"name":"wp","href":"https:\/\/api.w.org\/{rel}","templated":true}]}}