{"id":4672,"date":"2014-08-29T18:00:11","date_gmt":"2014-08-29T16:00:11","guid":{"rendered":"http:\/\/www.rosanerosiamonoi.it\/palermocalcio\/?p=4672"},"modified":"2014-08-30T00:47:15","modified_gmt":"2014-08-29T22:47:15","slug":"palermo-e-ufficiale-preso-il-gigante-makienok","status":"publish","type":"post","link":"http:\/\/www.rosanerosiamonoi.it\/palermocalcio\/2014\/08\/29\/palermo-e-ufficiale-preso-il-gigante-makienok\/","title":{"rendered":"Palermo, \u00e8 ufficiale preso il gigante Makienok"},"content":{"rendered":"<h1 style=\"color: #222222; text-align: center;\">Palermo, \u00e8 ufficiale il gigante Makienok<\/h1>\n<p>&nbsp;<\/p>\n<p><a href=\"http:\/\/www.rosanerosiamonoi.it\/palermocalcio\/2014\/08\/29\/palermo-e-ufficiale-preso-il-gigante-makienok\/makienok-allaeroporto\/\" rel=\"attachment wp-att-4681\"><img decoding=\"async\" loading=\"lazy\" src=\"http:\/\/www.rosanerosiamonoi.it\/palermocalcio\/wp-content\/uploads\/2014\/08\/makienok-allaeroporto.png\" alt=\"makienok-allaeroporto\" width=\"315\" height=\"415\" class=\"aligncenter size-full wp-image-4681\" \/><\/a><\/p>\n<p>&nbsp;<\/p>\n<p style=\"color: #222222; text-align: justify;\">Il d.s. Ceravolo ha concluso in mattinata l&#8217;acquisto del centravanti danese a titolo definitivo dal Brondby: affare da 2,7 milioni. Nel pomeriggio \u00e8 arrivata l&#8217;ufficialit\u00e0 del club danese.<\/p>\n<p style=\"color: #222222; text-align: justify;\"><a class=\"u-url customisable-highlight long-permalink\" style=\"color: #707070;\" href=\"https:\/\/twitter.com\/BrondbyIF\/statuses\/505333221765427201\" data-datetime=\"2014-08-29T12:36:43+0000\" data-scribe=\"element:full_timestamp\">14:36 &#8211; 29 Ago 2014<\/a><\/p>\n<div class=\"header\" style=\"color: #292f33;\">\n<div class=\"h-card p-author\" data-scribe=\"component:author\"><a class=\"u-url profile\" style=\"color: #707070;\" href=\"https:\/\/twitter.com\/BrondbyIF\" data-scribe=\"element:user_link\"><span class=\"full-name\"><span class=\"p-name customisable-highlight\" style=\"font-weight: bold; color: #292f33;\" data-scribe=\"element:name\">Br\u00f8ndby IF<\/span>\u00a0<\/span><span class=\"p-nickname\" dir=\"ltr\" data-scribe=\"element:screen_name\">@BrondbyIF<\/span><\/a><\/div>\n<p><a class=\"follow-button profile\" style=\"font-weight: bold; color: #333333;\" title=\"Segui Br\u00f8ndby IF su Twitter\" href=\"https:\/\/twitter.com\/BrondbyIF\" data-scribe=\"component:followbutton\">Segui<\/a><\/p>\n<\/div>\n<div class=\"content e-entry-content\" style=\"color: #292f33;\" data-scribe=\"component:tweet\">\n<p class=\"e-entry-title\">Enighed med US Citt\u00e0 di Palermo om salg af\u00a0<a class=\"profile customisable h-card\" dir=\"ltr\" style=\"color: #0084b4;\" href=\"https:\/\/twitter.com\/SimonMakienok\" data-scribe=\"element:mention\">@<span class=\"p-nickname\">SimonMakienok<\/span><\/a>\u00a0<a class=\"link customisable\" dir=\"ltr\" style=\"color: #0084b4;\" title=\"http:\/\/brondby.com\/nyhed\/2014\/08\/29\/selskabsmeddelelse-19_2014-broendby-if-enig-med-us-citta-di-palermo\" href=\"http:\/\/t.co\/214wWyTjUr\" target=\"_blank\" rel=\"nofollow\" data-expanded-url=\"http:\/\/brondby.com\/nyhed\/2014\/08\/29\/selskabsmeddelelse-19_2014-broendby-if-enig-med-us-citta-di-palermo\" data-scribe=\"element:url\"><span class=\"tco-hidden\">http:\/\/<\/span><span class=\"tco-display\">brondby.com\/nyhed\/2014\/08\/<\/span><span class=\"tco-hidden\">29\/selskabsmeddelelse-19_2014-broendby-if-enig-med-us-citta-di-palermo<\/span><span class=\"tco-ellipsis\"><span class=\"tco-hidden\">\u00a0<\/span>\u2026<\/span><\/a>\u00a0<a class=\"hashtag customisable\" dir=\"ltr\" style=\"color: #0084b4;\" href=\"https:\/\/twitter.com\/hashtag\/Br%C3%B8ndby?src=hash\" rel=\"tag\" data-query-source=\"hashtag_click\" data-scribe=\"element:hashtag\">#Br\u00f8ndby<\/a>\u00a0<a class=\"hashtag customisable\" dir=\"ltr\" style=\"color: #0084b4;\" href=\"https:\/\/twitter.com\/hashtag\/kn%C3%A6kogbr%C3%A6k?src=hash\" rel=\"tag\" data-query-source=\"hashtag_click\" data-scribe=\"element:hashtag\">#kn\u00e6kogbr\u00e6k<\/a>\u00a0<a class=\"hashtag customisable\" dir=\"ltr\" style=\"color: #0084b4;\" href=\"https:\/\/twitter.com\/hashtag\/lagiraffarosa?src=hash\" rel=\"tag\" data-query-source=\"hashtag_click\" data-scribe=\"element:hashtag\">#lagiraffarosa<\/a><\/p>\n<\/div>\n<p style=\"color: #222222; text-align: justify;\">Come riporta la Gazzetta dello Sport il blitz come avevamo anticipato ieri \u00e8 durato meno di 24 ore ed ha portato alla fumata bianca e alla successiva firma: in Danimarca, il Palermo ha preso il centravanti danese <strong>Simon Makienok<\/strong>, 23 anni, dal Brondby.<\/p>\n<p style=\"color: #222222; text-align: justify;\">Un gigante per Iachini: con i suoi 202 centimetri diventer\u00e0 uno dei giocatori pi\u00f9 alti nella prossima Serie A.<\/p>\n<p style=\"color: #222222; text-align: justify;\"><a href=\"http:\/\/www.rosanerosiamonoi.it\/palermocalcio\/2014\/08\/28\/in-attesa-di-borriello-si-cerca-un-gigante-per-lattacco\/makienok\/\" rel=\"attachment wp-att-4644\"><img decoding=\"async\" loading=\"lazy\" class=\"aligncenter size-full wp-image-4644\" src=\"http:\/\/www.rosanerosiamonoi.it\/palermocalcio\/wp-content\/uploads\/2014\/08\/Makienok.jpg\" alt=\"Makienok\" width=\"384\" height=\"442\" \/><\/a><\/p>\n<p style=\"color: #222222; text-align: justify;\"><span class=\"short-chapter-title\">LE CIFRE<\/span>\u00a0\u2014 Determinante \u00e8 stato l&#8217;affondo lanciato dal d.s. dei rosanero Ceravolo, in Danimarca, insieme all&#8217;intermediario Filippo Corsi: il Palermo ha cos\u00ec chiuso l&#8217;operazione-lampo con il Brondby pagando 2,7 milioni il cartellino per un trasferimento a titolo definitivo. L&#8217;acquisto di Makienok copre in organico la casella lasciata vuota dalla cessione di Lafferty adesso si sta lavorando per portare Borriello o Mancosu al Palermo per coprire il vuoto lasciato dalla cessione all&#8217;Hull City di Hernandez.<\/p>\n<p style=\"color: #222222; text-align: justify;\"><a href=\"http:\/\/www.rosanerosiamonoi.it\/palermocalcio\/2014\/08\/29\/palermo-e-ufficiale-preso-il-gigante-makienok\/makienok-3-tatuaggi\/\" rel=\"attachment wp-att-4673\"><img decoding=\"async\" loading=\"lazy\" class=\"aligncenter size-full wp-image-4673\" src=\"http:\/\/www.rosanerosiamonoi.it\/palermocalcio\/wp-content\/uploads\/2014\/08\/Makienok.3-tatuaggi.jpg\" alt=\"Makienok.3 tatuaggi\" width=\"300\" height=\"168\" \/><\/a><\/p>\n<div class=\"header\" style=\"color: #292f33;\">\n<div class=\"h-card p-author\" data-scribe=\"component:author\"><span class=\"short-chapter-title\" style=\"color: #222222;\">TATUAGGI E GOL<\/span><span style=\"color: #222222;\">\u00a0\u2014 Tra l&#8217;altro, Makienok in Danimarca \u00e8 un personaggio di grande richiamo popolare: nelle ultime due stagioni e mezzo <strong>ha collezionato un bottino di 35 gol al Brondby<\/strong> e si \u00e8 fatto amare dai tifosi per la sua stravaganza nelle esultanze e per i suoi vistosi tatuaggi.<\/span><\/div>\n<\/div>\n<p style=\"color: #222222; text-align: justify;\">Vedi gli altri articoli e troverai notizie, statistiche e video sul giocatore potrai scoprire tutto su di lui .<\/p>\n","protected":false},"excerpt":{"rendered":"<p>Palermo, \u00e8 ufficiale il gigante Makienok &nbsp; &nbsp; Il d.s. Ceravolo ha concluso in mattinata l&#8217;acquisto del centravanti danese a titolo definitivo dal Brondby: affare da 2,7 milioni. Nel pomeriggio \u00e8 arrivata l&#8217;ufficialit\u00e0 del club danese. 14:36 &#8211; 29 Ago 2014 Br\u00f8ndby IF\u00a0@BrondbyIF Segui Enighed med US Citt\u00e0 di Palermo om salg af\u00a0@SimonMakienok\u00a0http:\/\/brondby.com\/nyhed\/2014\/08\/29\/selskabsmeddelelse-19_2014-broendby-if-enig-med-us-citta-di-palermo\u00a0\u2026\u00a0#Br\u00f8ndby\u00a0#kn\u00e6kogbr\u00e6k\u00a0#lagiraffarosa Come riporta [&hellip;]<\/p>\n","protected":false},"author":2,"featured_media":4647,"comment_status":"closed","ping_status":"open","sticky":false,"template":"","format":"standard","meta":[],"categories":[1],"tags":[508],"_links":{"self":[{"href":"http:\/\/www.rosanerosiamonoi.it\/palermocalcio\/wp-json\/wp\/v2\/posts\/4672"}],"collection":[{"href":"http:\/\/www.rosanerosiamonoi.it\/palermocalcio\/wp-json\/wp\/v2\/posts"}],"about":[{"href":"http:\/\/www.rosanerosiamonoi.it\/palermocalcio\/wp-json\/wp\/v2\/types\/post"}],"author":[{"embeddable":true,"href":"http:\/\/www.rosanerosiamonoi.it\/palermocalcio\/wp-json\/wp\/v2\/users\/2"}],"replies":[{"embeddable":true,"href":"http:\/\/www.rosanerosiamonoi.it\/palermocalcio\/wp-json\/wp\/v2\/comments?post=4672"}],"version-history":[{"count":5,"href":"http:\/\/www.rosanerosiamonoi.it\/palermocalcio\/wp-json\/wp\/v2\/posts\/4672\/revisions"}],"predecessor-version":[{"id":4682,"href":"http:\/\/www.rosanerosiamonoi.it\/palermocalcio\/wp-json\/wp\/v2\/posts\/4672\/revisions\/4682"}],"wp:featuredmedia":[{"embeddable":true,"href":"http:\/\/www.rosanerosiamonoi.it\/palermocalcio\/wp-json\/wp\/v2\/media\/4647"}],"wp:attachment":[{"href":"http:\/\/www.rosanerosiamonoi.it\/palermocalcio\/wp-json\/wp\/v2\/media?parent=4672"}],"wp:term":[{"taxonomy":"category","embeddable":true,"href":"http:\/\/www.rosanerosiamonoi.it\/palermocalcio\/wp-json\/wp\/v2\/categories?post=4672"},{"taxonomy":"post_tag","embeddable":true,"href":"http:\/\/www.rosanerosiamonoi.it\/palermocalcio\/wp-json\/wp\/v2\/tags?post=4672"}],"curies":[{"name":"wp","href":"https:\/\/api.w.org\/{rel}","templated":true}]}}