{"id":4745,"date":"2014-09-01T10:14:46","date_gmt":"2014-09-01T08:14:46","guid":{"rendered":"http:\/\/www.rosanerosiamonoi.it\/palermocalcio\/?p=4745"},"modified":"2014-09-01T10:43:17","modified_gmt":"2014-09-01T08:43:17","slug":"capolista-fino-al-90-poi-la-beffa-palermo-sampdoria-1-1","status":"publish","type":"post","link":"http:\/\/www.rosanerosiamonoi.it\/palermocalcio\/2014\/09\/01\/capolista-fino-al-90-poi-la-beffa-palermo-sampdoria-1-1\/","title":{"rendered":"Capolista fino al 90\u00b0 poi la beffa ! Palermo-Sampdoria 1-1"},"content":{"rendered":"<h1 style=\"text-align: center;\">Capolista fino al 90\u00b0 poi la beffa !<\/h1>\n<h2 style=\"text-align: center;\">Palermo-Sampdoria 1-1<\/h2>\n<p>&nbsp;<\/p>\n<p>&nbsp;<\/p>\n<p><iframe loading=\"lazy\" width=\"650\" height=\"380\" src=\"\/\/www.youtube.com\/embed\/hFnTzU_41PI\" frameborder=\"0\" allowfullscreen><\/iframe><\/p>\n<p>&nbsp;<\/p>\n<h1 style=\"text-align: center;\"><a href=\"http:\/\/www.rosanerosiamonoi.it\/palermocalcio\/2014\/09\/01\/capolista-fino-al-90-poi-la-beffa-palermo-sampdoria-1-1\/img_2072-2\/\" rel=\"attachment wp-att-4765\"><img decoding=\"async\" loading=\"lazy\" class=\"aligncenter size-medium wp-image-4765\" src=\"http:\/\/www.rosanerosiamonoi.it\/palermocalcio\/wp-content\/uploads\/2014\/09\/IMG_2072-2-520x390.jpg\" alt=\"IMG_2072 (2)\" width=\"520\" height=\"390\" srcset=\"http:\/\/www.rosanerosiamonoi.it\/palermocalcio\/wp-content\/uploads\/2014\/09\/IMG_2072-2-520x390.jpg 520w, http:\/\/www.rosanerosiamonoi.it\/palermocalcio\/wp-content\/uploads\/2014\/09\/IMG_2072-2-1024x768.jpg 1024w, http:\/\/www.rosanerosiamonoi.it\/palermocalcio\/wp-content\/uploads\/2014\/09\/IMG_2072-2-900x675.jpg 900w\" sizes=\"(max-width: 520px) 100vw, 520px\" \/><\/a><\/h1>\n<p style=\"color: #000000;\"><b>FORMAZIONI UFFICIALI:<\/b><\/p>\n<p style=\"color: #000000;\"><b>PALERMO (3-5-2):<\/b>\u00a0Sorrentino; Munoz, Andelkovic, Terzi; Pisano, Bolzoni, Rigoni (71\u2032 Ngoyi), Barreto, Daprel\u00e0; Vazquez (92\u2032 Bentivegna), Dybala (76\u2032 Belotti).\u00a0<b>A disposizione:<\/b>\u00a0Ujkani, Fulignati, Vitiello, Milanovic, Chochev, Quaison, Bamba, Maresca, Morganella.\u00a0<b>Allenatore:<\/b>\u00a0Iachini.<\/p>\n<p style=\"color: #000000;\"><b>SAMPDORIA (4-3-3):<\/b>\u00a0Viviano; De Silvestri, Gastaldello, Regini, Cacciatore; Soriano, Palombo (75\u2032 Bergessio), Obiang (65\u2032 Krsticic); Sansone (43\u2032 Silvestre), Okaka, Eder.\u00a0<b>A disposizione:<\/b>\u00a0Da Costa, Massolo, Duncan, Fedato, Campana, Rizzo, Salomon, Wszolek.<b>\u00a0Allenatore:<\/b>\u00a0Mihajlovic.<\/p>\n<p style=\"color: #000000;\"><b>Arbitro:\u00a0<\/b>Tommasi di Bassano del Grappa<\/p>\n<p style=\"color: #000000;\"><strong>MARCATORE:\u00a0<\/strong>6\u2032 Dybala (P), 90\u2032 Gastaldello (S).<\/p>\n<p style=\"color: #000000;\"><b>Assistenti:\u00a0<\/b>Paganessi (Bergamo) e Preti (Mantova)<\/p>\n<p style=\"color: #000000;\"><b>Note:<\/b>\u00a0ammonito Rigoni (P), Regini (S), De Silvestri (S), Okaka (S). Espulso: Regini (S)\u00a0per doppia ammonizione.<\/p>\n<h1 style=\"text-align: center;\"><\/h1>\n<h1 style=\"text-align: center;\"><a href=\"http:\/\/www.rosanerosiamonoi.it\/palermocalcio\/2014\/09\/01\/capolista-fino-al-90-poi-la-beffa-palermo-sampdoria-1-1\/img_2073\/\" rel=\"attachment wp-att-4748\"><img decoding=\"async\" loading=\"lazy\" class=\"aligncenter size-medium wp-image-4748\" src=\"http:\/\/www.rosanerosiamonoi.it\/palermocalcio\/wp-content\/uploads\/2014\/09\/IMG_2073-520x390.jpg\" alt=\"IMG_2073\" width=\"520\" height=\"390\" srcset=\"http:\/\/www.rosanerosiamonoi.it\/palermocalcio\/wp-content\/uploads\/2014\/09\/IMG_2073-520x390.jpg 520w, http:\/\/www.rosanerosiamonoi.it\/palermocalcio\/wp-content\/uploads\/2014\/09\/IMG_2073-1024x768.jpg 1024w, http:\/\/www.rosanerosiamonoi.it\/palermocalcio\/wp-content\/uploads\/2014\/09\/IMG_2073-900x675.jpg 900w\" sizes=\"(max-width: 520px) 100vw, 520px\" \/><\/a><\/h1>\n<h1 style=\"text-align: center;\"><\/h1>\n<p>&nbsp;<\/p>\n<p>&nbsp;<\/p>\n<p style=\"text-align: justify;\"><strong>Che dire ?<\/strong> Come era nelle mie speranze e come avevo suggerito <strong>fin quando abbiamo tenuto il pallino del gioco ed abbiamo pressato la \u00a0squadra , che interpretava la partita come avevo suggerito, \u00e8 stata capolista<\/strong> ed una volta che era rimasta in 11 contro 10 pensavo che avremmo messo un&#8217;altra punta in campo per provare a chiudere definitivamente la sfida\u00a0e tenere lontano i blucerchiati dall&#8217;area rosanero invece piano piano ci siamo schierati con un 8-1-1 ed abbiamo permesso agli avversari di provarci fino all&#8217;ultimo e cos\u00ec al 90\u00b0 il mio sogno \u00e8 svanito con la prevedibile e classica beffa finale del pareggio di<strong> Gastaldello,<\/strong> peraltro, pur essendo in superiorit\u00e0 numerica in campo come detto , \u00a0lasciato colpevolmente solo in area.<\/p>\n<p style=\"text-align: justify;\">Sarebbe bastato continuare a pensare a pressare e tenere alta la squadra inserendo al posto di uno spento <strong>Vasquez<\/strong> prima<strong> Belotti<\/strong> con <strong>Dybala<\/strong> togliere un difensore ,<strong>\u00a0Munoz<\/strong>, che ieri ha sbagliato tutto quello che c&#8217;era da sbagliare ad eccezione di un colpo di testa anticipando finalmente in maniera corretta l&#8217;avversario e mettiamoci pure una semplice chiusura mandando il pallone in calcio d&#8217;angolo, ed inserire<strong> Enzo Maresca<\/strong> finalmente un vero regista per mandare al tiro le nostre punte con delle verticalizzazioni visto che non capiamo a cosa servono i cross se in area non sa colpire nessuno ad eccezione di <strong>Belotti e Milanovic<\/strong> che peraltro\u00a0\u00e8 stato mandato in panchina e per noi\u00a0stranamente non c&#8217;era visto che con <strong>Andelkovic<\/strong> formano la coppia pi\u00f9 forte in organico in difesa che adesso potr\u00e0 contare per\u00f2 sull&#8217;importante supporto di <strong>Bamba<\/strong> ma sopratutto di un fuoriclasse come <strong>Gonzalez<\/strong>.<\/p>\n<p>&nbsp;<\/p>\n<h1 style=\"text-align: center;\"><\/h1>\n<h1 style=\"text-align: center;\"><a href=\"http:\/\/www.rosanerosiamonoi.it\/palermocalcio\/2014\/09\/01\/capolista-fino-al-90-poi-la-beffa-palermo-sampdoria-1-1\/img_2074-2\/\" rel=\"attachment wp-att-4758\"><img decoding=\"async\" loading=\"lazy\" class=\"aligncenter size-medium wp-image-4758\" src=\"http:\/\/www.rosanerosiamonoi.it\/palermocalcio\/wp-content\/uploads\/2014\/09\/IMG_2074-2-520x390.jpg\" alt=\"IMG_2074 (2)\" width=\"520\" height=\"390\" srcset=\"http:\/\/www.rosanerosiamonoi.it\/palermocalcio\/wp-content\/uploads\/2014\/09\/IMG_2074-2-520x390.jpg 520w, http:\/\/www.rosanerosiamonoi.it\/palermocalcio\/wp-content\/uploads\/2014\/09\/IMG_2074-2-1024x768.jpg 1024w, http:\/\/www.rosanerosiamonoi.it\/palermocalcio\/wp-content\/uploads\/2014\/09\/IMG_2074-2-900x675.jpg 900w\" sizes=\"(max-width: 520px) 100vw, 520px\" \/><\/a><\/h1>\n<h1 style=\"text-align: center;\"><\/h1>\n<p>&nbsp;<\/p>\n<p style=\"text-align: justify;\"><strong>Certamente \u00e8 stata una prova sicuramente molto positiva<\/strong> quella di ieri al di l\u00e0 della delusione del risultato con una squadra che ha messo cuore e determinazione fino ad un certo punto ma che poi, come detto ha arretrato troppo il suo baricentro suicidandosi.<\/p>\n<p style=\"text-align: justify;\">Fra le note positive la prestazione straordinaria di <strong>Dybala<\/strong> autore del gol del momentaneo vantaggio ma che poi sbaglia il gol del raddoppio e che contro i liguri\u00a0chiss\u00e0 perch\u00e8 si esalta (una doppietta nell&#8217;ultima partita giocata\u00a0proprio con la Sampdoria).<\/p>\n<p style=\"text-align: justify;\"><strong>Adesso da oggi comincia ci auguriamo un nuovo campionato<\/strong> tenuto conto dei nuovi arrivi e sopratutto ci aspettiamo che si abbia pi\u00f9 coraggio e si cominci a provare anche il 3-4-3 mandando in campo una squadra votata solo alla vittoria.<\/p>\n<p style=\"text-align: justify;\">L&#8217;unica cosa certa \u00e8 che se anche dovessimo giocare con il 3-5-2 i due davanti devono essere scelti fra Belotti e Dybala uno mentre l&#8217;altro punto fermo deve certamente essere la punta danese dalla quale ci aspettiamo veramente una svolta positiva in avanti e se arriver\u00e0 come spero e credo un&#8217;altra punta &#8230; ancora meglio potremo giocare con maggiore tranquillit\u00e0 con tre punte davanti &#8230; a giocare chiusi in difesa abbiamo visto ieri cosa \u00e8 successo e speriamo sia stata l&#8217;ultima volta.<\/p>\n<p>&nbsp;<\/p>\n<h1 style=\"text-align: center;\"><\/h1>\n<h1 style=\"text-align: center;\"><a href=\"http:\/\/www.rosanerosiamonoi.it\/palermocalcio\/2014\/09\/01\/capolista-fino-al-90-poi-la-beffa-palermo-sampdoria-1-1\/img_2075\/\" rel=\"attachment wp-att-4750\"><img decoding=\"async\" loading=\"lazy\" class=\"aligncenter size-medium wp-image-4750\" src=\"http:\/\/www.rosanerosiamonoi.it\/palermocalcio\/wp-content\/uploads\/2014\/09\/IMG_2075-520x390.jpg\" alt=\"IMG_2075\" width=\"520\" height=\"390\" srcset=\"http:\/\/www.rosanerosiamonoi.it\/palermocalcio\/wp-content\/uploads\/2014\/09\/IMG_2075-520x390.jpg 520w, http:\/\/www.rosanerosiamonoi.it\/palermocalcio\/wp-content\/uploads\/2014\/09\/IMG_2075-1024x768.jpg 1024w, http:\/\/www.rosanerosiamonoi.it\/palermocalcio\/wp-content\/uploads\/2014\/09\/IMG_2075-900x675.jpg 900w\" sizes=\"(max-width: 520px) 100vw, 520px\" \/><\/a><\/h1>\n<h1 style=\"text-align: center;\"><\/h1>\n<p>&nbsp;<\/p>\n<p style=\"text-align: justify;\"><strong>Adesso aspettiamo la chiusura del calciomercato<\/strong> e ci auguriamo che la societ\u00e0 sia cos\u00ec saggia nel non perdersi in un bicchiere d&#8217;acqua e faccia le ultime importanti mosse di mercato per dare a Iachini un organico completo e di ottima levatura nel quale potere giostrare fra diverse soluzioni tattiche a seconda dell&#8217;avversario da affrontare &#8230;. e ripetiamo basta squadre schierate con l&#8217;8-1-1 o 9-1 per difendere il risultato &#8230; come dice un saggio proverbio <strong>&#8220;la miglior difesa \u00e8 l&#8217;attacco !&#8221;<\/strong> e questa sera potremmo avere veramente un parco attaccanti adeguato a questa soluzione.<\/p>\n<h1 style=\"text-align: center;\"><\/h1>\n<h1 style=\"text-align: center;\"><\/h1>\n<h1 style=\"text-align: center;\"><a href=\"http:\/\/www.rosanerosiamonoi.it\/palermocalcio\/2014\/09\/01\/capolista-fino-al-90-poi-la-beffa-palermo-sampdoria-1-1\/img_2076-2\/\" rel=\"attachment wp-att-4759\"><img decoding=\"async\" loading=\"lazy\" class=\"aligncenter size-medium wp-image-4759\" src=\"http:\/\/www.rosanerosiamonoi.it\/palermocalcio\/wp-content\/uploads\/2014\/09\/IMG_2076-2-520x390.jpg\" alt=\"IMG_2076 (2)\" width=\"520\" height=\"390\" srcset=\"http:\/\/www.rosanerosiamonoi.it\/palermocalcio\/wp-content\/uploads\/2014\/09\/IMG_2076-2-520x390.jpg 520w, http:\/\/www.rosanerosiamonoi.it\/palermocalcio\/wp-content\/uploads\/2014\/09\/IMG_2076-2-1024x768.jpg 1024w, http:\/\/www.rosanerosiamonoi.it\/palermocalcio\/wp-content\/uploads\/2014\/09\/IMG_2076-2-900x675.jpg 900w\" sizes=\"(max-width: 520px) 100vw, 520px\" \/><\/a><\/h1>\n<h1 style=\"text-align: center;\"><\/h1>\n<p>&nbsp;<\/p>\n<p style=\"text-align: justify;\">Un ultima considerazione \u00e8 quella dei tifosi che hanno sostenuto la squadra ma dobbiamo tornare a farlo di pi\u00f9 e sopratutto nei momenti in cui cominciamo ad arretrare incitandoli ad andare sempre avanti per cercare di andare in gol ancora e magari nuovamente ancora &#8230; <strong>Bravi comunque tutti i presenti che avrebbero meritato di festeggiare un risultato che vedeva il Palermo capolista nella ritrovata Serie A.\u00a0<\/strong><\/p>\n<p style=\"text-align: justify;\">Ed allora proviamo alla ripresa cercando di vincere a Verona e poi questa volta festeggiare il successo in casa contro l&#8217;Inter &#8230;io credevo nei 9 punti dopo tre partite ma se saranno 7 \u00a0andr\u00e0 bene lo stesso e chiss\u00e0 che non saremo quel giorno capolista in serie A.<\/p>\n<p>&nbsp;<\/p>\n<h1 style=\"text-align: center;\"><a href=\"http:\/\/www.rosanerosiamonoi.it\/palermocalcio\/2014\/09\/01\/capolista-fino-al-90-poi-la-beffa-palermo-sampdoria-1-1\/palermo-samp-logo\/\" rel=\"attachment wp-att-4764\"><img decoding=\"async\" loading=\"lazy\" class=\"aligncenter size-medium wp-image-4764\" src=\"http:\/\/www.rosanerosiamonoi.it\/palermocalcio\/wp-content\/uploads\/2014\/09\/palermo-samp-logo-520x213.jpg\" alt=\"palermo-samp logo\" width=\"520\" height=\"213\" srcset=\"http:\/\/www.rosanerosiamonoi.it\/palermocalcio\/wp-content\/uploads\/2014\/09\/palermo-samp-logo-520x213.jpg 520w, http:\/\/www.rosanerosiamonoi.it\/palermocalcio\/wp-content\/uploads\/2014\/09\/palermo-samp-logo.jpg 610w\" sizes=\"(max-width: 520px) 100vw, 520px\" \/><\/a><\/h1>\n<h1 style=\"text-align: center;\"><\/h1>\n<h1 style=\"text-align: center;\"><a href=\"http:\/\/www.rosanerosiamonoi.it\/palermocalcio\/2014\/09\/01\/capolista-fino-al-90-poi-la-beffa-palermo-sampdoria-1-1\/img_2077\/\" rel=\"attachment wp-att-4752\"><img decoding=\"async\" loading=\"lazy\" class=\"aligncenter size-medium wp-image-4752\" src=\"http:\/\/www.rosanerosiamonoi.it\/palermocalcio\/wp-content\/uploads\/2014\/09\/IMG_2077-520x390.jpg\" alt=\"IMG_2077\" width=\"520\" height=\"390\" srcset=\"http:\/\/www.rosanerosiamonoi.it\/palermocalcio\/wp-content\/uploads\/2014\/09\/IMG_2077-520x390.jpg 520w, http:\/\/www.rosanerosiamonoi.it\/palermocalcio\/wp-content\/uploads\/2014\/09\/IMG_2077-1024x768.jpg 1024w, http:\/\/www.rosanerosiamonoi.it\/palermocalcio\/wp-content\/uploads\/2014\/09\/IMG_2077-900x675.jpg 900w\" sizes=\"(max-width: 520px) 100vw, 520px\" \/><\/a><\/h1>\n<h1 style=\"text-align: center;\"><a href=\"http:\/\/www.rosanerosiamonoi.it\/palermocalcio\/2014\/09\/01\/capolista-fino-al-90-poi-la-beffa-palermo-sampdoria-1-1\/img_2078\/\" rel=\"attachment wp-att-4753\"><img decoding=\"async\" loading=\"lazy\" class=\"aligncenter size-medium wp-image-4753\" src=\"http:\/\/www.rosanerosiamonoi.it\/palermocalcio\/wp-content\/uploads\/2014\/09\/IMG_2078-520x390.jpg\" alt=\"IMG_2078\" width=\"520\" height=\"390\" srcset=\"http:\/\/www.rosanerosiamonoi.it\/palermocalcio\/wp-content\/uploads\/2014\/09\/IMG_2078-520x390.jpg 520w, http:\/\/www.rosanerosiamonoi.it\/palermocalcio\/wp-content\/uploads\/2014\/09\/IMG_2078-1024x768.jpg 1024w, http:\/\/www.rosanerosiamonoi.it\/palermocalcio\/wp-content\/uploads\/2014\/09\/IMG_2078-900x675.jpg 900w\" sizes=\"(max-width: 520px) 100vw, 520px\" \/><\/a><\/h1>\n<h1 style=\"text-align: center;\"><a href=\"http:\/\/www.rosanerosiamonoi.it\/palermocalcio\/2014\/09\/01\/capolista-fino-al-90-poi-la-beffa-palermo-sampdoria-1-1\/img_2079\/\" rel=\"attachment wp-att-4754\"><img decoding=\"async\" loading=\"lazy\" class=\"aligncenter size-medium wp-image-4754\" src=\"http:\/\/www.rosanerosiamonoi.it\/palermocalcio\/wp-content\/uploads\/2014\/09\/IMG_2079-520x390.jpg\" alt=\"IMG_2079\" width=\"520\" height=\"390\" srcset=\"http:\/\/www.rosanerosiamonoi.it\/palermocalcio\/wp-content\/uploads\/2014\/09\/IMG_2079-520x390.jpg 520w, http:\/\/www.rosanerosiamonoi.it\/palermocalcio\/wp-content\/uploads\/2014\/09\/IMG_2079-1024x768.jpg 1024w, http:\/\/www.rosanerosiamonoi.it\/palermocalcio\/wp-content\/uploads\/2014\/09\/IMG_2079-900x675.jpg 900w\" sizes=\"(max-width: 520px) 100vw, 520px\" \/><\/a><\/h1>\n<h1 style=\"text-align: center;\"><\/h1>\n<h1 style=\"text-align: center;\"><a href=\"http:\/\/www.rosanerosiamonoi.it\/palermocalcio\/2014\/09\/01\/capolista-fino-al-90-poi-la-beffa-palermo-sampdoria-1-1\/img_2081\/\" rel=\"attachment wp-att-4756\"><img decoding=\"async\" loading=\"lazy\" class=\"aligncenter size-medium wp-image-4756\" src=\"http:\/\/www.rosanerosiamonoi.it\/palermocalcio\/wp-content\/uploads\/2014\/09\/IMG_2081-520x390.jpg\" alt=\"IMG_2081\" width=\"520\" height=\"390\" srcset=\"http:\/\/www.rosanerosiamonoi.it\/palermocalcio\/wp-content\/uploads\/2014\/09\/IMG_2081-520x390.jpg 520w, http:\/\/www.rosanerosiamonoi.it\/palermocalcio\/wp-content\/uploads\/2014\/09\/IMG_2081-1024x768.jpg 1024w, http:\/\/www.rosanerosiamonoi.it\/palermocalcio\/wp-content\/uploads\/2014\/09\/IMG_2081-900x675.jpg 900w\" sizes=\"(max-width: 520px) 100vw, 520px\" \/><\/a><\/h1>\n<h1 style=\"text-align: center;\"><a href=\"http:\/\/www.rosanerosiamonoi.it\/palermocalcio\/2014\/09\/01\/capolista-fino-al-90-poi-la-beffa-palermo-sampdoria-1-1\/img_2082\/\" rel=\"attachment wp-att-4757\"><img decoding=\"async\" loading=\"lazy\" class=\"aligncenter size-medium wp-image-4757\" src=\"http:\/\/www.rosanerosiamonoi.it\/palermocalcio\/wp-content\/uploads\/2014\/09\/IMG_2082-520x390.jpg\" alt=\"IMG_2082\" width=\"520\" height=\"390\" srcset=\"http:\/\/www.rosanerosiamonoi.it\/palermocalcio\/wp-content\/uploads\/2014\/09\/IMG_2082-520x390.jpg 520w, http:\/\/www.rosanerosiamonoi.it\/palermocalcio\/wp-content\/uploads\/2014\/09\/IMG_2082-1024x768.jpg 1024w, http:\/\/www.rosanerosiamonoi.it\/palermocalcio\/wp-content\/uploads\/2014\/09\/IMG_2082-900x675.jpg 900w\" sizes=\"(max-width: 520px) 100vw, 520px\" \/><\/a><\/h1>\n","protected":false},"excerpt":{"rendered":"<p>Capolista fino al 90\u00b0 poi la beffa ! Palermo-Sampdoria 1-1 &nbsp; &nbsp; &nbsp; FORMAZIONI UFFICIALI: PALERMO (3-5-2):\u00a0Sorrentino; Munoz, Andelkovic, Terzi; Pisano, Bolzoni, Rigoni (71\u2032 Ngoyi), Barreto, Daprel\u00e0; Vazquez (92\u2032 Bentivegna), Dybala (76\u2032 Belotti).\u00a0A disposizione:\u00a0Ujkani, Fulignati, Vitiello, Milanovic, Chochev, Quaison, Bamba, Maresca, Morganella.\u00a0Allenatore:\u00a0Iachini. SAMPDORIA (4-3-3):\u00a0Viviano; De Silvestri, Gastaldello, Regini, Cacciatore; Soriano, Palombo (75\u2032 Bergessio), Obiang (65\u2032 [&hellip;]<\/p>\n","protected":false},"author":2,"featured_media":4756,"comment_status":"closed","ping_status":"open","sticky":false,"template":"","format":"standard","meta":[],"categories":[1],"tags":[497,5],"_links":{"self":[{"href":"http:\/\/www.rosanerosiamonoi.it\/palermocalcio\/wp-json\/wp\/v2\/posts\/4745"}],"collection":[{"href":"http:\/\/www.rosanerosiamonoi.it\/palermocalcio\/wp-json\/wp\/v2\/posts"}],"about":[{"href":"http:\/\/www.rosanerosiamonoi.it\/palermocalcio\/wp-json\/wp\/v2\/types\/post"}],"author":[{"embeddable":true,"href":"http:\/\/www.rosanerosiamonoi.it\/palermocalcio\/wp-json\/wp\/v2\/users\/2"}],"replies":[{"embeddable":true,"href":"http:\/\/www.rosanerosiamonoi.it\/palermocalcio\/wp-json\/wp\/v2\/comments?post=4745"}],"version-history":[{"count":7,"href":"http:\/\/www.rosanerosiamonoi.it\/palermocalcio\/wp-json\/wp\/v2\/posts\/4745\/revisions"}],"predecessor-version":[{"id":4767,"href":"http:\/\/www.rosanerosiamonoi.it\/palermocalcio\/wp-json\/wp\/v2\/posts\/4745\/revisions\/4767"}],"wp:featuredmedia":[{"embeddable":true,"href":"http:\/\/www.rosanerosiamonoi.it\/palermocalcio\/wp-json\/wp\/v2\/media\/4756"}],"wp:attachment":[{"href":"http:\/\/www.rosanerosiamonoi.it\/palermocalcio\/wp-json\/wp\/v2\/media?parent=4745"}],"wp:term":[{"taxonomy":"category","embeddable":true,"href":"http:\/\/www.rosanerosiamonoi.it\/palermocalcio\/wp-json\/wp\/v2\/categories?post=4745"},{"taxonomy":"post_tag","embeddable":true,"href":"http:\/\/www.rosanerosiamonoi.it\/palermocalcio\/wp-json\/wp\/v2\/tags?post=4745"}],"curies":[{"name":"wp","href":"https:\/\/api.w.org\/{rel}","templated":true}]}}