{"id":4810,"date":"2014-09-02T12:29:27","date_gmt":"2014-09-02T10:29:27","guid":{"rendered":"http:\/\/www.rosanerosiamonoi.it\/palermocalcio\/?p=4810"},"modified":"2014-09-02T12:43:01","modified_gmt":"2014-09-02T10:43:01","slug":"si-attende-esito-ricorso-per-silva-palermo-sfoltisce-rosa","status":"publish","type":"post","link":"http:\/\/www.rosanerosiamonoi.it\/palermocalcio\/2014\/09\/02\/si-attende-esito-ricorso-per-silva-palermo-sfoltisce-rosa\/","title":{"rendered":"Si attende esito ricorso per Silva. Palermo sfoltisce rosa"},"content":{"rendered":"<h1 style=\"text-align: center;\"><strong>Palermo: Vicenza su Di Gennaro e Milanovic<\/strong><\/h1>\n<p>&nbsp;<\/p>\n<p style=\"color: #000000; text-align: justify;\">La sessione estiva di calciomercato si \u00e8 conclusa nella nottata di ieri, ma per il Palermo ci potrebbero essere alcune operazioni in uscita che potrebbero concretizzarsi anche oltre i termini prestabiliti.<\/p>\n<p style=\"color: #000000; text-align: justify;\">Rientrerebbero in quest&#8217;ottica le possibili cessioni di <strong>Davide Di Gennaro e Milan Milanovic<\/strong>: i due giocatori interesserebbero al\u00a0<strong>Vicenza<\/strong>, squadra ripescata in serie B, che potr\u00e0 usufruire di una proroga sul mercato per completare la squadra.<\/p>\n<p style=\"color: #000000; text-align: justify;\">Anche per <strong>Mantovani con un escamotage regolamentare\u00a0<\/strong>potrebbe essere trovata una soluzione entro il mese.<\/p>\n<p style=\"color: #000000; text-align: justify;\">Intanto l<strong>\u2019U.S. Citt\u00e0 di Palermo<\/strong>\u00a0comunica di aver ceduto\u00a0<strong>Jevrem Kosnic,<\/strong>\u00a0il giovane difensore serbo classe &#8217;93 , \u00a0in prestito all&#8217; Honved, societ\u00e0 che milita nella massima serie del campionato ungherese<strong>.<\/strong>\u00a0<strong>a titolo temporaneo<\/strong>\u00a0, \u00a0mentre\u00a0<strong>Sebastian Sosa<\/strong>\u00a0si trasferisce all\u2019Empoli\u00a0<strong>a titolo definitivo<\/strong>.<\/p>\n<p style=\"text-align: justify;\"><strong>Risoluzione<\/strong>, infine, per<strong>\u00a0Umberto Nappello<\/strong>.<\/p>\n<p style=\"text-align: justify;\"><a href=\"http:\/\/www.rosanerosiamonoi.it\/palermocalcio\/2014\/05\/20\/conferenza-stampa-milanovic-del-20-maggio-2014\/milanmilanoviccittadipalermoofficialdj7e95l8j5_l\/\" rel=\"attachment wp-att-2966\"><img decoding=\"async\" loading=\"lazy\" class=\"aligncenter size-medium wp-image-2966\" src=\"http:\/\/www.rosanerosiamonoi.it\/palermocalcio\/wp-content\/uploads\/2014\/05\/Milan+Milanovic+Citta+di+Palermo+Official+DJ7e95L8j5_l-345x520.jpg\" alt=\"Milan+Milanovic+Citta+di+Palermo+Official+DJ7e95L8j5_l\" width=\"345\" height=\"520\" srcset=\"http:\/\/www.rosanerosiamonoi.it\/palermocalcio\/wp-content\/uploads\/2014\/05\/Milan+Milanovic+Citta+di+Palermo+Official+DJ7e95L8j5_l-345x520.jpg 345w, http:\/\/www.rosanerosiamonoi.it\/palermocalcio\/wp-content\/uploads\/2014\/05\/Milan+Milanovic+Citta+di+Palermo+Official+DJ7e95L8j5_l.jpg 395w\" sizes=\"(max-width: 345px) 100vw, 345px\" \/><\/a><\/p>\n<p style=\"text-align: justify;\">Ma tornando ad un eventuale partenza di <strong>Milanovic<\/strong> vorrei ricordare che il giocatore in ritiro ha fatto benissimo mentre il giocatore da cedere sarebbe Munoz che al contrario \u00e8 stato il responsabile dei due gol in amichevole contro il Brescia e che con i suoi ritardi errori, mancate coperture ed errore nel tener in gioco un avversario \u00e8 stato il principale responsabile dei 3 gol subiti con il Modena mettendo nei guai i compagni di reparto primo fra tutti proprio Milanovic.<\/p>\n<p style=\"text-align: justify;\">Con l&#8217;arrivo di <strong>Gonzalez e Bamba<\/strong> proprio lui \u00e8 il giocatore pi\u00f9 adatto a giocare titolare con i nuovi arrivi tenendo conto di poter contare anche sul prezioso apporto anche di un puntuale \u00a0e preciso <strong>Andelkovic<\/strong>.<\/p>\n<p style=\"text-align: justify;\"><a href=\"http:\/\/www.rosanerosiamonoi.it\/palermocalcio\/2014\/08\/24\/calciomercato-colpo-grosso-palermo-in-arrivo-giancarlo-gonzalez-dal-costa-rica\/gonzalez\/\" rel=\"attachment wp-att-4522\"><img decoding=\"async\" loading=\"lazy\" class=\"aligncenter size-medium wp-image-4522\" src=\"http:\/\/www.rosanerosiamonoi.it\/palermocalcio\/wp-content\/uploads\/2014\/08\/gonzalez-520x312.jpg\" alt=\"gonzalez\" width=\"520\" height=\"312\" srcset=\"http:\/\/www.rosanerosiamonoi.it\/palermocalcio\/wp-content\/uploads\/2014\/08\/gonzalez-520x312.jpg 520w, http:\/\/www.rosanerosiamonoi.it\/palermocalcio\/wp-content\/uploads\/2014\/08\/gonzalez.jpg 990w\" sizes=\"(max-width: 520px) 100vw, 520px\" \/><\/a><\/p>\n<p style=\"text-align: justify;\">Spero proprio che questa trattativa se mai venisse presa in considerazione fallisca e che il giocatore resti per dimostrare tutte le sue qualit\u00e0 e la capacit\u00e0 come visto in ritiro di fare da regista che parte dalla difesa avendo anche un&#8217;ottima visione di gioco.<\/p>\n<p style=\"text-align: justify;\"><a href=\"http:\/\/www.rosanerosiamonoi.it\/palermocalcio\/2013\/08\/29\/serie-a-ljajic-alla-roma-presentato-gervinho-lamela-al-tottenham\/totti-gol-490x330-munoz-a-terra\/\" rel=\"attachment wp-att-795\"><img decoding=\"async\" loading=\"lazy\" class=\"aligncenter size-full wp-image-795\" src=\"http:\/\/www.rosanerosiamonoi.it\/palermocalcio\/wp-content\/uploads\/2013\/08\/Totti-gol-490x330-Munoz-a-terra.jpg\" alt=\"Totti gol 490x330 Munoz a terra\" width=\"500\" height=\"330\" \/><\/a><\/p>\n<p style=\"text-align: center;\"><strong><span style=\"color: #666666;\">Commento della stampa l&#8217;indomani della partita Palermo- Roma . Errori mortiferi di Munoz: &#8220;Commette decine di errori, il primo dei quali segna la partita.&#8221;<\/span><\/strong><\/p>\n<p style=\"text-align: justify;\">Si offra in alternativa <strong>Munoz<\/strong> cos\u00ec finalmente dopo la partenza di un giocatore che dire molto discutibile \u00e8 un complimento , cio\u00e8 Hernandez, per cui la tifoseria tutta ancora esulta , una vera nullit\u00e0 in avanti sistemiamo anche la difesa eliminando il pericolo di mandare in campo <strong>un giocatore, ripeto &#8220;straordinario e perbene&#8221; come persona da 100 e lode,\u00a0<\/strong>ma che calcisticamente a Palermo pu\u00f2 essere solo ricordato per come guarda gli avversari andare a rete, rilanci all&#8217;avversario consentendo cos\u00ec ripartenze verso il nostro portiere spesso finite con un gol subito, falli, tiene in gioco avversari nella linea di fuorigioco, fa assist lui all&#8217;avversario che poi segna, mette sempre in confusione e paura i colleghi della difesa , consente a tutti gli avversari, adesso che per limitare i danni viene schierato a destra alto , di andare sistematicamente al cross senza intervenire ma guardando l&#8217;azione da spettatore privilegiato in campo.<\/p>\n<p style=\"text-align: justify;\">Mi fermo e vi rimando a riguardare le partite voi stessi per rendervene conto &#8230; ricordando per\u00f2 che <strong>&#8220;<\/strong><em><strong>non c&#8217;\u00e8 peggior sordo di chi non vuole sentire !<\/strong> &#8221; \u00a0<\/em>per cui se non volete sentire allora<strong><em> &#8220;Guardate !&#8221; &#8230; perch\u00e8 le immagini sono mie alleate nel confermare quanto ho esposto sempre con la massima franchezza .<\/em><\/strong><\/p>\n<p style=\"text-align: justify;\">Certo ogni tanto fa anche qualche intervento corretto, sottolineato da tutti come se fossero colpi da campione , come per una volta ribattere ed anticipare l&#8217;avversario questa settimana sul limite d&#8217;area o mandare in angolo il pallone su di un cross , e ci mancherebbe&#8230;&#8230;.. , come \u00e8 successo domenica con la Sampdoria, unici episodi positivi da ricordare &#8230;. poi il buio &#8230;.<\/p>\n<p style=\"text-align: justify;\"><a href=\"http:\/\/www.rosanerosiamonoi.it\/palermocalcio\/2014\/09\/02\/si-attende-esito-ricorso-per-silva-palermo-sfoltisce-rosa\/too-2\/\" rel=\"attachment wp-att-4812\"><img decoding=\"async\" loading=\"lazy\" class=\"aligncenter size-medium wp-image-4812\" src=\"http:\/\/www.rosanerosiamonoi.it\/palermocalcio\/wp-content\/uploads\/2014\/09\/too-520x346.jpg\" alt=\"too\" width=\"520\" height=\"346\" srcset=\"http:\/\/www.rosanerosiamonoi.it\/palermocalcio\/wp-content\/uploads\/2014\/09\/too-520x346.jpg 520w, http:\/\/www.rosanerosiamonoi.it\/palermocalcio\/wp-content\/uploads\/2014\/09\/too.jpg 586w\" sizes=\"(max-width: 520px) 100vw, 520px\" \/><\/a><\/p>\n<p style=\"text-align: center;\"><b style=\"color: #f4b5cf;\">Primo gol\u00a0Eto&#8217;o con Munoz che non interviene e lo guarda da dietro<\/b><\/p>\n<p style=\"text-align: justify;\">Chiudo dicendo stiamo molto attenti a privilegiare ancora calciatori , come lo era Hernandez, che calcisticamente a Palermo hanno fatto male ed anche il loro tempo a discapito di altri che certamente sbaglieranno anche loro ma che non faranno mai tutti quegli errori visibili ed invisibili e che al contrario proprio senza di lui al contrario ad esempio invece con Andelkovic hanno fatto \u00a0bene e che sono\u00a0migliorati anche\u00a0\u00a0tecnicamente \u00a0e che vanno sostenuti nella crescita.<\/p>\n<p style=\"text-align: justify;\"><a href=\"http:\/\/www.rosanerosiamonoi.it\/palermocalcio\/2014\/09\/02\/si-attende-esito-ricorso-per-silva-palermo-sfoltisce-rosa\/too-2-2\/\" rel=\"attachment wp-att-4813\"><img decoding=\"async\" loading=\"lazy\" class=\"aligncenter size-medium wp-image-4813\" src=\"http:\/\/www.rosanerosiamonoi.it\/palermocalcio\/wp-content\/uploads\/2014\/09\/too-2-520x282.jpg\" alt=\"too 2\" width=\"520\" height=\"282\" srcset=\"http:\/\/www.rosanerosiamonoi.it\/palermocalcio\/wp-content\/uploads\/2014\/09\/too-2-520x282.jpg 520w, http:\/\/www.rosanerosiamonoi.it\/palermocalcio\/wp-content\/uploads\/2014\/09\/too-2.jpg 586w\" sizes=\"(max-width: 520px) 100vw, 520px\" \/><\/a><\/p>\n<p style=\"text-align: center;\"><b style=\"color: #f4b5cf;\">Guardate dov&#8217;\u00e8 Munoz sul secondo gol di Eto&#8217;o<\/b><\/p>\n<p style=\"text-align: justify;\">Che strano ma com&#8217;\u00e8 che appena fa un errore lui questa volta vedete tutto e siete pronti ad enfatizzarlo e metterlo in risalto &#8230;. quando lo stesso errore lo fa\u00a0Munoz &#8230;. eccovi qua pronti a dire :\u00a0<em>&#8220;Capita ! ma che ci fu ? niente , vabb\u00e8, ma \u00e8 fortissimo, una volta , mai era successo &#8230;.&#8221;<\/em><\/p>\n<p style=\"text-align: justify;\"><a href=\"http:\/\/www.rosanerosiamonoi.it\/palermocalcio\/2014\/09\/02\/si-attende-esito-ricorso-per-silva-palermo-sfoltisce-rosa\/errore-munoz-palermo-roma\/\" rel=\"attachment wp-att-4811\"><img decoding=\"async\" loading=\"lazy\" class=\"aligncenter size-medium wp-image-4811\" src=\"http:\/\/www.rosanerosiamonoi.it\/palermocalcio\/wp-content\/uploads\/2014\/09\/errore-Munoz-Palermo-Roma-520x250.jpg\" alt=\"errore Munoz Palermo-Roma\" width=\"520\" height=\"250\" srcset=\"http:\/\/www.rosanerosiamonoi.it\/palermocalcio\/wp-content\/uploads\/2014\/09\/errore-Munoz-Palermo-Roma-520x250.jpg 520w, http:\/\/www.rosanerosiamonoi.it\/palermocalcio\/wp-content\/uploads\/2014\/09\/errore-Munoz-Palermo-Roma.jpg 624w\" sizes=\"(max-width: 520px) 100vw, 520px\" \/><\/a><\/p>\n<p style=\"text-align: justify;\">&#8211; Poi c&#8217;\u00e8 <strong>Roma-Palermo<\/strong> ! ecco cosa hanno scritto : &#8220;<em>&#8220;<span style=\"color: #000000;\">il secondo gol di Osvaldo \u00e8 un autentico regalo della ditta Ujkani-Munoz. Il portiere sbatte contro l\u2019argentino e Osvaldo insacca il gol del raddoppio mentre Munoz sta a guardare .&#8221;\u00a0\u00a0&#8220;<em>\u00a0Ma chi Munoz\u00a0?\u00a0Non \u00e8 possibile !\u00a0Capita ! ma che ci fu ? niente , vabb\u00e8, ma \u00e8 fortissimo, una volta , mai era successo &#8230;.&#8221;\u00a0<\/em><\/span><\/em><\/p>\n<p style=\"text-align: justify;\">&#8211; Guardi che in <strong>Inter-Palermo<\/strong> la stampa non io scrisse Pastore e Munoz che errori<em>&#8221; Munoz voto 5 . Si fa bruciare da Pazzini in occasione dell&#8217;1-2 e poi provoca pure il rigore . Decisivo ma al contrario in negativo nella partita.&#8221; Pastore voto 5 . il palo ed il rigore sbagliato sono due errori imperdonabili&#8221;.\u00a0<\/em><em>Ma chi Munoz\u00a0?\u00a0Non \u00e8 possibile !\u00a0Capita ! ma che ci fu ? niente , vabb\u00e8, ma \u00e8 fortissimo, una volta , mai era successo &#8230;.&#8221;\u00a0<\/em><\/p>\n<p style=\"text-align: justify;\">&#8211; &#8220;Guardi che con il <strong>Brescia<\/strong> per non andare lontano ci ha fatto prendere 2 gol ed ha fatto fare pure un figuraccia a Sorrentino &#8230;.. &#8220;<em> Ma chi Munoz\u00a0?\u00a0Non \u00e8 possibile !\u00a0Capita ! ma che ci fu ? niente , vabb\u00e8, ma \u00e8 fortissimo, una volta , mai era successo &#8230;.&#8221;\u00a0<\/em><\/p>\n<p style=\"text-align: justify;\">-&#8220;Guardi abbiamo perso un finale di <strong>Coppa Italia\u00a0a Roma<\/strong>\u00a0grazie a Munoz e Gojan &#8230;.\u00a0&#8220;<em>\u00a0Si si Goian ha sbagliato tutto ,non interveniva non chiudeva , sbagliava i rilanci, si faceva superare e sfuggire gli avversari &#8230;.. lui si &#8230;.. Ma chi pure Munoz\u00a0?\u00a0Non \u00e8 possibile!\u00a0Capita ! ma che ci fu ? niente , vabb\u00e8, ma \u00e8 fortissimo, una volta , mai era successo &#8230;.&#8221; .<\/em><\/p>\n<p style=\"text-align: justify;\">&#8211; Guardi che prendendo una partita a caso dopo pu\u00f2 dire anche una cosa positiva di lui<strong> Lecce-Palermo<\/strong> 1-1 in difesa Munoz \u00e8 stato un disastro ! Senta cosa scrivono i giornali l&#8217;indomani : &#8220;<em><span style=\"color: #000000;\">Ad interrompere la partita a scacchi che sembra profilarsi arriva un errore di <strong>Munoz, che si perde Bertolacci in area e poi lo stende.<\/strong> Dal dischetto Di Michele non si lascia pregare: ottavo gol in campionato e Lecce in vantaggio.&#8221; <\/span><\/em><span style=\"color: #000000;\">Poi<\/span><em><span style=\"color: #000000;\">\u00a0<\/span><\/em><span style=\"color: #000000;\">segna lui i gol del pareggio &#8230;. cos\u00ec la faccio contento e ricordiamo una cosa positiva &#8230; \u00a0Ma sul gol subito e la sua prestazione difensiva che mi dice ?\u00a0&#8220;<em>\u00a0Ma chi Munoz\u00a0?\u00a0Non \u00e8 possibile !\u00a0Capita ! ma che ci fu ? niente , vabb\u00e8, ma \u00e8 fortissimo, una volta , mai era successo &#8230;.&#8221;<\/em><\/span><\/p>\n<p style=\"text-align: justify;\">&#8211; Ma vediamo cosa scrivono ancora di\u00a0\u00a0Munoz dopo le prove\u00a0con la <strong>Lazio e l&#8217;Udinese<\/strong>\u00a0 :\u00a0<em>&#8220;<span style=\"color: #141823;\">\u00a0Contro la capolista \u00e8 stato un errore in fase di disimpegno a dare il la alla punizione da cui \u00e8 nato lo splendido gol del brasiliano. <strong>Protagonista, in negativo, dell&#8217;episodio anche in questa circostanza \u00e8 stato Ezequiel Munoz,<\/strong> difensore che \u2013 se sul piano delle prestazioni sta mettendo in mostra dei miglioramenti \u2013 <strong>con i suoi errori nei singoli episodi sta condizionando non poco l&#8217;andamento dei rosanero.<\/strong> Prima l&#8217;evitabile fallo su Di Natale da cui \u00e8 nato il gol di Benatia, poi l&#8217;ingenuit\u00e0 in fase di disimpegno da cui \u00e8 scaturita la punizione che ieri ha deciso la partita. Risultato: due sconfitte nelle ultime due partite. Udinese e Lazio ringraziano<\/span>\u00a0&#8220;.\u00a0&#8220;<\/em><em>\u00a0Ma chi Munoz\u00a0?\u00a0Non \u00e8 possibile !\u00a0Capita ! ma che ci fu ? niente , vabb\u00e8, ma \u00e8 fortissimo, una volta , mai era successo &#8230;.&#8221;\u00a0<\/em><\/p>\n<p style=\"text-align: justify;\">&#8211; Quest&#8217;anno in serie B in Palermo-Varese 2-1 hanno scritto &#8220;<em>Qualche errore di troppo si \u00e8 visto in difesa.<\/em><span style=\"color: #666666;\"><em>\u00a0Terzi una volta e <strong>Mu\u00f1oz in pi\u00f9 di un\u2019occasione commettono errori<\/strong> che sarebbero potuti costare tanto se non ci fosse stato un Sorrentino in giornata di grazia<\/em>.&#8221;<em> Ah Terzi !?!<\/em>\u00a0<em>&#8220;<\/em><em>\u00a0Ma chi Munoz\u00a0?\u00a0Non \u00e8 possibile !\u00a0Capita ! ma che ci fu ? niente , vabb\u00e8, ma \u00e8 fortissimo, una volta, mai era successo &#8230;.&#8221;\u00a0<\/em><\/span><\/p>\n<p style=\"text-align: justify;\">&#8211; Guardi che con il <strong>Modena<\/strong> ha uscito tutto il meglio del peggio del suo repertorio facendo fare una figura pessima ai compagni di reparto e facendoci prendere 3 gol.\u00a0\u00a0&#8220;<em>\u00a0Ma chi Munoz\u00a0?\u00a0Non \u00e8 possibile !\u00a0Capita ! ma che ci fu ? niente , vabb\u00e8, ma \u00e8 fortissimo, una volta , mai era successo &#8230;.&#8221;\u00a0<\/em><\/p>\n<p style=\"text-align: justify;\"><a href=\"http:\/\/www.rosanerosiamonoi.it\/palermocalcio\/2014\/09\/02\/si-attende-esito-ricorso-per-silva-palermo-sfoltisce-rosa\/munoz-palermo-udi-2-3\/\" rel=\"attachment wp-att-4817\"><img decoding=\"async\" loading=\"lazy\" class=\"aligncenter  wp-image-4817\" src=\"http:\/\/www.rosanerosiamonoi.it\/palermocalcio\/wp-content\/uploads\/2014\/09\/Munoz-palermo-udi-2.3.jpg\" alt=\"Munoz palermo-udi 2.3\" width=\"525\" height=\"294\" \/><\/a><\/p>\n<p style=\"text-align: center;\"><span style=\"color: #ff00ff;\">Gabriele Angella svetta su Munoz e segna il 2-1 per l&#8217;Udinese.\u00a0<\/span><\/p>\n<p style=\"text-align: justify;\">Mi fermo qua per l&#8217;<strong>enciclopedia<\/strong>\u00a0degli errori se volete mi attrezzo e vi documento\u00a0tutto con articoli e foto \u00a0molti dei quali ho anche conservato pure le foto con lui che guarda l&#8217;avversario che segna dopo averlo perduto , non avere chiuso od essersi fatto superare &#8230;&#8230;.<\/p>\n<p style=\"text-align: justify;\">Intanto chiudiamo qua e torniamo a sperare che si risolva il problema di Joao Silva che non \u00e8 un tuono di fulmine ma un buon giocatore si e poi vi faccio una domanda<em> &#8220;Ma secondo Voi se doveste scegliere fra lui ed il ritorno di Hernandez cosa scegliereste ?&#8221;<\/em><\/p>\n<p style=\"text-align: justify;\">Lo so , lo so ! non \u00e8 una domanda perch\u00e8 ha una sola risposta &#8230;. ed allora speriamo che arrivi&#8230;. in ogni caso\u00a0far\u00e0 sicuramente meglio !<\/p>\n<p style=\"text-align: justify;\"><strong>Salviamo il soldato Milanovic !<\/strong><\/p>\n","protected":false},"excerpt":{"rendered":"<p>Palermo: Vicenza su Di Gennaro e Milanovic &nbsp; La sessione estiva di calciomercato si \u00e8 conclusa nella nottata di ieri, ma per il Palermo ci potrebbero essere alcune operazioni in uscita che potrebbero concretizzarsi anche oltre i termini prestabiliti. Rientrerebbero in quest&#8217;ottica le possibili cessioni di Davide Di Gennaro e Milan Milanovic: i due giocatori [&hellip;]<\/p>\n","protected":false},"author":2,"featured_media":4802,"comment_status":"closed","ping_status":"open","sticky":false,"template":"","format":"standard","meta":[],"categories":[1],"tags":[66],"_links":{"self":[{"href":"http:\/\/www.rosanerosiamonoi.it\/palermocalcio\/wp-json\/wp\/v2\/posts\/4810"}],"collection":[{"href":"http:\/\/www.rosanerosiamonoi.it\/palermocalcio\/wp-json\/wp\/v2\/posts"}],"about":[{"href":"http:\/\/www.rosanerosiamonoi.it\/palermocalcio\/wp-json\/wp\/v2\/types\/post"}],"author":[{"embeddable":true,"href":"http:\/\/www.rosanerosiamonoi.it\/palermocalcio\/wp-json\/wp\/v2\/users\/2"}],"replies":[{"embeddable":true,"href":"http:\/\/www.rosanerosiamonoi.it\/palermocalcio\/wp-json\/wp\/v2\/comments?post=4810"}],"version-history":[{"count":5,"href":"http:\/\/www.rosanerosiamonoi.it\/palermocalcio\/wp-json\/wp\/v2\/posts\/4810\/revisions"}],"predecessor-version":[{"id":4819,"href":"http:\/\/www.rosanerosiamonoi.it\/palermocalcio\/wp-json\/wp\/v2\/posts\/4810\/revisions\/4819"}],"wp:featuredmedia":[{"embeddable":true,"href":"http:\/\/www.rosanerosiamonoi.it\/palermocalcio\/wp-json\/wp\/v2\/media\/4802"}],"wp:attachment":[{"href":"http:\/\/www.rosanerosiamonoi.it\/palermocalcio\/wp-json\/wp\/v2\/media?parent=4810"}],"wp:term":[{"taxonomy":"category","embeddable":true,"href":"http:\/\/www.rosanerosiamonoi.it\/palermocalcio\/wp-json\/wp\/v2\/categories?post=4810"},{"taxonomy":"post_tag","embeddable":true,"href":"http:\/\/www.rosanerosiamonoi.it\/palermocalcio\/wp-json\/wp\/v2\/tags?post=4810"}],"curies":[{"name":"wp","href":"https:\/\/api.w.org\/{rel}","templated":true}]}}