{"id":4886,"date":"2014-09-06T16:40:19","date_gmt":"2014-09-06T14:40:19","guid":{"rendered":"http:\/\/www.rosanerosiamonoi.it\/palermocalcio\/?p=4886"},"modified":"2014-09-06T17:17:16","modified_gmt":"2014-09-06T15:17:16","slug":"facciamo-gli-auguri-ad-ibi-e-simon","status":"publish","type":"post","link":"http:\/\/www.rosanerosiamonoi.it\/palermocalcio\/2014\/09\/06\/facciamo-gli-auguri-ad-ibi-e-simon\/","title":{"rendered":"Facciamo gli auguri ad Ibi e Simon !"},"content":{"rendered":"<p style=\"text-align: justify;\"><a href=\"http:\/\/www.rosanerosiamonoi.it\/palermocalcio\/2014\/09\/06\/facciamo-gli-auguri-ad-ibi-e-simon\/makinok-e-moglie\/\" rel=\"attachment wp-att-4887\"><img decoding=\"async\" loading=\"lazy\" class=\"aligncenter  wp-image-4887\" src=\"http:\/\/www.rosanerosiamonoi.it\/palermocalcio\/wp-content\/uploads\/2014\/09\/Makinok-e-moglie.jpg\" alt=\"Makinok e moglie\" width=\"380\" height=\"457\" \/><\/a><\/p>\n<p style=\"text-align: justify;\">In attesa di festeggiare con lui i suoi primi 20 gol con la maglia del Palermo , vogliamo festeggiarlo per il suo Matrimonio &#8230;.<\/p>\n<p style=\"text-align: justify;\">Un mondo di auguri e tanta felicit\u00e0 per la tua vita e la tua nuova moglie e che la tua felicit\u00e0 possiamo condividerla con un tuo grande campionato in maglia rosanero sarebbe due meravigliosi traguardi raggiunti.<\/p>\n<p style=\"text-align: justify;\"><span style=\"color: #000000;\">Simon ha sposato\u00a0la sua <strong>Ibi St\u00f8ving<\/strong>, famosa conduttrice televisiva in Danimarca. La ragazza che 4 anni fa ha perso la madre a causa del cancro, ha deciso di fare le fedi nuziali in una matrioska, bambola russa che all&#8217;interno avr\u00e0 un pensiero dedicato proprio alla madre di Ibi.<\/span><\/p>\n<p style=\"color: #1e1e26; text-align: justify;\">Oggi si \u00e8 sposato \u00a0a\u00a0<strong>Br\u00f8ndby<\/strong>, la cittadina natale, ma niente luna di miele. Il Golia di\u00a0<strong>Palermo<\/strong>,\u00a0<strong>Simon Makienok<\/strong>, \u00e8 un danese dal cognome polacco &#8211; quello della famiglia della madre &#8211; scelto perch\u00e8 pi\u00f9 singolare del comunissimo cognome paterno, Christoffersen.<\/p>\n<p style=\"color: #1e1e26; text-align: justify;\">Dopo le\u00a0<strong>nozze<\/strong>\u00a0con il Palermo di qualche giorno fa, oggi l&#8217;attaccante ha festeggiato il matrimonio con\u00a0<strong>Ibi St\u00f8ving<\/strong>\u00a0&#8211; modella e conduttrice televisiva pi\u00f9 anziana di sedici anni, come dicevamo molto nota in\u00a0<strong>Danimarca<\/strong>\u00a0&#8211; alla presenza di familiari, amici e del figlio di lei,\u00a0<strong>Anakin<\/strong>, avuto da una precedente relazione con un altro calciatore, lo svedese\u00a0<strong>Tobias Grahn.<\/strong><\/p>\n<p style=\"color: #1e1e26; text-align: justify;\"><a href=\"http:\/\/www.rosanerosiamonoi.it\/palermocalcio\/2014\/09\/06\/facciamo-gli-auguri-ad-ibi-e-simon\/makienoked-ibisposa\/\" rel=\"attachment wp-att-4894\"><img decoding=\"async\" loading=\"lazy\" class=\"aligncenter  wp-image-4894\" src=\"http:\/\/www.rosanerosiamonoi.it\/palermocalcio\/wp-content\/uploads\/2014\/09\/Makienoked-Ibisposa.jpg\" alt=\"Makienoked Ibisposa\" width=\"294\" height=\"294\" srcset=\"http:\/\/www.rosanerosiamonoi.it\/palermocalcio\/wp-content\/uploads\/2014\/09\/Makienoked-Ibisposa.jpg 200w, http:\/\/www.rosanerosiamonoi.it\/palermocalcio\/wp-content\/uploads\/2014\/09\/Makienoked-Ibisposa-150x150.jpg 150w, http:\/\/www.rosanerosiamonoi.it\/palermocalcio\/wp-content\/uploads\/2014\/09\/Makienoked-Ibisposa-50x50.jpg 50w, http:\/\/www.rosanerosiamonoi.it\/palermocalcio\/wp-content\/uploads\/2014\/09\/Makienoked-Ibisposa-144x144.jpg 144w\" sizes=\"(max-width: 294px) 100vw, 294px\" \/><\/a><\/p>\n<p style=\"color: #1e1e26; text-align: justify;\">\n<p style=\"color: #1e1e26; text-align: justify;\">\n<p style=\"color: rgb(30, 30, 38); text-align: center;\"><strong>Luna di miele particolare ma nella nostra splendida Palermo\u00a0<\/strong><\/p>\n<p style=\"color: rgb(30, 30, 38); text-align: center;\">\n<p style=\"color: rgb(30, 30, 38); text-align: justify;\"><strong>Simon , l<\/strong><strong>uned\u00ec sera arriver\u00e0\u00a0a Palermo\u00a0<\/strong>,ed \u00a0andr\u00e0 ad abitare con Ibi e con il piccolo Anakin.\u00a0nella sua nuova casa, a <strong>Mondello.<\/strong><\/p>\n<p style=\"color: #1e1e26; text-align: justify;\">Per l&#8217;attaccante alto piu di\u00a0due metri un viaggio di nozze speciale lontano dalla\u00a0piccola ma deliziosa metropoli che \u00e8\u00a0<strong>Copenaghen<\/strong>\u00a0(mezzo milione di abitanti) e dai 236 metri quadrati dell&#8217;appartamento aveva comprato il mese scorso sull&#8217;Hans Christian Andersen boulevard, per poco pi\u00f9 di sette milioni di dollari.<\/p>\n<p style=\"color: #1e1e26; text-align: justify;\">La bella\u00a0moglie\u00a0Ibi che \u00e8 una\u00a0tifosa del Liverpool, ha deciso di trasferirsi a Palermo che l&#8217;ha affascinata come il mare di Mondello dopo averla visitata nei giorni scorsi.<\/p>\n<p style=\"color: #1e1e26;\">Troveremo commenti\u00a0sulla sua avventura\u00a0in\u00a0<strong>Sicilia e da sposino<\/strong>\u00a0nel blog che i due \u00a0gestiscono assieme,<strong> ww.crystalkidbabyshark.com<\/strong> \u00a0( che dovrebbe voler dire \u00abil ragazzo di cristallo e il piccolo squalo\u00bb).<\/p>\n<p style=\"text-align: justify;\"><span style=\"color: #4a6074;\">La felicit\u00e0 non \u00e8 una stazione a cui si arriva ma un modo di viaggiare. Per voi un biglietto di prima classe. Auguri di cuore.<\/span><\/p>\n<p style=\"text-align: justify;\">Ma per non farti mancare niente &#8230;&#8230;<\/p>\n<p><span style=\"color: #4a6074;\">Che possiate vivere sempre uniti: come RAI 1 e RAI 2 come Italia 1 e Canale 5\u00a0!<\/span><br style=\"color: #4a6074;\" \/><span style=\"color: #4a6074;\">Che il vostro amore possa sempre aumentare: come le tasse\u00a0in Italia !<\/span><br style=\"color: #4a6074;\" \/><span style=\"color: #4a6074;\">Che la passione non finisca mai: come gli sceneggiati televisivi !<\/span><br style=\"color: #4a6074;\" \/><span style=\"color: #4a6074;\">Che i vostri baci siano innumerevoli: come gli emendamenti al governo italiano !<\/span><br style=\"color: #4a6074;\" \/><span style=\"color: #4a6074;\">Che i vostri nemici vengano cacciati fuori: come i fumatori !<\/span><\/p>\n<p>&nbsp;<\/p>\n<p><strong><a href=\"http:\/\/www.rosanerosiamonoi.it\/palermocalcio\/2014\/09\/06\/gallo-belotti-salva-litalia-3-2-sulla-serbia-canta-2-volte\/belotti-gallo-nazionale\/\" rel=\"attachment wp-att-4880\"><img decoding=\"async\" loading=\"lazy\" class=\"aligncenter size-full wp-image-4880\" src=\"http:\/\/www.rosanerosiamonoi.it\/palermocalcio\/wp-content\/uploads\/2014\/09\/belotti-gallo-nazionale.jpg\" alt=\"belotti gallo nazionale\" width=\"495\" height=\"265\" \/><\/a><\/strong><\/p>\n<p>&nbsp;<\/p>\n<p><a href=\"http:\/\/www.rosanerosiamonoi.it\/palermocalcio\/2014\/09\/06\/facciamo-gli-auguri-ad-ibi-e-simon\/leone-makienok\/\" rel=\"attachment wp-att-4888\"><img decoding=\"async\" loading=\"lazy\" class=\"aligncenter size-medium wp-image-4888\" src=\"http:\/\/www.rosanerosiamonoi.it\/palermocalcio\/wp-content\/uploads\/2014\/09\/leone-makienok-520x344.jpg\" alt=\"leone makienok\" width=\"520\" height=\"344\" srcset=\"http:\/\/www.rosanerosiamonoi.it\/palermocalcio\/wp-content\/uploads\/2014\/09\/leone-makienok-520x344.jpg 520w, http:\/\/www.rosanerosiamonoi.it\/palermocalcio\/wp-content\/uploads\/2014\/09\/leone-makienok.jpg 600w\" sizes=\"(max-width: 520px) 100vw, 520px\" \/><\/a><\/p>\n<p>&nbsp;<\/p>\n<p style=\"text-align: justify;\">&#8230;&#8230;. e per finire &#8230;.. che quando il <strong>&#8220;Gallo canta&#8221;<\/strong> &#8230;.. ricordati di far ruggire <strong>&#8220;il Leone&#8221;<\/strong> perch\u00e8 questo vorr\u00e0 dire che insieme avrete fatto volare in alto <strong>&#8220;l&#8217;Aquila&#8221;<\/strong> rosanero !<\/p>\n<p style=\"text-align: justify;\"><a href=\"http:\/\/www.rosanerosiamonoi.it\/palermocalcio\/2014\/09\/06\/facciamo-gli-auguri-ad-ibi-e-simon\/rosanerosiamonoi-logo-2\/\" rel=\"attachment wp-att-4889\"><img decoding=\"async\" loading=\"lazy\" class=\"aligncenter  wp-image-4889\" src=\"http:\/\/www.rosanerosiamonoi.it\/palermocalcio\/wp-content\/uploads\/2014\/09\/rosanerosiamonoi-logo.jpg\" alt=\"rosanerosiamonoi logo\" width=\"649\" height=\"153\" \/><\/a><\/p>\n","protected":false},"excerpt":{"rendered":"<p>In attesa di festeggiare con lui i suoi primi 20 gol con la maglia del Palermo , vogliamo festeggiarlo per il suo Matrimonio &#8230;. Un mondo di auguri e tanta felicit\u00e0 per la tua vita e la tua nuova moglie e che la tua felicit\u00e0 possiamo condividerla con un tuo grande campionato in maglia rosanero [&hellip;]<\/p>\n","protected":false},"author":2,"featured_media":4887,"comment_status":"closed","ping_status":"open","sticky":false,"template":"","format":"standard","meta":[],"categories":[1],"tags":[522],"_links":{"self":[{"href":"http:\/\/www.rosanerosiamonoi.it\/palermocalcio\/wp-json\/wp\/v2\/posts\/4886"}],"collection":[{"href":"http:\/\/www.rosanerosiamonoi.it\/palermocalcio\/wp-json\/wp\/v2\/posts"}],"about":[{"href":"http:\/\/www.rosanerosiamonoi.it\/palermocalcio\/wp-json\/wp\/v2\/types\/post"}],"author":[{"embeddable":true,"href":"http:\/\/www.rosanerosiamonoi.it\/palermocalcio\/wp-json\/wp\/v2\/users\/2"}],"replies":[{"embeddable":true,"href":"http:\/\/www.rosanerosiamonoi.it\/palermocalcio\/wp-json\/wp\/v2\/comments?post=4886"}],"version-history":[{"count":7,"href":"http:\/\/www.rosanerosiamonoi.it\/palermocalcio\/wp-json\/wp\/v2\/posts\/4886\/revisions"}],"predecessor-version":[{"id":4897,"href":"http:\/\/www.rosanerosiamonoi.it\/palermocalcio\/wp-json\/wp\/v2\/posts\/4886\/revisions\/4897"}],"wp:featuredmedia":[{"embeddable":true,"href":"http:\/\/www.rosanerosiamonoi.it\/palermocalcio\/wp-json\/wp\/v2\/media\/4887"}],"wp:attachment":[{"href":"http:\/\/www.rosanerosiamonoi.it\/palermocalcio\/wp-json\/wp\/v2\/media?parent=4886"}],"wp:term":[{"taxonomy":"category","embeddable":true,"href":"http:\/\/www.rosanerosiamonoi.it\/palermocalcio\/wp-json\/wp\/v2\/categories?post=4886"},{"taxonomy":"post_tag","embeddable":true,"href":"http:\/\/www.rosanerosiamonoi.it\/palermocalcio\/wp-json\/wp\/v2\/tags?post=4886"}],"curies":[{"name":"wp","href":"https:\/\/api.w.org\/{rel}","templated":true}]}}