{"id":5006,"date":"2014-09-21T12:52:13","date_gmt":"2014-09-21T10:52:13","guid":{"rendered":"http:\/\/www.rosanerosiamonoi.it\/palermocalcio\/?p=5006"},"modified":"2014-09-21T12:52:23","modified_gmt":"2014-09-21T10:52:23","slug":"palermo-inter-un-solo-obiettivo-la-vittoria","status":"publish","type":"post","link":"http:\/\/www.rosanerosiamonoi.it\/palermocalcio\/2014\/09\/21\/palermo-inter-un-solo-obiettivo-la-vittoria\/","title":{"rendered":"Palermo-Inter un solo obiettivo &#8230;la vittoria !"},"content":{"rendered":"<p style=\"text-align: justify;\"><a href=\"http:\/\/www.rosanerosiamonoi.it\/palermocalcio\/2014\/09\/21\/palermo-inter-un-solo-obiettivo-la-vittoria\/palermo-inter-logo-tifosi\/\" rel=\"attachment wp-att-5007\"><img decoding=\"async\" loading=\"lazy\" class=\"aligncenter size-medium wp-image-5007\" src=\"http:\/\/www.rosanerosiamonoi.it\/palermocalcio\/wp-content\/uploads\/2014\/09\/Palermo-Inter-logo-tifosi-520x345.jpg\" alt=\"Palermo-Inter logo tifosi\" width=\"520\" height=\"345\" srcset=\"http:\/\/www.rosanerosiamonoi.it\/palermocalcio\/wp-content\/uploads\/2014\/09\/Palermo-Inter-logo-tifosi-520x345.jpg 520w, http:\/\/www.rosanerosiamonoi.it\/palermocalcio\/wp-content\/uploads\/2014\/09\/Palermo-Inter-logo-tifosi-300x199.jpg 300w, http:\/\/www.rosanerosiamonoi.it\/palermocalcio\/wp-content\/uploads\/2014\/09\/Palermo-Inter-logo-tifosi-900x598.jpg 900w, http:\/\/www.rosanerosiamonoi.it\/palermocalcio\/wp-content\/uploads\/2014\/09\/Palermo-Inter-logo-tifosi.jpg 960w\" sizes=\"(max-width: 520px) 100vw, 520px\" \/><\/a><\/p>\n<p style=\"text-align: justify;\"><strong>Peccato lo ripeto ancora peccato !<\/strong> Oggi il Palermo dovrebbe essere capolista con 6 punti ed invece si trova con un solo punto in classifica detto <em>&#8220;papale papale&#8221;<\/em> come direbbe il mio amico Lino Banfi colpa di alcune decisioni arbitrali non proprio corrette ma sopratutto colpa nostra che non dovevamo chiuderci con la Samp nel finale ma avremmo dovuto tenere il pallone alto sulla bandierina del calcio d&#8217;angolo come poi ha fatto il Verona con noi nella partita in cui dominando siamo passati in vantaggio e noi cos\u00ec facciamo di nuovo arretriamo il baricentro e consentiamo ai giocatori veronesi di venire a bivaccare come quelli della Sampdoria nella nostra area aspettando il patatrac.<\/p>\n<p style=\"text-align: justify;\">E cos\u00ec da un rigore sacrosanto non dato su Daprel\u00e0 e furbo toni che una volta che si \u00e8 trovato tenuto dal nostro Andelkovic simulando chiss\u00e0 quale strattonamento da parte del nostro difensore si \u00e8 lasciato andare a terra lui a corpo morto e l&#8217;arbitro ha abboccato con tutto l&#8217;amo dopo avere, come detto, invece prima sorvolato su quello clamoroso subito dal Palermo.<\/p>\n<p style=\"text-align: justify;\">La rabbia qual&#8217;\u00e8 \u00e8\u00a0che la nostra squadra quando gioca e non si contrae \u00e8 una forza della natura che non deve temere nessuno ma chiss\u00e0 perch\u00e9 anzich\u00e8 andare a cercare il secondo gol facciamo come ieri a fatto il Milan prima partenza che ha messo in difficolt\u00e0 la Juve poi a contenere fino a quando non \u00e8 arrivato il gol di Tevez.<\/p>\n<p style=\"text-align: justify;\">Perch\u00e8 lo vogliamo capire\u00a0che prima o poi il gol arriva e si perdono le partite ? Tanto vale perdere per perdere giochiamoci la partita in attacco ed a viso aperto ed almeno non avremo rimpianti perch\u00e9 ne sono sicuro oggi se lo avessimo fatto in tutte e due le partite oggi avremmo 6 punti.<\/p>\n<p style=\"text-align: justify;\">Ed allora intanto schieriamo le prime punte in campo perch\u00e8 servono per fare pi\u00f9 gol quindi oggi dentro Belotti terminale offensivo e dietro di lui Vasquez e Dybala con Makienok pronto a sostituire uno dei due per sfruttare al meglio anche l&#8217;altezza ed il colpo di teste del gigante danese .<\/p>\n<p style=\"text-align: justify;\">Giochiamo per vincere e quindi partenza sparata con almeno due gol o certamente Palermo in vantaggio e poi ancora pressione sui centrocampisti nerazzurri e spinta in avanti cercando il tiro anche dei centrocampisti.<\/p>\n<p style=\"text-align: justify;\"><a href=\"http:\/\/www.rosanerosiamonoi.it\/palermocalcio\/2013\/10\/22\/video-siena-palermo-2-3-e-qui-la-festa\/belotti-2-3-siena\/\" rel=\"attachment wp-att-1528\"><img decoding=\"async\" loading=\"lazy\" class=\"aligncenter size-medium wp-image-1528\" src=\"http:\/\/www.rosanerosiamonoi.it\/palermocalcio\/wp-content\/uploads\/2013\/10\/belotti-2-3-siena-520x316.jpg\" alt=\"belotti 2-3 siena\" width=\"520\" height=\"316\" srcset=\"http:\/\/www.rosanerosiamonoi.it\/palermocalcio\/wp-content\/uploads\/2013\/10\/belotti-2-3-siena-520x316.jpg 520w, http:\/\/www.rosanerosiamonoi.it\/palermocalcio\/wp-content\/uploads\/2013\/10\/belotti-2-3-siena.jpg 658w\" sizes=\"(max-width: 520px) 100vw, 520px\" \/><\/a><\/p>\n<p style=\"text-align: justify;\"><strong>Paura dell&#8217;Inter ?<\/strong>\u00a0Assolutamente no ! Non me ne vogliamo i tifosi nerazzurri ma non dobbiamo proprio averne se il Palermo gioca in pressing ed in avanti non deve assolutamente avere paura di loro , non dimentichiamo che nell&#8217;ultima partita di campionato a Milano dopo essere passati in svantaggio per due a zero abbiamo recuperato ed avremmo meritato di vincere noi ma fin\u00ec 4-4 mentre in casa generalmente abbiamo vinto e poi nel calcolo delle possibilit\u00e0 l&#8217;Inter finora non ha preso gol in campionato quindi adesso le tocca e magari come spero ne prende anche 2.<\/p>\n<p style=\"text-align: justify;\">Mi aspetto un <strong>Sorrentino<\/strong> determinato e concentrato ed una difesa che vede l&#8217;esordio di <strong>Bamba con Andelkoovic e Terzi<\/strong> o Milanovic in attesa del campione Gonzalez.<\/p>\n<p style=\"text-align: justify;\">A\u00a0centrocampo visto il perdurare del recupero di Maresca giocatore insostituibile per me , unico vero regista del Palermo, bene <strong>Barreto , Bolzoni e Rigoni e Pisano e Lazaar<\/strong> sulle fasce con spazio anche se sar\u00e0 una partita difficile anche al brasiliano Emerson nel corso della partita , davanti <strong>Vasquez e Dybala<\/strong> e pi\u00f9 avanti ancora <strong>Belotti<\/strong> la cui presenza giustificherebbe anche la presenze dei due sulle fasce oppure una variante pi\u00f9 spregiudicata centrocampo con <strong>Barreto, Bolzoni,Rigoni e Vasquez<\/strong> ed avanti <strong>Dybala Makienok e Belotti<\/strong> .<\/p>\n<p style=\"text-align: justify;\">\n<p style=\"text-align: justify;\"><a href=\"http:\/\/www.rosanerosiamonoi.it\/palermocalcio\/2014\/07\/16\/serie-a-queste-le-amichevoli-di-oggi\/squadre-serie-a-14-15\/\" rel=\"attachment wp-att-3347\"><img decoding=\"async\" loading=\"lazy\" class=\"aligncenter size-full wp-image-3347\" src=\"http:\/\/www.rosanerosiamonoi.it\/palermocalcio\/wp-content\/uploads\/2014\/07\/squadre-serie-a-14-15.jpg\" alt=\"squadre serie a 14-15\" width=\"259\" height=\"194\" \/><\/a><\/p>\n<p style=\"text-align: justify;\">\n<p style=\"text-align: justify;\">\n<p style=\"text-align: justify;\">\n<p style=\"text-align: justify;\"><strong>TERZA GIORNATA GIRONE DI ANDATA <\/strong><\/p>\n<p style=\"text-align: justify;\"><strong>Sabato 20 settembre ore 18.00<\/strong><\/p>\n<p style=\"text-align: justify;\">Cesena-Empoli \u00a02-2<\/p>\n<p style=\"text-align: justify;\"><strong>Sabato 20 settembre ore 20.45<\/strong><\/p>\n<p style=\"text-align: justify;\">Milan Juventus 0-1<\/p>\n<p style=\"text-align: justify;\"><strong>Domenica 21 settembre ore 12.30<\/strong><\/p>\n<p style=\"text-align: justify;\">ChievoVerona-Parma<\/p>\n<p style=\"text-align: justify;\"><strong>Domenica 21 settembre ore 15.00 <\/strong><\/p>\n<p style=\"text-align: justify;\">Genoa-Lazio<\/p>\n<p style=\"text-align: justify;\">Roma-Cagliari<\/p>\n<p style=\"text-align: justify;\">Sassuolo-Sampdoria<\/p>\n<p style=\"text-align: justify;\"><strong>Domenica 21 settembre ore 18.00<\/strong><\/p>\n<p style=\"text-align: justify;\">Atalanta Fiorentina<\/p>\n<p style=\"text-align: justify;\">Udinese-Napoli<\/p>\n<p style=\"text-align: justify;\"><strong>Domenica 21 settembre ore 20.45<\/strong><\/p>\n<p style=\"text-align: justify;\">Palermo-Inter<\/p>\n<p style=\"text-align: justify;\">Torino-Hellas Verona<\/p>\n<p style=\"text-align: justify;\"><strong>PROSSIMO TURNO Marted\u00ec 23 settembre ore 20.45<\/strong><\/p>\n<p style=\"text-align: justify;\">Empoli-Milan<\/p>\n<p style=\"text-align: justify;\"><strong>Mercoled\u00ec 24 settembre ore 20.45<\/strong><\/p>\n<p style=\"text-align: justify;\">Cagliari-Torino<\/p>\n<p style=\"text-align: justify;\">Fiorentina-Sassuolo<\/p>\n<p style=\"text-align: justify;\">Hellas Verona-Genoa<\/p>\n<p style=\"text-align: justify;\">Inter-Atalanta<\/p>\n<p style=\"text-align: justify;\">Juventus-Cesena<\/p>\n<p style=\"text-align: justify;\"><strong>Napoli-Palermo <\/strong><\/p>\n<p style=\"text-align: justify;\">Parma-Roma<\/p>\n<p style=\"text-align: justify;\">Sampdoria-ChievoVerona<\/p>\n<p style=\"text-align: justify;\"><strong>Gioved\u00ec 25 settembre ore 20.45<\/strong><\/p>\n<p style=\"text-align: justify;\">Lazio-Udinese<\/p>\n<p style=\"text-align: justify;\">\n<p style=\"text-align: justify;\">\n<p style=\"text-align: justify;\"><a href=\"http:\/\/www.rosanerosiamonoi.it\/palermocalcio\/2014\/09\/21\/palermo-inter-un-solo-obiettivo-la-vittoria\/palermo-2\/\" rel=\"attachment wp-att-5008\"><img decoding=\"async\" loading=\"lazy\" class=\"aligncenter size-full wp-image-5008\" src=\"http:\/\/www.rosanerosiamonoi.it\/palermocalcio\/wp-content\/uploads\/2014\/09\/palermo.jpg\" alt=\"palermo\" width=\"288\" height=\"175\" \/><\/a><\/p>\n<p style=\"text-align: justify;\">\n<p style=\"text-align: justify;\">\n<p><strong>CLASSIFICA MARCATORI SERIE A TIM 2014 \/ 2015<\/strong><\/p>\n<p style=\"text-align: justify;\"><strong> 3 reti<\/strong>: Icardi (Inter), Menez (Milan)<\/p>\n<p style=\"text-align: justify;\"><strong>2 reti<\/strong>: Di Natale (Udinese), Honda (Milan), Osvaldo (Inter) 1 rete: trentuno calciatori<\/p>\n<p style=\"text-align: justify;\">\n<p style=\"text-align: justify;\">\n<p style=\"text-align: justify;\"><a href=\"http:\/\/www.rosanerosiamonoi.it\/palermocalcio\/2014\/09\/06\/belotti-indosso-con-orgoglio-le-maglie-del-palermo-e-quella-della-nazionale\/italy-u21-v-serbia-u21-2015-uefa-european-u21-championships-qualifier\/\" rel=\"attachment wp-att-4909\"><img decoding=\"async\" loading=\"lazy\" class=\"aligncenter size-medium wp-image-4909\" src=\"http:\/\/www.rosanerosiamonoi.it\/palermocalcio\/wp-content\/uploads\/2014\/09\/belotti-tiro-italia-520x358.jpg\" alt=\"Italy U21 v Serbia U21 - 2015 UEFA European U21 Championships Qualifier\" width=\"520\" height=\"358\" srcset=\"http:\/\/www.rosanerosiamonoi.it\/palermocalcio\/wp-content\/uploads\/2014\/09\/belotti-tiro-italia-520x358.jpg 520w, http:\/\/www.rosanerosiamonoi.it\/palermocalcio\/wp-content\/uploads\/2014\/09\/belotti-tiro-italia.jpg 594w\" sizes=\"(max-width: 520px) 100vw, 520px\" \/><\/a><\/p>\n<p style=\"text-align: justify;\">\n<p style=\"text-align: justify;\">\n<p style=\"text-align: justify;\"><strong>LE CURIOSIT\u00c0 DI PALERMO &#8211; INTER<\/strong><\/p>\n<p style=\"text-align: justify;\"><strong>Proprio contro l\u2019Inter l\u2019ultima vittoria del Palermo in A<\/strong> L\u2019ultima vittoria del Palermo in serie A \u00e8 stata proprio al \u201cBarbera\u201d contro l\u2019Inter, odierna avversaria: si gioc\u00f2 il<strong> 28 aprile 2013<\/strong> e<strong> fu 1-0 rosanero, con rete decisiva di Ilicic al 10\u2019<\/strong>. Da allora, si contano 1 pareggio e 5 sconfitte nelle 6 seguenti giornate tra finale di stagione 2012\/13 e avvio della 2014\/15.<br \/>\nInter a porta chiusa nella stagione 2014\/15 Inter a porta chiusa da 450\u2019 in gare ufficiali, nella nuova stagione: porta nerazzurra inviolata nel doppio playoff europeo contro lo Stjarnan (3-0 in Islanda, 6-0 in casa), nelle prime due giornate di serie A (0-0 a casa-Torino e 7-0 sul Sassuolo) ed all\u2019esordio nei gironi di Europa League (1-0 a Kiev sul Dnipro). <strong>L\u2019ultima rete subita dall\u2019Inter risale al 18 maggio scorso, Chievo-Inter 2-1 di campionato, autore Obinna al 90\u2019.<\/strong><\/p>\n<p style=\"text-align: justify;\">Diciamo il risultato che ci aspettiamo questa sera alla Favorita oggi Barbera.<\/p>\n<p style=\"text-align: justify;\"><strong>100 partite in A per Andreolli.<\/strong> Marco Andreolli taglia stasera il traguardo delle 100 gare in serie A, se scender\u00e0 in campo. Esordio datato 29 maggio 2005, Inter-Reggina 0-0. Le sue casacche sono state finora quelle di Inter, Roma e ChievoVerona.<\/p>\n<p style=\"text-align: justify;\"><strong>Icardi bomber del calcio italiano 2014\/15<\/strong> Con la rete segnata gioved\u00ec sera in Ucraina fanno 7: Mauro Icardi \u00e8 il bomber dei club italiani, in gare ufficiali, in questo avvio di stagione 2014\/15. L\u2019argentino ha segnato 3 reti allo Stjarnan nel playoff di Europa League (1 all\u2019andata, 2 al ritorno), 3 al Sassuolo domenica scorsa in campionato ed 1 \u2013 appunto \u2013 gioved\u00ec nell\u2019avvio dei gironi di Europa League.<\/p>\n<p style=\"text-align: justify;\">\n<p style=\"text-align: justify;\">\n<p style=\"text-align: justify;\"><a href=\"http:\/\/www.rosanerosiamonoi.it\/palermocalcio\/2014\/09\/01\/capolista-fino-al-90-poi-la-beffa-palermo-sampdoria-1-1\/img_2072-2\/\" rel=\"attachment wp-att-4765\"><img decoding=\"async\" loading=\"lazy\" class=\"aligncenter size-medium wp-image-4765\" src=\"http:\/\/www.rosanerosiamonoi.it\/palermocalcio\/wp-content\/uploads\/2014\/09\/IMG_2072-2-520x390.jpg\" alt=\"IMG_2072 (2)\" width=\"520\" height=\"390\" srcset=\"http:\/\/www.rosanerosiamonoi.it\/palermocalcio\/wp-content\/uploads\/2014\/09\/IMG_2072-2-520x390.jpg 520w, http:\/\/www.rosanerosiamonoi.it\/palermocalcio\/wp-content\/uploads\/2014\/09\/IMG_2072-2-1024x768.jpg 1024w, http:\/\/www.rosanerosiamonoi.it\/palermocalcio\/wp-content\/uploads\/2014\/09\/IMG_2072-2-900x675.jpg 900w\" sizes=\"(max-width: 520px) 100vw, 520px\" \/><\/a><\/p>\n<p style=\"text-align: justify;\">\n<p><strong>IL CALENDARIO DEL PALERMO<\/strong><\/p>\n<p style=\"text-align: justify;\"><strong>PALERMO-Sampdoria 1-1<\/strong> 1\u00b0 giornata (31 ago \u2013 25 gen) Sampdoria-PALERMO <strong>Hellas Verona-PALERMO 2-1<\/strong> 2\u00b0 giornata (14 set \u2013 1 feb) PALERMO-Hellas Verona PALERMO-Inter 3\u00b0 giornata (21 set \u2013 8 feb) Inter-PALERMO Napoli-PALERMO 4\u00b0 giornata (24 set \u2013 15 feb) PALERMO-Napoli PALERMO-Lazio 5\u00b0 giornata (28 set \u2013 22 feb) Lazio-PALERMO Empoli-PALERMO 6\u00b0 giornata (5 ott \u2013 1 mar) PALERMO-Empoli PALERMO-Cesena 7\u00b0 giornata (19 ott \u2013 8 mar) Cesena-PALERMO Juventus-PALERMO 8\u00b0 giornata (26 ott \u2013 15 mar) PALERMO-Juventus PALERMO-ChievoVerona 9\u00b0 giornata (29 ott \u2013 22 mar) ChievoVerona-PALERMO Milan-PALERMO 10\u00b0 giornata (2 nov \u2013 4 apr) PALERMO-Milan PALERMO-Udinese 11\u00b0 giornata (9 nov \u2013 12 apr) Udinese-PALERMO Genoa-PALERMO 12\u00b0 giornata (23 nov \u2013 19 apr) PALERMO-Genoa PALERMO-Parma 13\u00b0 giornata (30 nov \u2013 26 apr) Parma-PALERMO Torino-PALERMO 14\u00b0 giornata (7 dic \u2013 29 apr) PALERMO-Torino PALERMO-Sassuolo 15\u00b0 giornata (14 dic \u2013 3 mag) Sassuolo-PALERMO Atalanta-PALERMO 16\u00b0 giornata (21 dic \u2013 10 mag) PALERMO-Atalanta PALERMO-Cagliari 17\u00b0 giornata (6 gen \u2013 17 mag) Cagliari-PALERMO Fiorentina-PALERMO 18\u00b0 giornata (11 gen \u2013 24 mag) PALERMO-Fiorentina PALERMO-Roma 19\u00b0 giornata (18 gen \u2013 31 mag) Roma-PALERMO<\/p>\n<p style=\"text-align: justify;\">\n<p style=\"text-align: justify;\">\n<p style=\"text-align: justify;\"><a href=\"http:\/\/www.rosanerosiamonoi.it\/palermocalcio\/2013\/08\/26\/superhamsik-ed-il-napoli-vola\/inter-bolognarodrigopalaciocelebintervpescara_576x324\/\" rel=\"attachment wp-att-716\"><img decoding=\"async\" loading=\"lazy\" class=\"aligncenter size-medium wp-image-716\" src=\"http:\/\/www.rosanerosiamonoi.it\/palermocalcio\/wp-content\/uploads\/2013\/08\/inter-bolognarodrigopalaciocelebintervpescara_576x324-520x292.jpg\" alt=\"inter-bolognarodrigopalaciocelebintervpescara_576x324\" width=\"520\" height=\"292\" srcset=\"http:\/\/www.rosanerosiamonoi.it\/palermocalcio\/wp-content\/uploads\/2013\/08\/inter-bolognarodrigopalaciocelebintervpescara_576x324-520x292.jpg 520w, http:\/\/www.rosanerosiamonoi.it\/palermocalcio\/wp-content\/uploads\/2013\/08\/inter-bolognarodrigopalaciocelebintervpescara_576x324.jpg 576w\" sizes=\"(max-width: 520px) 100vw, 520px\" \/><\/a><\/p>\n<p style=\"text-align: justify;\">\n<p style=\"text-align: justify;\"><strong>IL CALENDARIO DELL\u2019INTER<\/strong><\/p>\n<p style=\"text-align: justify;\"><strong>Torino-INTER 0-0<\/strong> 1\u00b0 giornata (31 ago \u2013 25 gen) INTER-Torino <strong>INTER-Sassuolo 7-0<\/strong> 2\u00b0 giornata (14 set \u2013 1 feb) Sassuolo-INTER Palermo-INTER 3\u00b0 giornata (21 set \u2013 8 feb) INTER-Palermo INTER-Atalanta 4\u00b0 giornata (24 set \u2013 15 feb) Atalanta-INTER INTER-Cagliari 5\u00b0 giornata (28 set \u2013 22 feb) Cagliari-INTER Fiorentina-INTER 6\u00b0 giornata (5 ott \u2013 1 mar) INTER-Fiorentina INTER-Napoli 7\u00b0 giornata (19 ott \u2013 8 mar) Napoli-INTER Cesena-INTER 8\u00b0 giornata (26 ott \u2013 15 mar) INTER-Cesena INTER-Sampdoria 9\u00b0 giornata (29 ott \u2013 22 mar) Sampdoria-INTER Parma-INTER 10\u00b0 giornata (2 nov \u2013 4 apr) INTER-Parma INTER-Hellas Verona 11\u00b0 giornata (9 nov \u2013 12 apr) Hellas Verona-INTER Milan-INTER 12\u00b0 giornata (23 nov \u2013 19 apr) INTER-Milan Roma-INTER 13\u00b0 giornata (30 nov \u2013 26 apr) INTER-Roma INTER-Udinese 14\u00b0 giornata (7 dic \u2013 29 apr) Udinese-INTER ChievoVerona-INTER 15\u00b0 giornata (14 dic \u2013 3 mag) INTER-ChievoVerona INTER-Lazio 16\u00b0 giornata (21 dic \u2013 10 mag) Lazio-INTER Juventus-INTER 17\u00b0 giornata (6 gen \u2013 17 mag) INTER-Juventus INTER-Napoli 18\u00b0 giornata (11 gen \u2013 24 mag) Napoli-INTER Empoli-INTER 19\u00b0 giornata (18 gen \u2013 31 mag) INTER-Empoli<\/p>\n<p style=\"text-align: justify;\">\n<p style=\"text-align: justify;\">\n<p style=\"text-align: justify;\"><a href=\"http:\/\/www.rosanerosiamonoi.it\/palermocalcio\/2013\/11\/30\/conferenza-stampa-iachini-29-novembre-2013\/beppe-iachini-alla-prima-in-panchina-al-barbera\/\" rel=\"attachment wp-att-1709\"><img decoding=\"async\" loading=\"lazy\" class=\"aligncenter size-full wp-image-1709\" src=\"http:\/\/www.rosanerosiamonoi.it\/palermocalcio\/wp-content\/uploads\/2013\/11\/Beppe-Iachini-alla-prima-in-panchina-al-Barbera.jpg\" alt=\"Beppe Iachini alla prima in panchina al Barbera\" width=\"472\" height=\"264\" \/><\/a><\/p>\n<p style=\"text-align: justify;\">\n<p style=\"text-align: justify;\"><strong>GIUSEPPE IACHINI<\/strong><\/p>\n<p style=\"text-align: justify;\">LUOGO E DATA NASCITA: Ascoli Piceno, 07\/05\/1964<\/p>\n<p style=\"text-align: justify;\">LE SUE SQUADRE: Venezia (dall\u2019ottobre 2001 al giugno 2002 \u2013 collaboratore tecnico) Cesena (nel 2002\/03 \u2013 serie C-1) Vicenza (nel 2003\/04 \u2013 serie B) Piacenza (dal 2004\/05 al 2006\/07 \u2013 serie B) ChievoVerona (nel 2007\/08 \u2013 serie B; dal luglio al novembre 2008 \u2013 serie A) Brescia (dall\u2019ottobre 2009 al giugno 2010 \u2013 serie B; dal luglio al dicembre 2010 e dal febbraio al giugno 2011 \u2013 serie A) Sampdoria (dal novembre 2011 \u2013 serie B) Siena (dal dicembre 2012 al giugno 2013 \u2013 serie A) Palermo (dal settembre 2013 al giugno 2014 \u2013 serie B; nel 2014\/15 \u2013 serie A)<\/p>\n<p style=\"text-align: justify;\">LA SUA CARRIERA: 4 promozioni in serie A (ChievoVerona, 2007\/08; Brescia, 2009\/10; Sampdoria, 2011\/12; Palermo, 2013\/14) 2 sostituzioni (ChievoVerona, 2008\/09; Brescia, 2010\/11) 5 subentri (Brescia, 2009\/10 e 2010\/11; Sampdoria, 2011\/12; Siena, 2012\/13; Palermo, 2013\/14) 2 retrocessioni in serie B (Brescia, 2010\/11; Siena, 2012\/13)<\/p>\n<p style=\"text-align: justify;\">\n<p style=\"text-align: justify;\">\n<p style=\"text-align: justify;\"><a href=\"http:\/\/www.rosanerosiamonoi.it\/palermocalcio\/2014\/09\/21\/palermo-inter-un-solo-obiettivo-la-vittoria\/walter-mazzarri\/\" rel=\"attachment wp-att-5009\"><img decoding=\"async\" loading=\"lazy\" class=\"aligncenter size-medium wp-image-5009\" src=\"http:\/\/www.rosanerosiamonoi.it\/palermocalcio\/wp-content\/uploads\/2014\/09\/Walter-Mazzarri-520x292.jpg\" alt=\"Walter Mazzarri\" width=\"520\" height=\"292\" srcset=\"http:\/\/www.rosanerosiamonoi.it\/palermocalcio\/wp-content\/uploads\/2014\/09\/Walter-Mazzarri-520x292.jpg 520w, http:\/\/www.rosanerosiamonoi.it\/palermocalcio\/wp-content\/uploads\/2014\/09\/Walter-Mazzarri-300x168.jpg 300w, http:\/\/www.rosanerosiamonoi.it\/palermocalcio\/wp-content\/uploads\/2014\/09\/Walter-Mazzarri.jpg 656w\" sizes=\"(max-width: 520px) 100vw, 520px\" \/><\/a><\/p>\n<p style=\"text-align: justify;\">\n<p style=\"text-align: justify;\"><strong>WALTER MAZZARRI<\/strong><\/p>\n<p style=\"text-align: justify;\">LUOGO E DATA NASCITA: San Vincenzo (Li), 01\/10\/1961 LE SUE SQUADRE: Napoli (nel 1998\/99 \u2013 allenatore in seconda; dall\u2019ottobre 2009 al giugno 2013 \u2013 serie A) Bologna (nel 1999\/00 \u2013 allenatore in seconda; nel 2000\/01 \u2013 settore giovanile) Acireale (dal settembre 2001 al giugno 2002 \u2013 serie C-2) Pistoiese (nel 2002\/03 \u2013 serie C-1) Livorno (nel 2003\/04 \u2013 serie B) Reggina (dal 2004\/05 al 2006\/07 \u2013 serie A) Sampdoria (dal 2007\/08 al 2008\/09 \u2013 serie A) Inter (dal 2013\/14 \u2013 serie A) LA SUA CARRIERA: 2 subentri (Acireale, 2001\/02; Napoli, 2009\/10) 1 promozione in serie A (Livorno, 2003\/04) 1 coppa Italia (Napoli, 2011\/12)<\/p>\n<p><strong>LE SFIDE IACHINI &#8211; MAZZARRI Mazzarri conduce 4-2<\/strong><\/p>\n<p style=\"text-align: justify;\">Sono 9 i precedenti ufficiali tra Giuseppe Iachini e Walter Mazzarri, da allenatori: in bilancio 2 successi per il mister rosanero, 3 pareggi e 4 vittorie del coach nerazzurro.<\/p>\n<p><strong>LE SFIDE IACHINI &#8211; INTER Iachini imbattuto in gare ricche di reti<\/strong><\/p>\n<p style=\"text-align: justify;\">Tre i precedenti ufficiali tra Giuseppe Iachini e l\u2019Inter, con il mister rosanero imbattuto: bilancio \u2013 a suo favore \u2013 di 1 vittoria e 2 pareggi (ambedue per 1-1). Nei 270\u2019 in questione squadre di Iachini ed Inter sempre in gol: 5 le reti per le prime, 3 per i nerazzurri.<\/p>\n<p style=\"text-align: justify;\"><strong>LE SFIDE MAZZARRI &#8211; PALERMO Mazzarri conduce 8-5<\/strong><\/p>\n<p style=\"text-align: justify;\">Sono 19 i precedenti ufficiali tra Walter Mazzarri ed il Palermo con bilancio che vede 8 successi per il tecnico nerazzurro, 6 pareggi e 5 affermazioni siciliane.<\/p>\n<p style=\"text-align: justify;\">\u00a02003\/04 serie B Livorno Palermo 1-1 ed 1-4<\/p>\n<p style=\"text-align: justify;\">2004\/05 serie A Reggina Palermo 1-0 e 1-1<\/p>\n<p style=\"text-align: justify;\">2005\/06 serie A Reggina Palermo 2-2 e 0-1<\/p>\n<p style=\"text-align: justify;\">2006\/07 serie A Reggina Palermo 0-0 e 3-4<\/p>\n<p style=\"text-align: justify;\">2007\/08 serie A Sampdoria Palermo 3-0 e 2-0<\/p>\n<p style=\"text-align: justify;\">2008\/09 serie A Sampdoria Palermo 0-2 \u00a0e 2-2<\/p>\n<p style=\"text-align: justify;\">2009\/10 serie A Napoli Palermo 0-0 &#8212;-<\/p>\n<p style=\"text-align: justify;\">2010\/11 serie A Napoli Palermo 1-0 e 1-2<\/p>\n<p style=\"text-align: justify;\">2011\/12 serie A Napoli Palermo 2-0 e 3-1<\/p>\n<p style=\"text-align: justify;\">2012\/13 serie A Napoli Palermo 3-0 \u00a0e 3-0<\/p>\n<p style=\"text-align: justify;\">\n<p style=\"text-align: justify;\">\n<p style=\"text-align: justify;\"><a href=\"http:\/\/www.rosanerosiamonoi.it\/palermocalcio\/2014\/09\/21\/palermo-inter-un-solo-obiettivo-la-vittoria\/palermo-inter-4-4\/\" rel=\"attachment wp-att-5010\"><img decoding=\"async\" loading=\"lazy\" class=\"aligncenter size-full wp-image-5010\" src=\"http:\/\/www.rosanerosiamonoi.it\/palermocalcio\/wp-content\/uploads\/2014\/09\/palermo-inter-4-4.jpg\" alt=\"palermo-inter 4-4\" width=\"301\" height=\"168\" srcset=\"http:\/\/www.rosanerosiamonoi.it\/palermocalcio\/wp-content\/uploads\/2014\/09\/palermo-inter-4-4.jpg 301w, http:\/\/www.rosanerosiamonoi.it\/palermocalcio\/wp-content\/uploads\/2014\/09\/palermo-inter-4-4-300x167.jpg 300w\" sizes=\"(max-width: 301px) 100vw, 301px\" \/><\/a><\/p>\n<p style=\"text-align: justify;\">\n<p style=\"text-align: justify;\"><strong>Ultimi\u00a0PRECEDENTI PALERMO &#8211; INTER\u00a0<\/strong><\/p>\n<p style=\"text-align: justify;\">2011\/12 serie A Palermo Inter 4-3 e 4-4<\/p>\n<p style=\"text-align: justify;\">2012\/13 serie A Palermo Inter 1-0 e 0-1<\/p>\n<p style=\"text-align: justify;\">\n<p style=\"text-align: justify;\"><img decoding=\"async\" loading=\"lazy\" class=\"aligncenter size-medium wp-image-5011\" src=\"http:\/\/www.rosanerosiamonoi.it\/palermocalcio\/wp-content\/uploads\/2014\/09\/Paolo-Valeri-arbitro-520x312.jpg\" alt=\"Paolo Valeri arbitro\" width=\"520\" height=\"312\" srcset=\"http:\/\/www.rosanerosiamonoi.it\/palermocalcio\/wp-content\/uploads\/2014\/09\/Paolo-Valeri-arbitro-520x312.jpg 520w, http:\/\/www.rosanerosiamonoi.it\/palermocalcio\/wp-content\/uploads\/2014\/09\/Paolo-Valeri-arbitro-300x180.jpg 300w, http:\/\/www.rosanerosiamonoi.it\/palermocalcio\/wp-content\/uploads\/2014\/09\/Paolo-Valeri-arbitro.jpg 600w\" sizes=\"(max-width: 520px) 100vw, 520px\" \/><\/p>\n<p style=\"text-align: justify;\">\n<p><strong>L\u2019ARBITRO: PAOLO VALERI<\/strong><\/p>\n<p>luogo e data di nascita: Roma, 26\/05\/1978 sezione di appartenenza: Roma esordio in serie A: 23\/12\/2007 Udinese-Empoli 2-2<\/p>\n","protected":false},"excerpt":{"rendered":"<p>Peccato lo ripeto ancora peccato ! Oggi il Palermo dovrebbe essere capolista con 6 punti ed invece si trova con un solo punto in classifica detto &#8220;papale papale&#8221; come direbbe il mio amico Lino Banfi colpa di alcune decisioni arbitrali non proprio corrette ma sopratutto colpa nostra che non dovevamo chiuderci con la Samp nel [&hellip;]<\/p>\n","protected":false},"author":2,"featured_media":5007,"comment_status":"closed","ping_status":"open","sticky":false,"template":"","format":"standard","meta":[],"categories":[1],"tags":[532],"_links":{"self":[{"href":"http:\/\/www.rosanerosiamonoi.it\/palermocalcio\/wp-json\/wp\/v2\/posts\/5006"}],"collection":[{"href":"http:\/\/www.rosanerosiamonoi.it\/palermocalcio\/wp-json\/wp\/v2\/posts"}],"about":[{"href":"http:\/\/www.rosanerosiamonoi.it\/palermocalcio\/wp-json\/wp\/v2\/types\/post"}],"author":[{"embeddable":true,"href":"http:\/\/www.rosanerosiamonoi.it\/palermocalcio\/wp-json\/wp\/v2\/users\/2"}],"replies":[{"embeddable":true,"href":"http:\/\/www.rosanerosiamonoi.it\/palermocalcio\/wp-json\/wp\/v2\/comments?post=5006"}],"version-history":[{"count":2,"href":"http:\/\/www.rosanerosiamonoi.it\/palermocalcio\/wp-json\/wp\/v2\/posts\/5006\/revisions"}],"predecessor-version":[{"id":5013,"href":"http:\/\/www.rosanerosiamonoi.it\/palermocalcio\/wp-json\/wp\/v2\/posts\/5006\/revisions\/5013"}],"wp:featuredmedia":[{"embeddable":true,"href":"http:\/\/www.rosanerosiamonoi.it\/palermocalcio\/wp-json\/wp\/v2\/media\/5007"}],"wp:attachment":[{"href":"http:\/\/www.rosanerosiamonoi.it\/palermocalcio\/wp-json\/wp\/v2\/media?parent=5006"}],"wp:term":[{"taxonomy":"category","embeddable":true,"href":"http:\/\/www.rosanerosiamonoi.it\/palermocalcio\/wp-json\/wp\/v2\/categories?post=5006"},{"taxonomy":"post_tag","embeddable":true,"href":"http:\/\/www.rosanerosiamonoi.it\/palermocalcio\/wp-json\/wp\/v2\/tags?post=5006"}],"curies":[{"name":"wp","href":"https:\/\/api.w.org\/{rel}","templated":true}]}}