{"id":5022,"date":"2014-09-22T11:25:43","date_gmt":"2014-09-22T09:25:43","guid":{"rendered":"http:\/\/www.rosanerosiamonoi.it\/palermocalcio\/?p=5022"},"modified":"2014-09-22T11:26:52","modified_gmt":"2014-09-22T09:26:52","slug":"5022","status":"publish","type":"post","link":"http:\/\/www.rosanerosiamonoi.it\/palermocalcio\/2014\/09\/22\/5022\/","title":{"rendered":"Napoli: in silenzio stampa"},"content":{"rendered":"<h1 style=\"text-align: center;\"><a href=\"http:\/\/www.rosanerosiamonoi.it\/palermocalcio\/2014\/09\/22\/5022\/napoli-palermo-logo\/\" rel=\"attachment wp-att-5023\"><img decoding=\"async\" loading=\"lazy\" class=\"aligncenter  wp-image-5023\" src=\"http:\/\/www.rosanerosiamonoi.it\/palermocalcio\/wp-content\/uploads\/2014\/09\/napoli-palermo-logo.jpg\" alt=\"napoli-palermo logo\" width=\"408\" height=\"213\" srcset=\"http:\/\/www.rosanerosiamonoi.it\/palermocalcio\/wp-content\/uploads\/2014\/09\/napoli-palermo-logo.jpg 310w, http:\/\/www.rosanerosiamonoi.it\/palermocalcio\/wp-content\/uploads\/2014\/09\/napoli-palermo-logo-300x156.jpg 300w\" sizes=\"(max-width: 408px) 100vw, 408px\" \/><\/a><\/h1>\n<h1 style=\"text-align: center;\"><\/h1>\n<h1 style=\"text-align: center;\"><strong>Napoli: in silenzio stampa\u00a0<\/strong><\/h1>\n<p style=\"text-align: justify;\">La seconda sconfitta consecutiva in campionato e le presunte tensioni (successivamente smentite) negli spogliatoi di Udine in casa partenopea portano la dirigenza azzurra a prendere la decisione di mettere il bavaglio a tutti , dirigenti, allenatore e squadra.<\/p>\n<p style=\"text-align: justify;\">Il Napoli, che \u00e8 proprio il prossimo avversario del Palermo, non sta affatto vivendo un buon momento di forma, molti suoi giocatori che lanno scorso erano stati determinati concreti stentano e cos\u00ec per evitare ulteriori nervosismi come detto la cosit\u00e0 \u00a0ha optato per il silenzio stampa prima del turno infrasettimanale con i rosa.<\/p>\n<p style=\"text-align: justify;\">Bocche cucite, dunque, e squadra al riparo da\u00a0qualsiasi strumentalizzazione ed attacco. Sar\u00e0 un bene per il Palermo o trover\u00e0 una squadra che cercher\u00e0 in tutti i modi di invertire la rotta che li vede in fondo alla classifica con 3 punti appena uno di pi\u00f9 del Palermo.<\/p>\n<p style=\"text-align: justify;\">Ed Iachini, che certamente potr\u00e0 contare sull&#8217;organico un po&#8217; piu&#8217; gasato e nel contempo preparato e che si conosce meglio sopratutto per i nuovi arrivati che sono quelli che dovranno fare la differenza se finalmente mandati in campo con almeno due punte vere e non solo con due seconde punte, sapr\u00e0 tenere testa ai partenopei e magari approfittare del momento di sbandamento per approfittarne e raccogliere quei punti che avrebbe gi\u00e0 meritato nelle prime partite ed andarsi a posizionare in classifica dove certamente merita e cio\u00e8 nella parte sinistra &#8230;..<\/p>\n<p style=\"text-align: justify;\">La squadra di mister Iachini si ritrover\u00e0 questa mattina per una seduta di allenamento a porte chiuse.<\/p>\n<p style=\"text-align: justify;\">Noi siamo fiduciosi &#8230;&#8230;<\/p>\n","protected":false},"excerpt":{"rendered":"<p>Napoli: in silenzio stampa\u00a0 La seconda sconfitta consecutiva in campionato e le presunte tensioni (successivamente smentite) negli spogliatoi di Udine in casa partenopea portano la dirigenza azzurra a prendere la decisione di mettere il bavaglio a tutti , dirigenti, allenatore e squadra. Il Napoli, che \u00e8 proprio il prossimo avversario del Palermo, non sta affatto [&hellip;]<\/p>\n","protected":false},"author":2,"featured_media":5023,"comment_status":"closed","ping_status":"open","sticky":false,"template":"","format":"standard","meta":[],"categories":[1],"tags":[534],"_links":{"self":[{"href":"http:\/\/www.rosanerosiamonoi.it\/palermocalcio\/wp-json\/wp\/v2\/posts\/5022"}],"collection":[{"href":"http:\/\/www.rosanerosiamonoi.it\/palermocalcio\/wp-json\/wp\/v2\/posts"}],"about":[{"href":"http:\/\/www.rosanerosiamonoi.it\/palermocalcio\/wp-json\/wp\/v2\/types\/post"}],"author":[{"embeddable":true,"href":"http:\/\/www.rosanerosiamonoi.it\/palermocalcio\/wp-json\/wp\/v2\/users\/2"}],"replies":[{"embeddable":true,"href":"http:\/\/www.rosanerosiamonoi.it\/palermocalcio\/wp-json\/wp\/v2\/comments?post=5022"}],"version-history":[{"count":4,"href":"http:\/\/www.rosanerosiamonoi.it\/palermocalcio\/wp-json\/wp\/v2\/posts\/5022\/revisions"}],"predecessor-version":[{"id":5027,"href":"http:\/\/www.rosanerosiamonoi.it\/palermocalcio\/wp-json\/wp\/v2\/posts\/5022\/revisions\/5027"}],"wp:featuredmedia":[{"embeddable":true,"href":"http:\/\/www.rosanerosiamonoi.it\/palermocalcio\/wp-json\/wp\/v2\/media\/5023"}],"wp:attachment":[{"href":"http:\/\/www.rosanerosiamonoi.it\/palermocalcio\/wp-json\/wp\/v2\/media?parent=5022"}],"wp:term":[{"taxonomy":"category","embeddable":true,"href":"http:\/\/www.rosanerosiamonoi.it\/palermocalcio\/wp-json\/wp\/v2\/categories?post=5022"},{"taxonomy":"post_tag","embeddable":true,"href":"http:\/\/www.rosanerosiamonoi.it\/palermocalcio\/wp-json\/wp\/v2\/tags?post=5022"}],"curies":[{"name":"wp","href":"https:\/\/api.w.org\/{rel}","templated":true}]}}