{"id":5134,"date":"2014-10-08T14:09:25","date_gmt":"2014-10-08T12:09:25","guid":{"rendered":"http:\/\/www.rosanerosiamonoi.it\/palermocalcio\/?p=5134"},"modified":"2014-10-08T14:09:25","modified_gmt":"2014-10-08T12:09:25","slug":"zamparini-lavoriamo-per-uscire-dal-tunnel","status":"publish","type":"post","link":"http:\/\/www.rosanerosiamonoi.it\/palermocalcio\/2014\/10\/08\/zamparini-lavoriamo-per-uscire-dal-tunnel\/","title":{"rendered":"Zamparini: &#8220;Lavoriamo per uscire dal tunnel&#8221;"},"content":{"rendered":"<h2 style=\"text-align: center;\">Zamparini: &#8220;Lavoriamo per\u00a0uscire dal tunnel&#8221;<\/h2>\n<p>&nbsp;<\/p>\n<p><a href=\"http:\/\/www.rosanerosiamonoi.it\/palermocalcio\/2014\/04\/25\/iachini-niente-regali-da-nessuno-la-serie-a-ce-la-guadagnamo-da-soli\/zamparini-e-contdown-a-zero-traguardo-raggiunto\/\" rel=\"attachment wp-att-2827\"><img decoding=\"async\" loading=\"lazy\" class=\"aligncenter size-medium wp-image-2827\" src=\"http:\/\/www.rosanerosiamonoi.it\/palermocalcio\/wp-content\/uploads\/2014\/04\/Zamparini-e-contdown-a-zero-traguardo-raggiunto-520x316.jpg\" alt=\"Zamparini e contdown a zero - traguardo raggiunto\" width=\"520\" height=\"316\" srcset=\"http:\/\/www.rosanerosiamonoi.it\/palermocalcio\/wp-content\/uploads\/2014\/04\/Zamparini-e-contdown-a-zero-traguardo-raggiunto-520x316.jpg 520w, http:\/\/www.rosanerosiamonoi.it\/palermocalcio\/wp-content\/uploads\/2014\/04\/Zamparini-e-contdown-a-zero-traguardo-raggiunto.jpg 658w\" sizes=\"(max-width: 520px) 100vw, 520px\" \/><\/a><\/p>\n<p>&nbsp;<\/p>\n<p style=\"text-align: justify;\">Il Palermo continua\u00a0la sua preparazione in Friuli, a Gradisca d&#8217;Isonzo, in attesa della sfida diretta contro il Cesena.<\/p>\n<p style=\"text-align: justify;\">Presente agli allenamenti dei rosa c&#8217;\u00e8 anche il Presidente <strong>Maurizio Zamparin<\/strong>i, che cerca di essere positivo e sprona cos\u00ec la sua squadra: &#8220;<em>Dobbiamo tirarci fuori da questo momento negativo <\/em><strong>&#8211; <\/strong>dice a\u00a0Tuttosport<strong> &#8211;<\/strong><em> stiamo lavorando tutti insieme per riuscirci. Con Iachini abbiamo parlato di tutto, ma la base di partenza \u00e8 stata la brutta prestazione di Empoli&#8221;<\/em>.<\/p>\n<p style=\"text-align: justify;\">Il Presidente Maurizio Zamparini si \u00e8 soffermato anche\u00a0\u00a0su quello che per lui \u00e8 stato un errore di formazione di Iachini:<\/p>\n<p style=\"text-align: justify;\"><em> &#8220;Insistere con il trequartista in quella partita \u00e8 stato un errore \u00a0probabilmente il tecnico ha risentito della pressione dell&#8217;opinione pubblica e della stampa che gli chiedevano pi\u00f9 coraggio e una squadra pi\u00f9 offensiva. Ma senza Barreto, Mu\u00f1oz e Gonzalez, Vazquez non poteva risolvere tutti i problemi&#8221;<\/em><\/p>\n<p style=\"text-align: justify;\"><em>&#8220;Dobbiamo cambiare rotta e per farlo serve anche l&#8217;inserimento in squadra di chi \u00e8 arrivato in estate. Alla ripresa dovrebbe esserci anche Gonzalez, sono sicuro che le cose cambieranno&#8221;.<\/em><\/p>\n","protected":false},"excerpt":{"rendered":"<p>Zamparini: &#8220;Lavoriamo per\u00a0uscire dal tunnel&#8221; &nbsp; &nbsp; Il Palermo continua\u00a0la sua preparazione in Friuli, a Gradisca d&#8217;Isonzo, in attesa della sfida diretta contro il Cesena. Presente agli allenamenti dei rosa c&#8217;\u00e8 anche il Presidente Maurizio Zamparini, che cerca di essere positivo e sprona cos\u00ec la sua squadra: &#8220;Dobbiamo tirarci fuori da questo momento negativo &#8211; [&hellip;]<\/p>\n","protected":false},"author":2,"featured_media":295,"comment_status":"closed","ping_status":"open","sticky":false,"template":"","format":"standard","meta":[],"categories":[1],"tags":[41],"_links":{"self":[{"href":"http:\/\/www.rosanerosiamonoi.it\/palermocalcio\/wp-json\/wp\/v2\/posts\/5134"}],"collection":[{"href":"http:\/\/www.rosanerosiamonoi.it\/palermocalcio\/wp-json\/wp\/v2\/posts"}],"about":[{"href":"http:\/\/www.rosanerosiamonoi.it\/palermocalcio\/wp-json\/wp\/v2\/types\/post"}],"author":[{"embeddable":true,"href":"http:\/\/www.rosanerosiamonoi.it\/palermocalcio\/wp-json\/wp\/v2\/users\/2"}],"replies":[{"embeddable":true,"href":"http:\/\/www.rosanerosiamonoi.it\/palermocalcio\/wp-json\/wp\/v2\/comments?post=5134"}],"version-history":[{"count":1,"href":"http:\/\/www.rosanerosiamonoi.it\/palermocalcio\/wp-json\/wp\/v2\/posts\/5134\/revisions"}],"predecessor-version":[{"id":5135,"href":"http:\/\/www.rosanerosiamonoi.it\/palermocalcio\/wp-json\/wp\/v2\/posts\/5134\/revisions\/5135"}],"wp:featuredmedia":[{"embeddable":true,"href":"http:\/\/www.rosanerosiamonoi.it\/palermocalcio\/wp-json\/wp\/v2\/media\/295"}],"wp:attachment":[{"href":"http:\/\/www.rosanerosiamonoi.it\/palermocalcio\/wp-json\/wp\/v2\/media?parent=5134"}],"wp:term":[{"taxonomy":"category","embeddable":true,"href":"http:\/\/www.rosanerosiamonoi.it\/palermocalcio\/wp-json\/wp\/v2\/categories?post=5134"},{"taxonomy":"post_tag","embeddable":true,"href":"http:\/\/www.rosanerosiamonoi.it\/palermocalcio\/wp-json\/wp\/v2\/tags?post=5134"}],"curies":[{"name":"wp","href":"https:\/\/api.w.org\/{rel}","templated":true}]}}