{"id":5264,"date":"2014-11-03T12:01:50","date_gmt":"2014-11-03T11:01:50","guid":{"rendered":"http:\/\/www.rosanerosiamonoi.it\/palermocalcio\/?p=5264"},"modified":"2014-11-03T12:23:52","modified_gmt":"2014-11-03T11:23:52","slug":"grande-palermo-vince-al-meazza-san-siro","status":"publish","type":"post","link":"http:\/\/www.rosanerosiamonoi.it\/palermocalcio\/2014\/11\/03\/grande-palermo-vince-al-meazza-san-siro\/","title":{"rendered":"Grande Palermo vince al Meazza-San Siro !"},"content":{"rendered":"<p style=\"text-align: center;\"><a href=\"http:\/\/www.rosanerosiamonoi.it\/palermocalcio\/?attachment_id=\" rel=\"attachment wp-att-5265\"><img decoding=\"async\" loading=\"lazy\" class=\"aligncenter size-medium wp-image-5265\" src=\"http:\/\/www.rosanerosiamonoi.it\/palermocalcio\/wp-content\/uploads\/2014\/11\/gazzetta-milan-palermo-0-2-364x520.jpg\" alt=\"gazzetta milan-palermo 0-2\" width=\"364\" height=\"520\" \/><\/a><\/p>\n<p style=\"text-align: justify;\">Questa vittoria ci fa doppiamente felici perch\u00e9 rilancia la squadra verso posizioni di classifica pi\u00f9 corrette , anche se c&#8217;\u00e8 il rimpianto di almeno sette se non pi\u00f9 punti persi per strada in modo sciocco o poco coraggioso, e poi perch\u00e9 ha confermato che non eravamo stati folli a giocare la vittoria del Palermo a Torino contro la Juventus solo che quel giorno fossimo scesi in campo per giocarci la partita a viso aperto come abbiamo fatto ieri sera contro il Milan &#8230;. seguendo il mio principale consiglio &#8230;.. :\u00a0<strong>&#8220;Caricaaaaaaaaa!&#8221;<\/strong> e con i rossoneri i risultati si sono visti anche credo e sopratutto perch\u00e9 finalmente , gioco forza abbiamo schierato il miglior centrocampo possibile in forza nel Palermo quello con <strong>Maresca (voto 9)<\/strong> che come hanno detto tutti i commentatori \u00e8 stato uno dei protagonisti della partita dettandone i tempi con un <strong>Capitan Barreto<\/strong> <strong>(Voto 10)<\/strong> tornato a livelli altissimi grazie alla sua presenza in campo cos\u00ec come buona \u00e8 stata la prova di<strong> Bolzoni ( Voto 7)<\/strong> ma per la prima volta finalmente hanno giocato benissimo anche i due difensori esterni <strong>Morganella (Voto 7) \u00a0e\u00a0Lazaar (Voto 8)<\/strong> \u00a0autori anche loro di una prestazione eccezionale.<\/p>\n<p style=\"text-align: justify;\">Bene <strong>Sorrentino<\/strong> \u00a0come sempre in porta <strong>(Voto 7)<\/strong> ed in difesa un gigante <strong>Gonzalez (Voto 8)<\/strong> con <strong>Andelkovic (Voto 7,5)<\/strong> \u00a0e buona finalmente anche la prova di <strong>Munoz (Voto 7)<\/strong> dopo gli innumerevoli errori difensivi delle precedenti partite .<\/p>\n<p style=\"text-align: justify;\">Bravo . ma potrebbe dare di pi\u00f9 se giocasse sempre pi\u00f9 vicino alla porta<strong> Vasquez (Voto 7,5) <\/strong>secondo \u00a0me con grandi margini di miglioramento e capace di grandi giocate e per chiudere uno straordinario <strong>&#8220;Paolino&#8221; Dybala (voto 10)<\/strong> autore di una grande e generosa prestazione ed autore del gol del raddoppio in un&#8217;azione da manuale del Palermo .<\/p>\n<p style=\"text-align: justify;\">Bravi anche i sostituti entrati nel finale di partita per fare rifiatare alcuni dei protagonisti <strong>Ngoy , Belotti e Quaison.<\/strong><\/p>\n<p style=\"text-align: justify;\">E cos\u00ec finalmente giocando a viso aperto e senza timore come ho sempre creduto e sperato facessimo, tenuto conto dell&#8217;organico a disposizione , ecco che \u00e8 venuto fuori un grande risultato che dopo Napoli segna il percorso di questo Palermo che quando diventa pauroso e gioca con il 9-1-0 \u00e8 destinato come hanno dimostrato i fatti, vedi Empoli e Juventus, \u00a0&#8230; solo alla sconfitta ed il campo ha detto ieri che il miglior centrocampo per ora \u00e8 assolutamente quello con Barreto, Maresca e Bolzoni con Rigoni\u00a0in sua alternativa e non di Enzo Maresca.<\/p>\n<p style=\"text-align: justify;\">Cos\u00ec come in alcune partite anzich\u00e8 giocare con il <strong>5-3-1-1<\/strong> \u00a0si potrebbe provare a giocare anche con il <strong>3 &#8211; 4 &#8211; 3<\/strong> \u00a0cos\u00ec come con il<strong> 3-4-1-2<\/strong> o <strong>4-3-1-2 <\/strong>provando a rilanciare in difesa anche quel <strong>Milanovic<\/strong> che in ritiro era stato in assoluto il migliore in difesa con Andelkovic e che per ora non viene neanche convocato ed in questi casi troverebbe spazio anche <strong>Belotti <\/strong>assolutamente uno dei migliori attaccanti non del Palermo ma italiani insieme a\u00a0\u00a0Dybala a tenere alto il Palermo e Vasquez od accanto o poco dietro di loro .<\/p>\n<p style=\"text-align: justify;\"><a href=\"http:\/\/www.rosanerosiamonoi.it\/palermocalcio\/2014\/11\/02\/milan-palermo-conferenza-iachini\/milan-vs-palermo-logo\/\" rel=\"attachment wp-att-5259\"><img decoding=\"async\" loading=\"lazy\" class=\"aligncenter size-medium wp-image-5259\" src=\"http:\/\/www.rosanerosiamonoi.it\/palermocalcio\/wp-content\/uploads\/2014\/11\/Milan-vs-palermo-logo-520x272.jpg\" alt=\"Milan vs palermo logo\" width=\"520\" height=\"272\" srcset=\"http:\/\/www.rosanerosiamonoi.it\/palermocalcio\/wp-content\/uploads\/2014\/11\/Milan-vs-palermo-logo-520x272.jpg 520w, http:\/\/www.rosanerosiamonoi.it\/palermocalcio\/wp-content\/uploads\/2014\/11\/Milan-vs-palermo-logo-300x157.jpg 300w, http:\/\/www.rosanerosiamonoi.it\/palermocalcio\/wp-content\/uploads\/2014\/11\/Milan-vs-palermo-logo.jpg 610w\" sizes=\"(max-width: 520px) 100vw, 520px\" \/><\/a><\/p>\n<div class=\"desc-article\"><\/div>\n<div class=\"desc-article\"><\/div>\n<div class=\"desc-article\"><strong><span id=\"U90926670889FgC\">MILAN-PALERMO 0-2<\/span><\/strong><\/div>\n<div class=\"desc-article\"><\/div>\n<div class=\"desc-article\"><strong><span id=\"U90926670889WWB\">Primo tempo 0-2<\/span><\/strong><\/div>\n<div class=\"desc-article\"><\/div>\n<div class=\"desc-article\"><strong><span id=\"U90926670889elE\">MARCATORI<\/span><\/strong>: autorete di Zapata (M) al 23\u2019 e Dybala (P) al 26\u2019 p.t.<\/div>\n<div class=\"desc-article\"><\/div>\n<div class=\"desc-article\"><strong><span id=\"U90926670889OeC\">MILAN (4-3-3)<\/span><\/strong>: Diego Lopez; Abate, Alex (dal 3\u2019 p.t. Zapata), Rami, De Sciglio; Poli (dal 1\u2019 s.t. El Shaarawy), De Jong, Saponara; Honda (dal 23\u2019 s.t. Pazzini), Torres, Menez. (Agazzi, Abbiati, Albertazzi, Bonera, Zaccardo, Armero, Essien, Van Ginkel, Niang).<\/div>\n<div class=\"desc-article\"><span id=\"U90926670889PRF\">All<\/span>. Inzaghi.<\/div>\n<div class=\"desc-article\"><\/div>\n<div class=\"desc-article\" style=\"text-align: justify;\"><strong><span id=\"U90926670889IaD\">PALERMO (3-5-1-1)<\/span><\/strong>: Sorrentino; Mu\u00f1oz, Gonzalez, Andelkovic; Morganella, Bolzoni, Maresca (dal 23\u2019 s.t. Ngoyi), Barreto, Lazaar; Dybala (dal 43\u2019 s.t. Quaison), Vazquez (dal 41\u2019 s.t. Belotti). (Ujkani, Vitiello, Pisano, Terzi, Feddal, Daprel\u00e0, Della Rocca, Chochev, Quaison, Joao Silva).<\/div>\n<div class=\"desc-article\"><span id=\"U90926670889m7F\">All<\/span>. Iachini.<\/div>\n<div class=\"desc-article\"><\/div>\n<div class=\"desc-article\"><strong><span id=\"U90926670889ZUD\">ARBITRO<\/span>:<\/strong> Gervasoni di Mantova.<\/div>\n<p style=\"text-align: justify;\"><strong>Angoli<\/strong>: 4-4.<\/p>\n<p style=\"text-align: justify;\"><strong>Recupero<\/strong>: 1\u2032 e 3\u2032.<\/p>\n<p style=\"text-align: justify;\"><strong>Ammoniti:<\/strong> Gonzalez, De Jong, Morganella, Andelkovic per gioco falloso, El Shaarawy e Rami per comportamento non regolamentare.<\/p>\n<p style=\"text-align: justify;\"><strong> Spettatori:<\/strong> 28.272 per 685.563,55 euro di incasso.<\/p>\n<p style=\"text-align: justify;\"><strong>Milan-Palermo 0-2<\/strong>\u00a0\u2013<\/p>\n<p style=\"text-align: justify;\">I gol :\u00a0<strong>al 23\u2032 pt<\/strong>: su calcio d\u2019angolo di Dybala Zapata interviene in maniera goffa e anticipando un avversario batte il proprio portiere.<\/p>\n<p style=\"text-align: justify;\">Al<strong>\u00a026\u2032 pt<\/strong>: Dybala scappa palla al piede sulla sinistra bruciando Zapata e dal limite dell\u2019area piccola con un tiro mancino a incrociare trova il raddoppio.<\/p>\n<p style=\"text-align: justify;\"><a href=\"http:\/\/www.rosanerosiamonoi.it\/palermocalcio\/2014\/11\/03\/grande-palermo-vince-al-meazza-san-siro\/gazzetta-milan-palermo-02\/\" rel=\"attachment wp-att-5270\"><img decoding=\"async\" loading=\"lazy\" class=\"aligncenter size-full wp-image-5270\" src=\"http:\/\/www.rosanerosiamonoi.it\/palermocalcio\/wp-content\/uploads\/2014\/11\/gazzetta-milan-palermo-02.jpg\" alt=\"gazzetta milan-palermo-02\" width=\"350\" height=\"505\" srcset=\"http:\/\/www.rosanerosiamonoi.it\/palermocalcio\/wp-content\/uploads\/2014\/11\/gazzetta-milan-palermo-02.jpg 350w, http:\/\/www.rosanerosiamonoi.it\/palermocalcio\/wp-content\/uploads\/2014\/11\/gazzetta-milan-palermo-02-300x432.jpg 300w\" sizes=\"(max-width: 350px) 100vw, 350px\" \/><\/a><a href=\"http:\/\/www.rosanerosiamonoi.it\/palermocalcio\/2014\/11\/03\/grande-palermo-vince-al-meazza-san-siro\/corrier-dello-sport-prima_pagina_m\/\" rel=\"attachment wp-att-5271\"><img decoding=\"async\" loading=\"lazy\" class=\"aligncenter size-medium wp-image-5271\" src=\"http:\/\/www.rosanerosiamonoi.it\/palermocalcio\/wp-content\/uploads\/2014\/11\/corrier-dello-sport-prima_pagina_m-350x520.jpg\" alt=\"corrier dello sport prima_pagina_m\" width=\"350\" height=\"520\" srcset=\"http:\/\/www.rosanerosiamonoi.it\/palermocalcio\/wp-content\/uploads\/2014\/11\/corrier-dello-sport-prima_pagina_m-350x520.jpg 350w, http:\/\/www.rosanerosiamonoi.it\/palermocalcio\/wp-content\/uploads\/2014\/11\/corrier-dello-sport-prima_pagina_m.jpg 490w\" sizes=\"(max-width: 350px) 100vw, 350px\" \/><\/a><\/p>\n","protected":false},"excerpt":{"rendered":"<p>Questa vittoria ci fa doppiamente felici perch\u00e9 rilancia la squadra verso posizioni di classifica pi\u00f9 corrette , anche se c&#8217;\u00e8 il rimpianto di almeno sette se non pi\u00f9 punti persi per strada in modo sciocco o poco coraggioso, e poi perch\u00e9 ha confermato che non eravamo stati folli a giocare la vittoria del Palermo a [&hellip;]<\/p>\n","protected":false},"author":2,"featured_media":5271,"comment_status":"closed","ping_status":"open","sticky":false,"template":"","format":"standard","meta":[],"categories":[1],"tags":[571],"_links":{"self":[{"href":"http:\/\/www.rosanerosiamonoi.it\/palermocalcio\/wp-json\/wp\/v2\/posts\/5264"}],"collection":[{"href":"http:\/\/www.rosanerosiamonoi.it\/palermocalcio\/wp-json\/wp\/v2\/posts"}],"about":[{"href":"http:\/\/www.rosanerosiamonoi.it\/palermocalcio\/wp-json\/wp\/v2\/types\/post"}],"author":[{"embeddable":true,"href":"http:\/\/www.rosanerosiamonoi.it\/palermocalcio\/wp-json\/wp\/v2\/users\/2"}],"replies":[{"embeddable":true,"href":"http:\/\/www.rosanerosiamonoi.it\/palermocalcio\/wp-json\/wp\/v2\/comments?post=5264"}],"version-history":[{"count":3,"href":"http:\/\/www.rosanerosiamonoi.it\/palermocalcio\/wp-json\/wp\/v2\/posts\/5264\/revisions"}],"predecessor-version":[{"id":5277,"href":"http:\/\/www.rosanerosiamonoi.it\/palermocalcio\/wp-json\/wp\/v2\/posts\/5264\/revisions\/5277"}],"wp:featuredmedia":[{"embeddable":true,"href":"http:\/\/www.rosanerosiamonoi.it\/palermocalcio\/wp-json\/wp\/v2\/media\/5271"}],"wp:attachment":[{"href":"http:\/\/www.rosanerosiamonoi.it\/palermocalcio\/wp-json\/wp\/v2\/media?parent=5264"}],"wp:term":[{"taxonomy":"category","embeddable":true,"href":"http:\/\/www.rosanerosiamonoi.it\/palermocalcio\/wp-json\/wp\/v2\/categories?post=5264"},{"taxonomy":"post_tag","embeddable":true,"href":"http:\/\/www.rosanerosiamonoi.it\/palermocalcio\/wp-json\/wp\/v2\/tags?post=5264"}],"curies":[{"name":"wp","href":"https:\/\/api.w.org\/{rel}","templated":true}]}}