{"id":5494,"date":"2015-01-16T20:05:27","date_gmt":"2015-01-16T19:05:27","guid":{"rendered":"http:\/\/www.rosanerosiamonoi.it\/palermocalcio\/?p=5494"},"modified":"2015-01-16T20:07:40","modified_gmt":"2015-01-16T19:07:40","slug":"rosanero-siamonoi-del-16-gennaio-2015","status":"publish","type":"post","link":"http:\/\/www.rosanerosiamonoi.it\/palermocalcio\/2015\/01\/16\/rosanero-siamonoi-del-16-gennaio-2015\/","title":{"rendered":"Rosanero siamonoi del 16 Gennaio 2015"},"content":{"rendered":"<p><iframe loading=\"lazy\" src=\"\/\/www.youtube.com\/embed\/iL-DZpp2jhA\" width=\"560\" height=\"420\" frameborder=\"0\" allowfullscreen=\"allowfullscreen\"><\/iframe><\/p>\n<p>&nbsp;<\/p>\n<p>&nbsp;<\/p>\n<p style=\"text-align: justify;\">Rosanerosiamonoi del 16 Gennaio 2015 . in onda questa sera alle 21.00 \u00a0su Canale 46 (canale 94 e replica canale 692) in diretta streaming su www.canale 46.it.<\/p>\n<p style=\"text-align: justify;\">Le interviste di Fiorentina-Palermo 4-3 e Il vicepresidente della Camera dei deputati <strong>Giachetti<\/strong>\u00a0apre l\u2019incontro elogiando i due autori.<strong> Comin<\/strong> (Confindustria) e <strong>Talamo<\/strong> (Formez): un lavoro utilissimo. Ha moderato egregiamente <strong>Fabio Tricoli<\/strong> (Tg Com 24 Mediaset)<\/p>\n<p style=\"text-align: justify;\"><strong>Roma<\/strong> &#8211; \u00c8 stato presentato alla Camera dei Deputati, nella sala intitolata Aldo Moro, ad un pubblico folto e qualificato il volume di<strong> Francesco Pira<\/strong> (Direttore Responsabile) ed <strong>Andrea Altinier<\/strong> \u201cComunicazione pubblica e d\u2019impresa\u201d edito da Libreriauniversitaria.it per la collana Economia e management. .<\/p>\n<p style=\"text-align: justify;\">L\u2019incontro \u00e8 stato aperto dal<strong> Vicepresidente della Camera, Roberto Giachetti<\/strong>, e dopo di lui sono intervenuti esperti e professionisti della comunicazione come il fondatore di Comin&amp;Partners ed esponente di Confindustria, <strong>Gianluca Comin<\/strong>, il direttore di Comunicazione e Servizi al Cittadino Formez PA, <strong>Sergio Talamo<\/strong>. Il dibattito \u00e8 stato moderato dal caporedattore News Mediaset e conduttore di Tg Com 24 ,<strong> Fabio Tricoli.<\/strong><\/p>\n<p style=\"text-align: justify;\">Il vicepresidente della Camera, Roberto Giachetti ha aperto i lavori ponendo l\u2019accento sul continuo cambiamento che ha investito il mondo della comunicazione \u201ce allora ben vengano libri come questo che ti obbligano ad aprire gli occhi, a considerare che il mondo dell\u2019 informazione \u00e8 in piena trasformazione. Un mondo in cui, essenzialmente, il politico \u00e8 un prodotto da portare in tavola e il suo compito \u00e8, sostanzialmente, quello di essere buono all\u2019assaggio\u201d.<\/p>\n<p style=\"text-align: justify;\">ll lavoro di Francesco Pira e Andrea Altinier studia ed analizza le moderne tecniche di comunicazione pubblica e d\u2019impresa con un occhio sempre attento su come quest\u2019ultime si sviluppano sulla Rete.<\/p>\n<p style=\"text-align: justify;\">Il trend della comunicazione, il rapporto tra social e sistema dell\u2019informazione, la gestione delle relazioni, il newsmanagement, le relazioni istituzionali sono stati alcuni dei temi che sono stati affrontati nel corso della presentazione. La soddisfazione del cittadino e la necessit\u00e0 di una comunicazione pubblica innovativa sono stati i temi cardine sottolineati da Sergio Talamo \u201cla citizen satisfaction affrontata nel dettaglio e con precisione nel libro deve diventare un modello di riferimento\u201d. Ha detto l\u2019esperto autore anche di importanti pubblicazioni, rilevando come \u201cla comunicazione \u00e8 un arco che pu\u00f2 far partire tante frecce che in questo momento hanno smarrito la direzione\u201d.<\/p>\n<p style=\"text-align: justify;\">Gianluca Comin, invece, ha delineato altre sfumature del cambiamento della comunicazione \u201coggi la comunicazione deve fare attenzione a 360 gradi perch\u00e9 un fatto viaggia sulla Rete e pu\u00f2 fare il giro del mondo in pochi attimi. Nulla resta pi\u00f9 dentro i confini territoriali e bisogna avere piena consapevolezza della molteplicit\u00e0 di strumenti a disposizione.\u201d<\/p>\n<p style=\"text-align: justify;\">La presenza di numerosi strumenti a disposizione richiede \u201csempre pi\u00f9 professionalit\u00e0 e bisogno di strategia\u201d ha sostenuto uno dei due autori e docente dello Iusve, Andrea Altinier \u201ci contenuti vanno declinati secondo le diverse caratteristiche e punto di forza del format utilizzato. E non secondo la tecnica del copia \/ incolla del comunicato senza distinzione sul sito, sui social, sulla newsletter.\u201d<\/p>\n<p style=\"text-align: justify;\">\u201cE\u2019 importante trovare il coraggio sul serio \u2013 ha con forza scandito Francesco Pira l\u2019altro autore e docente di comunicazione all\u2019Universit\u00e0 di Messina e alla IUSVE (l\u2019Universit\u00e0 Salesiana di Mestre e Verona) \u2013 di cambiare verso. Siamo in una nuova fase di ritardo culturale. Si ripete quanto \u00e8 accaduto in passato con uno scarto importante tra i cambiamenti materiali sempre pi\u00f9 veloci, da un lato, e la cultura e quindi la comunicazione, con valori, tradizione e atteggiamenti dall\u2019altro. Con le nuove tecnologie a determinare nuovi equilibri e nuove opportunit\u00e0 o allarmi\u201d.<\/p>\n<p style=\"text-align: justify;\">Al termine tanti applausi per tutti i relatori per un pomeriggio di \u201cbuona comunicazione\u201d mentre sempre a Montecitorio c\u2019erano tante riunioni per preparare la nuova elezione del presidente della Repubblica.<\/p>\n<p style=\"text-align: justify;\">Splendida la moderazione di Fabio Tricoli capace di stimolare con grande professionalit\u00e0 sia gli autori che i relatori.<br \/>\nPalermo-Roma sabato sera anticipo alle 20.45<\/p>\n","protected":false},"excerpt":{"rendered":"<p>&nbsp; &nbsp; Rosanerosiamonoi del 16 Gennaio 2015 . in onda questa sera alle 21.00 \u00a0su Canale 46 (canale 94 e replica canale 692) in diretta streaming su www.canale 46.it. Le interviste di Fiorentina-Palermo 4-3 e Il vicepresidente della Camera dei deputati Giachetti\u00a0apre l\u2019incontro elogiando i due autori. Comin (Confindustria) e Talamo (Formez): un lavoro utilissimo. [&hellip;]<\/p>\n","protected":false},"author":2,"featured_media":5495,"comment_status":"closed","ping_status":"open","sticky":false,"template":"","format":"standard","meta":[],"categories":[1],"tags":[609,610,608],"_links":{"self":[{"href":"http:\/\/www.rosanerosiamonoi.it\/palermocalcio\/wp-json\/wp\/v2\/posts\/5494"}],"collection":[{"href":"http:\/\/www.rosanerosiamonoi.it\/palermocalcio\/wp-json\/wp\/v2\/posts"}],"about":[{"href":"http:\/\/www.rosanerosiamonoi.it\/palermocalcio\/wp-json\/wp\/v2\/types\/post"}],"author":[{"embeddable":true,"href":"http:\/\/www.rosanerosiamonoi.it\/palermocalcio\/wp-json\/wp\/v2\/users\/2"}],"replies":[{"embeddable":true,"href":"http:\/\/www.rosanerosiamonoi.it\/palermocalcio\/wp-json\/wp\/v2\/comments?post=5494"}],"version-history":[{"count":2,"href":"http:\/\/www.rosanerosiamonoi.it\/palermocalcio\/wp-json\/wp\/v2\/posts\/5494\/revisions"}],"predecessor-version":[{"id":5497,"href":"http:\/\/www.rosanerosiamonoi.it\/palermocalcio\/wp-json\/wp\/v2\/posts\/5494\/revisions\/5497"}],"wp:featuredmedia":[{"embeddable":true,"href":"http:\/\/www.rosanerosiamonoi.it\/palermocalcio\/wp-json\/wp\/v2\/media\/5495"}],"wp:attachment":[{"href":"http:\/\/www.rosanerosiamonoi.it\/palermocalcio\/wp-json\/wp\/v2\/media?parent=5494"}],"wp:term":[{"taxonomy":"category","embeddable":true,"href":"http:\/\/www.rosanerosiamonoi.it\/palermocalcio\/wp-json\/wp\/v2\/categories?post=5494"},{"taxonomy":"post_tag","embeddable":true,"href":"http:\/\/www.rosanerosiamonoi.it\/palermocalcio\/wp-json\/wp\/v2\/tags?post=5494"}],"curies":[{"name":"wp","href":"https:\/\/api.w.org\/{rel}","templated":true}]}}