{"id":5527,"date":"2015-01-27T12:41:42","date_gmt":"2015-01-27T11:41:42","guid":{"rendered":"http:\/\/www.rosanerosiamonoi.it\/palermocalcio\/?p=5527"},"modified":"2015-01-27T12:41:51","modified_gmt":"2015-01-27T11:41:51","slug":"riempiamo-il-barbera-riduzioni-per-le-gare-con-verona-napoli-ed-empoli","status":"publish","type":"post","link":"http:\/\/www.rosanerosiamonoi.it\/palermocalcio\/2015\/01\/27\/riempiamo-il-barbera-riduzioni-per-le-gare-con-verona-napoli-ed-empoli\/","title":{"rendered":"RIEMPIAMO IL BARBERA ! RIDUZIONI PER LE GARE CON VERONA, NAPOLI ED EMPOLI"},"content":{"rendered":"<p style=\"text-align: justify;\"><a href=\"http:\/\/www.rosanerosiamonoi.it\/palermocalcio\/2014\/12\/06\/in-famiglia-al-barbera-per-i-bambini-solo-2-euro-costo-biglietto-stadio\/stadio-barbera-curva-nord\/\" rel=\"attachment wp-att-5353\"><img decoding=\"async\" loading=\"lazy\" class=\"aligncenter size-medium wp-image-5353\" src=\"http:\/\/www.rosanerosiamonoi.it\/palermocalcio\/wp-content\/uploads\/2014\/12\/Stadio-Barbera-curva-Nord-520x250.jpg\" alt=\"Stadio-Barbera curva Nord\" width=\"520\" height=\"250\" srcset=\"http:\/\/www.rosanerosiamonoi.it\/palermocalcio\/wp-content\/uploads\/2014\/12\/Stadio-Barbera-curva-Nord-520x250.jpg 520w, http:\/\/www.rosanerosiamonoi.it\/palermocalcio\/wp-content\/uploads\/2014\/12\/Stadio-Barbera-curva-Nord-300x144.jpg 300w, http:\/\/www.rosanerosiamonoi.it\/palermocalcio\/wp-content\/uploads\/2014\/12\/Stadio-Barbera-curva-Nord.jpg 624w\" sizes=\"(max-width: 520px) 100vw, 520px\" \/><\/a><\/p>\n<p style=\"text-align: justify;\">\n<p style=\"text-align: justify;\">\n<p style=\"text-align: justify;\">Dopo le tariffe speciali della campagna abbonamenti\u00a0<strong>\u201cKeep Calm and Tutti al Barbera\u201d<\/strong> e la promozione <strong>\u201cIn Famiglia al Barbera\u201d<\/strong> per <strong>Palermo-Sassuolo<\/strong> e <strong>Palermo-Cagliari<\/strong>, proseguono le iniziative della Societ\u00e0 per incentivare l\u2019afflusso di tifosi rosanero al \u201cRenzo Barbera\u201d.<\/p>\n<p style=\"text-align: justify;\">La gara <strong>Palermo-Verona<\/strong> (domenica 1\u00b0 febbraio, ore 15), originariamente inserita in fascia B, rispetter\u00e0 i prezzi della FASCIA C .<\/p>\n<p style=\"text-align: justify;\"><strong>I tagliandi possono essere acquistati presso le rivendite Listicket autorizzate\u00a0e presso la Biglietteria Sud del Renzo Barbera, che sar\u00e0 attiva da gioved\u00ec 29<\/strong> rispettando i seguenti orari (chiusura anche in presenza di pubblico, orari variabili in base a determinazioni G.O.S.):<\/p>\n<p>&#8211; Gioved\u00ec 29: 16-18.30;<\/p>\n<p style=\"text-align: justify;\">&#8211; Venerd\u00ec 30: 10-13 e 16-18.30;<\/p>\n<p style=\"text-align: justify;\">&#8211; Sabato 31: 10-13;<\/p>\n<p style=\"text-align: justify;\">&#8211; Domenica 1: 10-11.<\/p>\n<p style=\"text-align: justify;\">\n<strong>I possessori di un biglietto per la gara contro la formazione veronese, inoltre, potranno acquistare un biglietto di qualsiasi settore \u00a0per Palermo-Napoli (sabato 14 febbraio, ore 20.45), gara inserita in fascia A, ad un prezzo ridotto.<\/strong> La promozione \u00e8 valida anche per gli abbonati della stagione 2014-2015.<\/p>\n<p style=\"text-align: justify;\">Questi i <strong>prezzi ridotti di Palermo-Napoli<\/strong>:<\/p>\n<p style=\"text-align: justify;\">&#8211; Curve: <strong>Intero \u20ac 26<\/strong>, ridotto Under 10 \u20ac 20;<\/p>\n<p style=\"text-align: justify;\">&#8211; Trib. Montepellegrino Sup. Lat: Intero \u20ac 35, ridotto Under 10 \u20ac 25;<\/p>\n<p style=\"text-align: justify;\">&#8211; Trib. Montepellegrino Sup. Centr.: Intero \u20ac 50, ridotto Under 10 \u20ac 35;<\/p>\n<p style=\"text-align: justify;\">&#8211; Tribuna Montepellegrino Inf. Lat.: Intero \u20ac 40, ridotto Under 10 \u20ac 30;<\/p>\n<p style=\"text-align: justify;\">&#8211; Tribuna Montepellegrino Inf. Centr: Intero \u20ac 55, ridotto Under 10 \u20ac 40;<\/p>\n<p style=\"text-align: justify;\">&#8211; Tribuna Laterale: Intero \u20ac 75, ridotto Under 10 \u20ac 55;<\/p>\n<p style=\"text-align: justify;\">&#8211; Tribuna Centrale: Intero \u20ac 115, ridotto Under 10 85 \u20ac;<\/p>\n<p style=\"text-align: justify;\">&#8211; Centralissima: Intero \u20ac 145, ridotto Under 10 NO;<\/p>\n<p style=\"text-align: justify;\">&#8211; Poltronissima Socio Sostenitore; Intero \u20ac 230, ridotto Under 10 NO.<\/p>\n<p style=\"text-align: justify;\">\n<p style=\"text-align: justify;\">\n<p style=\"text-align: justify;\"><a href=\"http:\/\/www.rosanerosiamonoi.it\/palermocalcio\/2014\/07\/22\/sorteggio-tim-cup-coppa-italia-2014-2015\/tifosi_palermo_a_roma_2013_da_youtube\/\" rel=\"attachment wp-att-3473\"><img decoding=\"async\" loading=\"lazy\" class=\"aligncenter size-full wp-image-3473\" src=\"http:\/\/www.rosanerosiamonoi.it\/palermocalcio\/wp-content\/uploads\/2014\/07\/Tifosi_Palermo_a_Roma_2013_da_youtube.jpg\" alt=\"Tifosi_Palermo_a_Roma_2013_da_youtube\" width=\"480\" height=\"360\" \/><\/a><\/p>\n<p style=\"text-align: justify;\">\n<p style=\"text-align: justify;\">\n<p style=\"text-align: justify;\">I non possessori del biglietto di Palermo-Verona potranno acquistare i biglietti della gara contro la formazione partenopea secondo il tariffario della fascia A<\/p>\n<p style=\"text-align: justify;\">\n<p style=\"text-align: justify;\">La promozione <strong>\u201cIn Famiglia al Barbera\u201d verr\u00e0 riproposta, invece, in occasione di Palermo-Empoli (domenica 1\u00b0 marzo, ore 15)<\/strong>: tutti gli abbonati della stagione 2014-2015 e coloro i quali acquisteranno un biglietto intero di fascia C per la gara contro la formazione toscana potranno acquistare fino a 2 tagliandi ridotti per donne ed under 18 <strong>al prezzo di 2 euro ciascuno<\/strong>.<\/p>\n<p style=\"text-align: justify;\"><strong>Gli abbonati ed i possessori di un biglietto per Palermo-Empoli avranno un diritto di prelazione per l\u2019acquisto dei biglietti di fascia A per Palermo-Juventus (8a giornata di ritorno).<\/strong><\/p>\n<p style=\"text-align: justify;\">\n<p style=\"text-align: justify;\">Tutte le ulteriori informazioni sulla vendita dei biglietti di <strong>Palermo-Napoli, Palermo-Empoli e Palermo-Juventus<\/strong> verranno pubblicate prossimamente su palermocalcio.it.<\/p>\n<p style=\"text-align: justify;\">\n<p style=\"text-align: justify;\">\n<p style=\"text-align: justify;\"><a href=\"http:\/\/www.rosanerosiamonoi.it\/palermocalcio\/2015\/01\/27\/riempiamo-il-barbera-riduzioni-per-le-gare-con-verona-napoli-ed-empoli\/palermo-verona\/\" rel=\"attachment wp-att-5528\"><img decoding=\"async\" loading=\"lazy\" class=\"aligncenter size-medium wp-image-5528\" src=\"http:\/\/www.rosanerosiamonoi.it\/palermocalcio\/wp-content\/uploads\/2015\/01\/palermo-verona-520x327.jpg\" alt=\"palermo-verona\" width=\"520\" height=\"327\" srcset=\"http:\/\/www.rosanerosiamonoi.it\/palermocalcio\/wp-content\/uploads\/2015\/01\/palermo-verona-520x327.jpg 520w, http:\/\/www.rosanerosiamonoi.it\/palermocalcio\/wp-content\/uploads\/2015\/01\/palermo-verona-300x189.jpg 300w, http:\/\/www.rosanerosiamonoi.it\/palermocalcio\/wp-content\/uploads\/2015\/01\/palermo-verona.jpg 540w\" sizes=\"(max-width: 520px) 100vw, 520px\" \/><\/a><\/p>\n<p>&nbsp;<\/p>\n<p>DETERMINAZIONI G.O.S. <strong>PALERMO-VERONA<\/strong>:<\/p>\n<p style=\"text-align: justify;\">&#8211; Non sar\u00e0 consentita la vendita via Internet dei biglietti;<\/p>\n<p style=\"text-align: justify;\">&#8211; Relativamente al Settore Ospiti la Societ\u00e0 comunica di essere in attesa di comunicazioni da parte del G.O.S. sull&#8217;eventuale apertura della vendita;<\/p>\n<p style=\"text-align: justify;\">&#8211; I residenti nella Regione Veneto non potranno acquistare biglietti di settori diversi dal Settore Ospiti anche se titolari di TdT e dovranno essere muniti di TdT del Verona.<\/p>\n<p style=\"text-align: justify;\">\u00a0In base a tali limitazioni non sar\u00e0 consentito il cambio nominativo su tutti i titoli d\u2019accesso (biglietti ed abbonamenti).<\/p>\n<p style=\"text-align: justify;\">\n<p style=\"text-align: justify;\">\n<p style=\"text-align: justify;\"><a href=\"http:\/\/www.rosanerosiamonoi.it\/palermocalcio\/2014\/04\/14\/presente-io-cero-trapani-palermo-0-1\/stadio-palermo-tifosi-molto-bella\/\" rel=\"attachment wp-att-2702\"><img decoding=\"async\" loading=\"lazy\" class=\"aligncenter size-full wp-image-2702\" src=\"http:\/\/www.rosanerosiamonoi.it\/palermocalcio\/wp-content\/uploads\/2014\/04\/stadio-palermo-tifosi-molto-bella.jpg\" alt=\"stadio palermo tifosi molto bella\" width=\"290\" height=\"174\" \/><\/a><\/p>\n<p style=\"text-align: justify;\">\n<p style=\"text-align: justify;\">\n<p style=\"text-align: justify;\">\u00a0IMPORTANTE:<\/p>\n<p>&#8211; A partire da questa stagione <strong>tutti gli Under 10 (nati dopo il 01-01-2005) usufruiranno di una tariffa ridotta<\/strong>: il titolo d&#8217;accesso \u00e8 obbligatorio per tutte le fasce d&#8217;et\u00e0, anche per i bambini di et\u00e0 inferiore ad un anno.<\/p>\n<p style=\"text-align: justify;\">&#8211; Presso i punti vendita autorizzati Listicket gli esercenti applicheranno una commissione fissa di 1 \u20ac (IVA inclusa) per ogni titolo emesso, oltre al prezzo del biglietto.<\/p>\n<p style=\"text-align: justify;\">\n&#8211; Si ricorda che, nel rispetto delle normative vigenti,<strong> i biglietti potranno essere acquistati solo presentando i documenti d\u2019identit\u00e0 in originale.<\/strong> Tale provvedimento \u00e8 obbligatorio anche per i minorenni.<\/p>\n","protected":false},"excerpt":{"rendered":"<p>Dopo le tariffe speciali della campagna abbonamenti\u00a0\u201cKeep Calm and Tutti al Barbera\u201d e la promozione \u201cIn Famiglia al Barbera\u201d per Palermo-Sassuolo e Palermo-Cagliari, proseguono le iniziative della Societ\u00e0 per incentivare l\u2019afflusso di tifosi rosanero al \u201cRenzo Barbera\u201d. La gara Palermo-Verona (domenica 1\u00b0 febbraio, ore 15), originariamente inserita in fascia B, rispetter\u00e0 i prezzi della FASCIA [&hellip;]<\/p>\n","protected":false},"author":2,"featured_media":4553,"comment_status":"closed","ping_status":"open","sticky":false,"template":"","format":"standard","meta":[],"categories":[1],"tags":[66,615,614],"_links":{"self":[{"href":"http:\/\/www.rosanerosiamonoi.it\/palermocalcio\/wp-json\/wp\/v2\/posts\/5527"}],"collection":[{"href":"http:\/\/www.rosanerosiamonoi.it\/palermocalcio\/wp-json\/wp\/v2\/posts"}],"about":[{"href":"http:\/\/www.rosanerosiamonoi.it\/palermocalcio\/wp-json\/wp\/v2\/types\/post"}],"author":[{"embeddable":true,"href":"http:\/\/www.rosanerosiamonoi.it\/palermocalcio\/wp-json\/wp\/v2\/users\/2"}],"replies":[{"embeddable":true,"href":"http:\/\/www.rosanerosiamonoi.it\/palermocalcio\/wp-json\/wp\/v2\/comments?post=5527"}],"version-history":[{"count":2,"href":"http:\/\/www.rosanerosiamonoi.it\/palermocalcio\/wp-json\/wp\/v2\/posts\/5527\/revisions"}],"predecessor-version":[{"id":5530,"href":"http:\/\/www.rosanerosiamonoi.it\/palermocalcio\/wp-json\/wp\/v2\/posts\/5527\/revisions\/5530"}],"wp:featuredmedia":[{"embeddable":true,"href":"http:\/\/www.rosanerosiamonoi.it\/palermocalcio\/wp-json\/wp\/v2\/media\/4553"}],"wp:attachment":[{"href":"http:\/\/www.rosanerosiamonoi.it\/palermocalcio\/wp-json\/wp\/v2\/media?parent=5527"}],"wp:term":[{"taxonomy":"category","embeddable":true,"href":"http:\/\/www.rosanerosiamonoi.it\/palermocalcio\/wp-json\/wp\/v2\/categories?post=5527"},{"taxonomy":"post_tag","embeddable":true,"href":"http:\/\/www.rosanerosiamonoi.it\/palermocalcio\/wp-json\/wp\/v2\/tags?post=5527"}],"curies":[{"name":"wp","href":"https:\/\/api.w.org\/{rel}","templated":true}]}}