{"id":5649,"date":"2015-03-21T23:29:21","date_gmt":"2015-03-21T22:29:21","guid":{"rendered":"http:\/\/www.rosanerosiamonoi.it\/palermocalcio\/?p=5649"},"modified":"2015-03-21T23:29:27","modified_gmt":"2015-03-21T22:29:27","slug":"vasquez-convocato-in-nazionale-italiana","status":"publish","type":"post","link":"http:\/\/www.rosanerosiamonoi.it\/palermocalcio\/2015\/03\/21\/vasquez-convocato-in-nazionale-italiana\/","title":{"rendered":"VASQUEZ convocato in Nazionale Italiana"},"content":{"rendered":"<p style=\"text-align: center;\"><a href=\"http:\/\/www.rosanerosiamonoi.it\/palermocalcio\/2015\/03\/21\/vasquez-convocato-in-nazionale-italiana\/vasquez-2\/\" rel=\"attachment wp-att-5651\"><img decoding=\"async\" loading=\"lazy\" class=\"aligncenter size-full wp-image-5651\" src=\"http:\/\/www.rosanerosiamonoi.it\/palermocalcio\/wp-content\/uploads\/2015\/03\/vasquez.jpg\" alt=\"vasquez\" width=\"436\" height=\"245\" srcset=\"http:\/\/www.rosanerosiamonoi.it\/palermocalcio\/wp-content\/uploads\/2015\/03\/vasquez.jpg 436w, http:\/\/www.rosanerosiamonoi.it\/palermocalcio\/wp-content\/uploads\/2015\/03\/vasquez-300x169.jpg 300w\" sizes=\"(max-width: 436px) 100vw, 436px\" \/><\/a><\/p>\n<p style=\"text-align: justify;\">\n<p style=\"text-align: justify;\">\n<p style=\"text-align: justify;\">La<strong> Nazionale Italiana ritrova i colori rosanero<\/strong> . Uno del presente <strong>Vasquez<\/strong> ma anche un ex campione del mondo &#8230; che vestiva la maglia del Palermo con Christian Zaccardo, Fabio <em>Grosso<\/em> e Simone\u00a0<em>Barone<\/em>\u00a0&#8230;.. lo straordinario <strong>Andrea <\/strong><em><strong>Barzagli<\/strong> convocati tutti e due da Conte.<\/em><\/p>\n<p style=\"text-align: justify;\">Ma fra i convocati troviamo anche un altro ex &#8230; il portiere<strong> Sirigu.<\/strong><\/p>\n<p style=\"text-align: justify;\">Eder, <strong>Vazquez<\/strong> e Valdifiori sono le novit\u00e0 tra i 26 convocati azzurri per la partita di qualificazione europea con la Bulgaria e la successiva amichevole con l\u2019Inghilterra: prima chiamata in assoluto per due sudamericani di passaporto italiano (Eder \u00e8 brasiliano,<strong> Vazquez argentino di mamma padovana<\/strong>) e per il centrocampista dell\u2019Empoli. Della lista del ct Conte non fanno parte Daniele De Rossi, che attraversa uno stato di forma non ottimale, e Andrea Pirlo, mentre rientra lo juventino Barzagli dopo il lungo stop per infortunio.<\/p>\n<p style=\"text-align: justify;\"><strong>Sabato prossimo a Sofia<\/strong><\/p>\n<p style=\"text-align: justify;\">La Federcalcio ha ufficializzato la lista completa dei convocati per i prossimi impegni della Nazionale,<strong> il match del 28 marzo a Sofia e per l\u2019amichevole con l\u2019Inghilterra in programma il 31 allo Juventus Stadium di Torino.<\/strong> Il centrocampista dell\u2019Empoli e gli attaccanti di Sampdoria e Palermo sono alla loro prima chiamata in Nazionale, mentre Andrea Barzagli torna nove mesi dopo l\u2019ultima apparizione con l\u2019Uruguay nel Mondiale brasiliano.<\/p>\n<p style=\"text-align: justify;\">\n<strong>La lista degli azzurri<\/strong><br \/>\nI 26 azzurri convocati dal ct, Antonio Conte, <strong>si raduneranno entro la mezzanotte di domani a Coverciano e da luned\u00ec a gioved\u00ec sosterranno una doppia seduta di allenamenti sul campo del Centro tecnico federale.<\/strong> Venerd\u00ec pomeriggio la squadra partir\u00e0 per Sofia, dove sabato affronter\u00e0 i padroni di casa allo Stadio `Vasil Levski\u00b4 <strong>(ore 21.45 locali, le 20.45 italiane)<\/strong>. Al termine del match la nazionale raggiunger\u00e0 Torino e luned\u00ec 30 sosterr\u00e0 l\u2019allenamento di rifinitura sul terreno di gioco dello `Juventus Stadium\u00b4 alla vigilia dell\u2019amichevole con l\u2019Inghilterra in programma <strong>marted\u00ec 31 marzo (ore 20.45)<\/strong>.<\/p>\n<p style=\"text-align: justify;\">\n<strong>Questi i convocati<\/strong><\/p>\n<p style=\"text-align: justify;\"><strong>Portieri:<\/strong> Buffon (Juventus), Perin (Genoa), Sirigu (Paris Saint Germain);<\/p>\n<p style=\"text-align: justify;\"><strong>Difensori:<\/strong> Barzagli (Juventus), Bonucci (Juventus), Chiellini (Juventus), Moretti (Torino), Ranocchia (Inter);<\/p>\n<p style=\"text-align: justify;\"><strong>Centrocampisti:<\/strong> Antonelli (Milan), Bertolacci (Genoa), Candreva (Lazio), Cerci (Milan), Darmian (Torino), Florenzi (Roma), Marchisio (Juventus), Parolo (Lazio), Pasqual (Fiorentina), Soriano (Sampdoria), Valdifiori (Empoli), Verratti (Paris Saint Germain);<\/p>\n<p style=\"text-align: justify;\"><strong>Attaccanti:<\/strong> Eder (Sampdoria), Gabbiadini (Napoli), Immobile (Borussia Dortmund), Pelle\u2019 (Southampton),<strong> Vazquez (Palermo),<\/strong> Zaza (Sassuolo). (ANSA).<\/p>\n","protected":false},"excerpt":{"rendered":"<p>La Nazionale Italiana ritrova i colori rosanero . Uno del presente Vasquez ma anche un ex campione del mondo &#8230; che vestiva la maglia del Palermo con Christian Zaccardo, Fabio Grosso e Simone\u00a0Barone\u00a0&#8230;.. lo straordinario Andrea Barzagli convocati tutti e due da Conte. Ma fra i convocati troviamo anche un altro ex &#8230; il portiere [&hellip;]<\/p>\n","protected":false},"author":2,"featured_media":5489,"comment_status":"closed","ping_status":"open","sticky":false,"template":"","format":"standard","meta":[],"categories":[7,1],"tags":[634,481,633],"_links":{"self":[{"href":"http:\/\/www.rosanerosiamonoi.it\/palermocalcio\/wp-json\/wp\/v2\/posts\/5649"}],"collection":[{"href":"http:\/\/www.rosanerosiamonoi.it\/palermocalcio\/wp-json\/wp\/v2\/posts"}],"about":[{"href":"http:\/\/www.rosanerosiamonoi.it\/palermocalcio\/wp-json\/wp\/v2\/types\/post"}],"author":[{"embeddable":true,"href":"http:\/\/www.rosanerosiamonoi.it\/palermocalcio\/wp-json\/wp\/v2\/users\/2"}],"replies":[{"embeddable":true,"href":"http:\/\/www.rosanerosiamonoi.it\/palermocalcio\/wp-json\/wp\/v2\/comments?post=5649"}],"version-history":[{"count":2,"href":"http:\/\/www.rosanerosiamonoi.it\/palermocalcio\/wp-json\/wp\/v2\/posts\/5649\/revisions"}],"predecessor-version":[{"id":5653,"href":"http:\/\/www.rosanerosiamonoi.it\/palermocalcio\/wp-json\/wp\/v2\/posts\/5649\/revisions\/5653"}],"wp:featuredmedia":[{"embeddable":true,"href":"http:\/\/www.rosanerosiamonoi.it\/palermocalcio\/wp-json\/wp\/v2\/media\/5489"}],"wp:attachment":[{"href":"http:\/\/www.rosanerosiamonoi.it\/palermocalcio\/wp-json\/wp\/v2\/media?parent=5649"}],"wp:term":[{"taxonomy":"category","embeddable":true,"href":"http:\/\/www.rosanerosiamonoi.it\/palermocalcio\/wp-json\/wp\/v2\/categories?post=5649"},{"taxonomy":"post_tag","embeddable":true,"href":"http:\/\/www.rosanerosiamonoi.it\/palermocalcio\/wp-json\/wp\/v2\/tags?post=5649"}],"curies":[{"name":"wp","href":"https:\/\/api.w.org\/{rel}","templated":true}]}}