{"id":5701,"date":"2015-04-24T16:33:04","date_gmt":"2015-04-24T14:33:04","guid":{"rendered":"http:\/\/www.rosanerosiamonoi.it\/palermocalcio\/?p=5701"},"modified":"2015-04-24T16:33:04","modified_gmt":"2015-04-24T14:33:04","slug":"zamparini-spero-che-dybala-finisca-al-napoli","status":"publish","type":"post","link":"http:\/\/www.rosanerosiamonoi.it\/palermocalcio\/2015\/04\/24\/zamparini-spero-che-dybala-finisca-al-napoli\/","title":{"rendered":"Zamparini: \u00abSpero che Dybala finisca al Napoli\u00bb"},"content":{"rendered":"<h2 style=\"text-align: center;\"><strong>Zamparini: \u00abSpero che Dybala finisca al Napoli\u00bb<\/strong><\/h2>\n<h4 style=\"text-align: center;\">Il presidente del Palermo: \u00abSto parlando con De Laurentiis \u00a0che si \u00e8 mosso personalmente per il giocatore e spero che possa acquistarlo\u00bb<\/h4>\n<p>&nbsp;<\/p>\n<p>&nbsp;<\/p>\n<p style=\"text-align: center;\"><a href=\"http:\/\/www.rosanerosiamonoi.it\/palermocalcio\/2014\/08\/31\/palermo-sampdoria-come-la-giocheremmo-noi\/palermo-vs-sampdoria-serie-a-tim-20122013\/\" rel=\"attachment wp-att-4736\"><img decoding=\"async\" loading=\"lazy\" class=\"aligncenter size-medium wp-image-4736\" src=\"http:\/\/www.rosanerosiamonoi.it\/palermocalcio\/wp-content\/uploads\/2014\/08\/palermo_sampdoria_raddoppio_dybala-520x285.jpg\" alt=\"Palermo vs. Sampdoria - Serie A Tim 2012\/2013\" width=\"520\" height=\"285\" srcset=\"http:\/\/www.rosanerosiamonoi.it\/palermocalcio\/wp-content\/uploads\/2014\/08\/palermo_sampdoria_raddoppio_dybala-520x285.jpg 520w, http:\/\/www.rosanerosiamonoi.it\/palermocalcio\/wp-content\/uploads\/2014\/08\/palermo_sampdoria_raddoppio_dybala-1024x561.jpg 1024w, http:\/\/www.rosanerosiamonoi.it\/palermocalcio\/wp-content\/uploads\/2014\/08\/palermo_sampdoria_raddoppio_dybala-900x493.jpg 900w, http:\/\/www.rosanerosiamonoi.it\/palermocalcio\/wp-content\/uploads\/2014\/08\/palermo_sampdoria_raddoppio_dybala.jpg 1400w\" sizes=\"(max-width: 520px) 100vw, 520px\" \/><\/a><\/p>\n<p>&nbsp;<br \/>\nROMA &#8211; 24 Aprile 2015<\/p>\n<p>&#8211;\u00a0<strong>Napoli-Dnipro e Siviglia-Fiorentina?<\/strong><\/p>\n<p style=\"text-align: justify;\">&#8220;<em>Il Napoli merita di stare in Champions e l\u2019Europa League pu\u00f2 essere una porta visto che quella del campionato \u00e8 diventata difficile. L\u2019organico del Napoli \u00e8 forte abbastanza da poter pensare che vincer\u00e0 la competizione<\/em>&#8220;.<\/p>\n<p style=\"text-align: justify;\">Cos\u00ec il presidente del Palermo Zamparini ha parlato a Radio Crc del sorteggio che ha visto protagoniste le tre italiane in Champions e Europa League.<\/p>\n<p style=\"text-align: justify;\"><strong>Il Napoli su Dybala?<\/strong><em>\u00a0<\/em><\/p>\n<p style=\"text-align: justify;\"><em>&#8220;\u00c8 vero, De Laurentiis si \u00e8 mosso personalmente e molto probabilmente anche senza la Champions migliorer\u00e0 la squadra. Il presidente del Napoli mi ha contattato, ci vedremo a breve, ma ci lega una stima reciproca ed un\u2019amicizia profonda. \u00c8 chiaro che i rapporti che ho con Aurelio sono particolari e spero possa prenderlo perch\u00e9 Dybala \u00e8 il nuovo Messi<\/em>\u00bb, ha concluso Zamparini<\/p>\n","protected":false},"excerpt":{"rendered":"<p>Zamparini: \u00abSpero che Dybala finisca al Napoli\u00bb Il presidente del Palermo: \u00abSto parlando con De Laurentiis \u00a0che si \u00e8 mosso personalmente per il giocatore e spero che possa acquistarlo\u00bb &nbsp; &nbsp; &nbsp; ROMA &#8211; 24 Aprile 2015 &#8211;\u00a0Napoli-Dnipro e Siviglia-Fiorentina? &#8220;Il Napoli merita di stare in Champions e l\u2019Europa League pu\u00f2 essere una porta visto [&hellip;]<\/p>\n","protected":false},"author":2,"featured_media":1951,"comment_status":"closed","ping_status":"open","sticky":false,"template":"","format":"standard","meta":[],"categories":[1],"tags":[50,645,646,41],"_links":{"self":[{"href":"http:\/\/www.rosanerosiamonoi.it\/palermocalcio\/wp-json\/wp\/v2\/posts\/5701"}],"collection":[{"href":"http:\/\/www.rosanerosiamonoi.it\/palermocalcio\/wp-json\/wp\/v2\/posts"}],"about":[{"href":"http:\/\/www.rosanerosiamonoi.it\/palermocalcio\/wp-json\/wp\/v2\/types\/post"}],"author":[{"embeddable":true,"href":"http:\/\/www.rosanerosiamonoi.it\/palermocalcio\/wp-json\/wp\/v2\/users\/2"}],"replies":[{"embeddable":true,"href":"http:\/\/www.rosanerosiamonoi.it\/palermocalcio\/wp-json\/wp\/v2\/comments?post=5701"}],"version-history":[{"count":1,"href":"http:\/\/www.rosanerosiamonoi.it\/palermocalcio\/wp-json\/wp\/v2\/posts\/5701\/revisions"}],"predecessor-version":[{"id":5702,"href":"http:\/\/www.rosanerosiamonoi.it\/palermocalcio\/wp-json\/wp\/v2\/posts\/5701\/revisions\/5702"}],"wp:featuredmedia":[{"embeddable":true,"href":"http:\/\/www.rosanerosiamonoi.it\/palermocalcio\/wp-json\/wp\/v2\/media\/1951"}],"wp:attachment":[{"href":"http:\/\/www.rosanerosiamonoi.it\/palermocalcio\/wp-json\/wp\/v2\/media?parent=5701"}],"wp:term":[{"taxonomy":"category","embeddable":true,"href":"http:\/\/www.rosanerosiamonoi.it\/palermocalcio\/wp-json\/wp\/v2\/categories?post=5701"},{"taxonomy":"post_tag","embeddable":true,"href":"http:\/\/www.rosanerosiamonoi.it\/palermocalcio\/wp-json\/wp\/v2\/tags?post=5701"}],"curies":[{"name":"wp","href":"https:\/\/api.w.org\/{rel}","templated":true}]}}