{"id":5827,"date":"2015-06-09T02:24:41","date_gmt":"2015-06-09T00:24:41","guid":{"rendered":"http:\/\/www.rosanerosiamonoi.it\/palermocalcio\/?p=5827"},"modified":"2015-06-09T02:27:19","modified_gmt":"2015-06-09T00:27:19","slug":"aleksandar-trajkovski-e-un-nuovo-attaccante-del-palermo","status":"publish","type":"post","link":"http:\/\/www.rosanerosiamonoi.it\/palermocalcio\/2015\/06\/09\/aleksandar-trajkovski-e-un-nuovo-attaccante-del-palermo\/","title":{"rendered":"Aleksandar Trajkovski \u00e8 un nuovo attaccante del Palermo"},"content":{"rendered":"<p style=\"text-align: justify;\"><a href=\"http:\/\/www.rosanerosiamonoi.it\/palermocalcio\/2015\/06\/09\/aleksandar-trajkovski-e-un-nuovo-attaccante-del-palermo\/aleksandar-trajkovski1\/\" rel=\"attachment wp-att-5829\"><img decoding=\"async\" loading=\"lazy\" class=\"aligncenter size-medium wp-image-5829\" src=\"http:\/\/www.rosanerosiamonoi.it\/palermocalcio\/wp-content\/uploads\/2015\/06\/Aleksandar-Trajkovski1-520x293.png\" alt=\"Aleksandar Trajkovski1\" width=\"520\" height=\"293\" srcset=\"http:\/\/www.rosanerosiamonoi.it\/palermocalcio\/wp-content\/uploads\/2015\/06\/Aleksandar-Trajkovski1-520x293.png 520w, http:\/\/www.rosanerosiamonoi.it\/palermocalcio\/wp-content\/uploads\/2015\/06\/Aleksandar-Trajkovski1-300x169.png 300w, http:\/\/www.rosanerosiamonoi.it\/palermocalcio\/wp-content\/uploads\/2015\/06\/Aleksandar-Trajkovski1.png 640w\" sizes=\"(max-width: 520px) 100vw, 520px\" \/><\/a><\/p>\n<p style=\"text-align: justify;\">\n<p style=\"text-align: justify;\">\n<p style=\"text-align: justify;\">\n<p style=\"text-align: justify;\">\n<p style=\"text-align: justify;\">Il Palermo calcio ha ufficializzato, tramite il suo sito ufficiale, l\u2019acquisto dell\u2019attaccante macedone, classe \u201992 , <strong>Aleksandar Trajkovski<\/strong>\u00a0, che ha militato nell\u2019ultima stagione nello Zulte Waregem, squadra della massima serie del campionato belga dove ha giocato 24 partite realizzando tre gol.<\/p>\n<p style=\"text-align: justify;\">Gioca prevalentemente da trequartista ed il lato preferito \u00e8 la sinistra ma pu\u00f2 giocare anche a destra e nel 4-3-3 pu\u00f2 anche fare la punta centrale&#8230; un giocatore eclettico di quelli che piacciono a Iachini che speriamo sappia fare esplodere in campionato come\u00a0Dybala e Vasquez anche lui.<\/p>\n<p style=\"text-align: justify;\">\n<p style=\"text-align: justify;\"><a href=\"http:\/\/www.rosanerosiamonoi.it\/palermocalcio\/2015\/06\/09\/aleksandar-trajkovski-e-un-nuovo-attaccante-del-palermo\/aleksandar-trajkovski\/\" rel=\"attachment wp-att-5828\"><img decoding=\"async\" loading=\"lazy\" class=\"aligncenter  wp-image-5828\" src=\"http:\/\/www.rosanerosiamonoi.it\/palermocalcio\/wp-content\/uploads\/2015\/06\/Aleksandar-Trajkovski.jpg\" alt=\"Aleksandar Trajkovski\" width=\"277\" height=\"155\" \/><\/a><\/p>\n<p style=\"text-align: justify;\">\n<p style=\"text-align: justify;\">\n<p style=\"text-align: justify;\">Intervenuto ai microfoni dell\u2019U.S. Citt\u00e0 di Palermo, il neo-acquisto rosanero <strong>Aleksandar Trajkovski<\/strong> si \u00e8 detto estremamente soddisfatto del suo trasferimento in Sicilia: \u00abSono molto contento di essere arrivato in questo club. Questa per me \u00e8 una sfida, un passo avanti notevole. Spero di raggiungere grandi traguardi nelle prossime stagioni. Ho sempre guardato la Serie A e ho seguito anche il Palermo e quando ho ricevuto l\u2019offerta del club sono stato particolarmente felice. \u00c8 stato sempre il mio sogno giocare in un campionato e in paese cos\u00ec importanti. Ai tifosi voglio dire che dar\u00f2 tutto per questi colori. Voglio ottenere il massimo con questa maglia\u00bb.<\/p>\n","protected":false},"excerpt":{"rendered":"<p>Il Palermo calcio ha ufficializzato, tramite il suo sito ufficiale, l\u2019acquisto dell\u2019attaccante macedone, classe \u201992 , Aleksandar Trajkovski\u00a0, che ha militato nell\u2019ultima stagione nello Zulte Waregem, squadra della massima serie del campionato belga dove ha giocato 24 partite realizzando tre gol. Gioca prevalentemente da trequartista ed il lato preferito \u00e8 la sinistra ma pu\u00f2 giocare [&hellip;]<\/p>\n","protected":false},"author":2,"featured_media":5829,"comment_status":"closed","ping_status":"open","sticky":false,"template":"","format":"standard","meta":[],"categories":[1],"tags":[674,114,675],"_links":{"self":[{"href":"http:\/\/www.rosanerosiamonoi.it\/palermocalcio\/wp-json\/wp\/v2\/posts\/5827"}],"collection":[{"href":"http:\/\/www.rosanerosiamonoi.it\/palermocalcio\/wp-json\/wp\/v2\/posts"}],"about":[{"href":"http:\/\/www.rosanerosiamonoi.it\/palermocalcio\/wp-json\/wp\/v2\/types\/post"}],"author":[{"embeddable":true,"href":"http:\/\/www.rosanerosiamonoi.it\/palermocalcio\/wp-json\/wp\/v2\/users\/2"}],"replies":[{"embeddable":true,"href":"http:\/\/www.rosanerosiamonoi.it\/palermocalcio\/wp-json\/wp\/v2\/comments?post=5827"}],"version-history":[{"count":4,"href":"http:\/\/www.rosanerosiamonoi.it\/palermocalcio\/wp-json\/wp\/v2\/posts\/5827\/revisions"}],"predecessor-version":[{"id":5833,"href":"http:\/\/www.rosanerosiamonoi.it\/palermocalcio\/wp-json\/wp\/v2\/posts\/5827\/revisions\/5833"}],"wp:featuredmedia":[{"embeddable":true,"href":"http:\/\/www.rosanerosiamonoi.it\/palermocalcio\/wp-json\/wp\/v2\/media\/5829"}],"wp:attachment":[{"href":"http:\/\/www.rosanerosiamonoi.it\/palermocalcio\/wp-json\/wp\/v2\/media?parent=5827"}],"wp:term":[{"taxonomy":"category","embeddable":true,"href":"http:\/\/www.rosanerosiamonoi.it\/palermocalcio\/wp-json\/wp\/v2\/categories?post=5827"},{"taxonomy":"post_tag","embeddable":true,"href":"http:\/\/www.rosanerosiamonoi.it\/palermocalcio\/wp-json\/wp\/v2\/tags?post=5827"}],"curies":[{"name":"wp","href":"https:\/\/api.w.org\/{rel}","templated":true}]}}