{"id":5860,"date":"2015-06-15T14:31:40","date_gmt":"2015-06-15T12:31:40","guid":{"rendered":"http:\/\/www.rosanerosiamonoi.it\/palermocalcio\/?p=5860"},"modified":"2015-06-15T14:31:51","modified_gmt":"2015-06-15T12:31:51","slug":"rilancio-per-duarte-e-calleri-tutte-le-trattative-in-corso","status":"publish","type":"post","link":"http:\/\/www.rosanerosiamonoi.it\/palermocalcio\/2015\/06\/15\/rilancio-per-duarte-e-calleri-tutte-le-trattative-in-corso\/","title":{"rendered":"Rilancio per Duarte &#8230;. e Calleri &#8230; tutte le trattative in corso &#8230;"},"content":{"rendered":"<div class=\"itemFullText\">\n<p><a href=\"http:\/\/www.rosanerosiamonoi.it\/palermocalcio\/2014\/07\/26\/per-la-difesa-si-guarda-al-catania\/duarte_costarica\/\" rel=\"attachment wp-att-3538\"><img decoding=\"async\" loading=\"lazy\" class=\"aligncenter size-medium wp-image-3538\" src=\"http:\/\/www.rosanerosiamonoi.it\/palermocalcio\/wp-content\/uploads\/2014\/07\/duarte_costarica-520x332.jpg\" alt=\"duarte_costarica\" width=\"520\" height=\"332\" srcset=\"http:\/\/www.rosanerosiamonoi.it\/palermocalcio\/wp-content\/uploads\/2014\/07\/duarte_costarica-520x332.jpg 520w, http:\/\/www.rosanerosiamonoi.it\/palermocalcio\/wp-content\/uploads\/2014\/07\/duarte_costarica.jpg 600w\" sizes=\"(max-width: 520px) 100vw, 520px\" \/><\/a><\/p>\n<p>&nbsp;<\/p>\n<p style=\"text-align: justify;\">Secondo quanto riportato da &#8220;Il Corriere dello Sport&#8221; il <strong>Palermo<\/strong>\u00a0avrebbe rilanciato\u00a0per il centrale difensivo Oscar <strong>Duarte<\/strong>, con il vizio del gol.<\/p>\n<p style=\"text-align: justify;\">Il costaricano piace molto a Beppe <strong>Iachini<\/strong> che lo avrebbe richiesto per completare la sua difesa che vede riconfermati Gonzalez e Vitiello con Andelkovic.<\/p>\n<p style=\"text-align: justify;\">Prevista dunque una nuova trattativa con il<strong> Club Bruges<\/strong>.<\/p>\n<p style=\"text-align: justify;\">Con Gonzalez \u00a0che in realt\u00e0 \u00e8 un centro-destro nel Costarica negli ultimi mondiali in Brasile la coppia era stata considerata la pi\u00f9 forte del torneo e siamo certi che con Iachini tornerebbero ad esserlo anche nella nostra serie A.<\/p>\n<\/div>\n<p style=\"text-align: justify;\">\n<p style=\"text-align: justify;\"><a href=\"http:\/\/www.rosanerosiamonoi.it\/palermocalcio\/2015\/06\/15\/rilancio-per-duarte-e-calleri-tutte-le-trattative-in-corso\/tonell\/\" rel=\"attachment wp-att-5861\"><img decoding=\"async\" loading=\"lazy\" class=\"aligncenter size-medium wp-image-5861\" src=\"http:\/\/www.rosanerosiamonoi.it\/palermocalcio\/wp-content\/uploads\/2015\/06\/tonell-520x293.jpg\" alt=\"tonell\" width=\"520\" height=\"293\" srcset=\"http:\/\/www.rosanerosiamonoi.it\/palermocalcio\/wp-content\/uploads\/2015\/06\/tonell-520x293.jpg 520w, http:\/\/www.rosanerosiamonoi.it\/palermocalcio\/wp-content\/uploads\/2015\/06\/tonell-300x169.jpg 300w, http:\/\/www.rosanerosiamonoi.it\/palermocalcio\/wp-content\/uploads\/2015\/06\/tonell.jpg 640w\" sizes=\"(max-width: 520px) 100vw, 520px\" \/><\/a><\/p>\n<p style=\"text-align: justify;\">\n<div class=\"itemFullText\">\n<p style=\"text-align: justify;\">Preso Duarte servir\u00e0 prendere un forte centro-sinistro e si pensa a <strong>Tonelli<\/strong> che quest&#8217;anno ha fatto benissimo con l&#8217;Empoli andando anche in gol.<\/p>\n<p style=\"text-align: justify;\">\n<p style=\"text-align: justify;\">\n<\/div>\n<p style=\"text-align: justify;\">\n<p style=\"text-align: justify;\"><a href=\"http:\/\/www.rosanerosiamonoi.it\/palermocalcio\/2013\/08\/07\/472\/claudio-terzi\/\" rel=\"attachment wp-att-473\"><img decoding=\"async\" loading=\"lazy\" class=\"aligncenter size-full wp-image-473\" src=\"http:\/\/www.rosanerosiamonoi.it\/palermocalcio\/wp-content\/uploads\/2013\/08\/claudio-terzi.jpg\" alt=\"claudio terzi\" width=\"275\" height=\"183\" \/><\/a><\/p>\n<p style=\"text-align: justify;\">\n<div class=\"itemFullText\">\n<p style=\"text-align: justify;\"><strong>Terzi<\/strong> sembra ad un passo dallo Spezia.<\/p>\n<\/div>\n<p style=\"text-align: justify;\">\n<p style=\"text-align: justify;\"><a href=\"http:\/\/www.rosanerosiamonoi.it\/palermocalcio\/2015\/06\/15\/rilancio-per-duarte-e-calleri-tutte-le-trattative-in-corso\/edkal\/\" rel=\"attachment wp-att-5862\"><img decoding=\"async\" loading=\"lazy\" class=\"aligncenter size-medium wp-image-5862\" src=\"http:\/\/www.rosanerosiamonoi.it\/palermocalcio\/wp-content\/uploads\/2015\/06\/edkal-520x361.jpg\" alt=\"edkal\" width=\"520\" height=\"361\" srcset=\"http:\/\/www.rosanerosiamonoi.it\/palermocalcio\/wp-content\/uploads\/2015\/06\/edkal-520x361.jpg 520w, http:\/\/www.rosanerosiamonoi.it\/palermocalcio\/wp-content\/uploads\/2015\/06\/edkal-300x208.jpg 300w, http:\/\/www.rosanerosiamonoi.it\/palermocalcio\/wp-content\/uploads\/2015\/06\/edkal.jpg 620w\" sizes=\"(max-width: 520px) 100vw, 520px\" \/><\/a><\/p>\n<div class=\"itemFullText\">\n<p style=\"text-align: justify;\">\n<p style=\"text-align: justify;\">Mentre prosegue la trattativa per portare in rosanero per il centrocampo il cagliaritano<strong> Edkal<\/strong> che adesso \u00e8 seguito anche dal Torino.<\/p>\n<\/div>\n<p style=\"text-align: justify;\">\n<p style=\"text-align: justify;\"><a href=\"http:\/\/www.rosanerosiamonoi.it\/palermocalcio\/2013\/08\/24\/viviano-verso-larsenal\/viviano-parata\/\" rel=\"attachment wp-att-659\"><img decoding=\"async\" loading=\"lazy\" class=\"aligncenter size-full wp-image-659\" src=\"http:\/\/www.rosanerosiamonoi.it\/palermocalcio\/wp-content\/uploads\/2013\/08\/viviano-parata.jpg\" alt=\"viviano parata\" width=\"227\" height=\"222\" srcset=\"http:\/\/www.rosanerosiamonoi.it\/palermocalcio\/wp-content\/uploads\/2013\/08\/viviano-parata.jpg 227w, http:\/\/www.rosanerosiamonoi.it\/palermocalcio\/wp-content\/uploads\/2013\/08\/viviano-parata-50x50.jpg 50w\" sizes=\"(max-width: 227px) 100vw, 227px\" \/><\/a><\/p>\n<p style=\"text-align: justify;\">\n<div class=\"itemFullText\">\n<p style=\"text-align: justify;\">La Samp fa la furba con <strong>Viviano<\/strong> ed offre 2 milioni al posto dei 4 previsti quale met\u00e0 degli 8 stabiliti del valore del portiere ed a quanto pare vorrebbe aspettare gennaio 2016 quando scadr\u00e0 il suo contratto con il Palermo per prenderlo poi a parametro zero&#8230; cosa far\u00e0 il Palermo ?<\/p>\n<p style=\"text-align: justify;\">Oggi potrebbero esserci delle novit\u00e0 .\u00a0Infatti\u00a0come riporta Tuttosport dovrebbe esserci un incontro che potrebbe mettere finalmente la parola alla vicenda rispettando gli accordi presi con il Palermo.<\/p>\n<p style=\"text-align: justify;\">\n<p>&nbsp;<\/p>\n<\/div>\n<p style=\"text-align: justify;\"><a href=\"http:\/\/www.rosanerosiamonoi.it\/palermocalcio\/2014\/04\/16\/bentivegna-va-in-goal-anche-con-l-italia-u18\/bentivegna\/\" rel=\"attachment wp-att-2740\"><img decoding=\"async\" loading=\"lazy\" class=\"aligncenter size-medium wp-image-2740\" src=\"http:\/\/www.rosanerosiamonoi.it\/palermocalcio\/wp-content\/uploads\/2014\/04\/bentivegna-520x316.jpg\" alt=\"bentivegna\" width=\"520\" height=\"316\" srcset=\"http:\/\/www.rosanerosiamonoi.it\/palermocalcio\/wp-content\/uploads\/2014\/04\/bentivegna-520x316.jpg 520w, http:\/\/www.rosanerosiamonoi.it\/palermocalcio\/wp-content\/uploads\/2014\/04\/bentivegna.jpg 658w\" sizes=\"(max-width: 520px) 100vw, 520px\" \/><\/a><\/p>\n<p style=\"text-align: justify;\">\n<div class=\"itemFullText\">\n<p style=\"text-align: justify;\">Intanto sembra che il Cosenza sia interessato a due giovani talenti del Palermo il centravanti <strong>Bentivegna<\/strong> ed il difensore <strong>Accardi<\/strong> &#8230; che se il Palermo non decide di aggregarli alla prima squadra e portarli in ritiro potrebbero essere mandati a giocare per riprenderli possibilmente dopo una loro importante conferma dopo avere giocato con costanza e continuit\u00e0 in campionato. Mentre<strong> Embalo<\/strong> lo vorrebbe il Novara.<\/p>\n<\/div>\n<p style=\"text-align: justify;\">\n<p style=\"text-align: justify;\"><a href=\"http:\/\/www.rosanerosiamonoi.it\/palermocalcio\/2015\/06\/15\/rilancio-per-duarte-e-calleri-tutte-le-trattative-in-corso\/calleri\/\" rel=\"attachment wp-att-5863\"><img decoding=\"async\" loading=\"lazy\" class=\"aligncenter size-medium wp-image-5863\" src=\"http:\/\/www.rosanerosiamonoi.it\/palermocalcio\/wp-content\/uploads\/2015\/06\/calleri-520x355.jpg\" alt=\"calleri\" width=\"520\" height=\"355\" srcset=\"http:\/\/www.rosanerosiamonoi.it\/palermocalcio\/wp-content\/uploads\/2015\/06\/calleri-520x355.jpg 520w, http:\/\/www.rosanerosiamonoi.it\/palermocalcio\/wp-content\/uploads\/2015\/06\/calleri-300x205.jpg 300w, http:\/\/www.rosanerosiamonoi.it\/palermocalcio\/wp-content\/uploads\/2015\/06\/calleri.jpg 580w\" sizes=\"(max-width: 520px) 100vw, 520px\" \/><\/a><\/p>\n<p style=\"text-align: justify;\">\n<p style=\"text-align: justify;\">Sulla proposta per prendere l&#8217;attaccante <strong>Calleri<\/strong> interviene il suo procuratore dopo che i rosa potrebbero virare su Castillo.<\/p>\n<p style=\"text-align: justify;\">Intervenuto ai microfoni di &#8220;Radio del Plata&#8221; l&#8217;agente di Jonathan<strong> Calleri<\/strong>, Fernando Hidalgo, ha parlato in merito alla trattativa tra il <strong>Palermo<\/strong> e il giocatore del <strong>Boca<\/strong>.<\/p>\n<p style=\"text-align: justify;\">Queste le sue dichiarazioni: \u00ab<em>Abbiamo ricevuto un&#8217;offerta molto importante e non capiamo le parole di Angelici che afferma di non aver ricevuto alcuna offerta.\u00a0Il\u00a0Boca<strong>\u00a0<\/strong>pu\u00f2 chiedere quel che vuole, ma\u00a0Calleri<strong>\u00a0<\/strong>per me non vale 12 milioni di euro e il\u00a0Palermo\u00a0ne ha offerti 8 pi\u00f9 due di bonus\u00bb<\/em><\/p>\n<p style=\"text-align: justify;\">\n<p style=\"text-align: justify;\"><a href=\"http:\/\/www.rosanerosiamonoi.it\/palermocalcio\/2015\/04\/04\/rosanero-siamonoi-puntata-del-3-aprile-2015\/rispoli-palermo\/\" rel=\"attachment wp-att-5665\"><img decoding=\"async\" loading=\"lazy\" class=\"aligncenter size-medium wp-image-5665\" src=\"http:\/\/www.rosanerosiamonoi.it\/palermocalcio\/wp-content\/uploads\/2015\/04\/rispoli-palermo-520x316.jpg\" alt=\"rispoli palermo\" width=\"520\" height=\"316\" srcset=\"http:\/\/www.rosanerosiamonoi.it\/palermocalcio\/wp-content\/uploads\/2015\/04\/rispoli-palermo-520x316.jpg 520w, http:\/\/www.rosanerosiamonoi.it\/palermocalcio\/wp-content\/uploads\/2015\/04\/rispoli-palermo-300x182.jpg 300w, http:\/\/www.rosanerosiamonoi.it\/palermocalcio\/wp-content\/uploads\/2015\/04\/rispoli-palermo.jpg 658w\" sizes=\"(max-width: 520px) 100vw, 520px\" \/><\/a><\/p>\n<p style=\"text-align: justify;\">\n<p style=\"text-align: justify;\">Infine sempre per la difesa secondo quanto riporta oggi &#8220;Il Corriere dello Sport&#8221; il club rosanero starebbe puntando al ritorno in rosa di Andrea <strong>Rispoli<\/strong>. Il terzino di propriet\u00e0 del Parma, ha terminato il suo periodo di prestito al <strong>Palermo<\/strong>, ma i rosanero, in attesa di conoscere le sorti del club ducale, avrebbero pronto per lui un quadriennale. Viste le difficolt\u00e0 per il rinnovo di <strong>Morganella<\/strong>, Iachini sarebbe intenzionato di affidare anche il prossimo anno la maglia da titolare al difensore di Cava de Tirreni.<\/p>\n<p>&nbsp;<\/p>\n<p style=\"text-align: justify;\">\n<p style=\"text-align: justify;\">\n<p style=\"text-align: justify;\">\n<div class=\"itemFullText\"><\/div>\n","protected":false},"excerpt":{"rendered":"<p>&nbsp; Secondo quanto riportato da &#8220;Il Corriere dello Sport&#8221; il Palermo\u00a0avrebbe rilanciato\u00a0per il centrale difensivo Oscar Duarte, con il vizio del gol. Il costaricano piace molto a Beppe Iachini che lo avrebbe richiesto per completare la sua difesa che vede riconfermati Gonzalez e Vitiello con Andelkovic. Prevista dunque una nuova trattativa con il Club Bruges. [&hellip;]<\/p>\n","protected":false},"author":2,"featured_media":3538,"comment_status":"closed","ping_status":"open","sticky":false,"template":"","format":"standard","meta":[],"categories":[1],"tags":[678,686,627,687,688],"_links":{"self":[{"href":"http:\/\/www.rosanerosiamonoi.it\/palermocalcio\/wp-json\/wp\/v2\/posts\/5860"}],"collection":[{"href":"http:\/\/www.rosanerosiamonoi.it\/palermocalcio\/wp-json\/wp\/v2\/posts"}],"about":[{"href":"http:\/\/www.rosanerosiamonoi.it\/palermocalcio\/wp-json\/wp\/v2\/types\/post"}],"author":[{"embeddable":true,"href":"http:\/\/www.rosanerosiamonoi.it\/palermocalcio\/wp-json\/wp\/v2\/users\/2"}],"replies":[{"embeddable":true,"href":"http:\/\/www.rosanerosiamonoi.it\/palermocalcio\/wp-json\/wp\/v2\/comments?post=5860"}],"version-history":[{"count":2,"href":"http:\/\/www.rosanerosiamonoi.it\/palermocalcio\/wp-json\/wp\/v2\/posts\/5860\/revisions"}],"predecessor-version":[{"id":5865,"href":"http:\/\/www.rosanerosiamonoi.it\/palermocalcio\/wp-json\/wp\/v2\/posts\/5860\/revisions\/5865"}],"wp:featuredmedia":[{"embeddable":true,"href":"http:\/\/www.rosanerosiamonoi.it\/palermocalcio\/wp-json\/wp\/v2\/media\/3538"}],"wp:attachment":[{"href":"http:\/\/www.rosanerosiamonoi.it\/palermocalcio\/wp-json\/wp\/v2\/media?parent=5860"}],"wp:term":[{"taxonomy":"category","embeddable":true,"href":"http:\/\/www.rosanerosiamonoi.it\/palermocalcio\/wp-json\/wp\/v2\/categories?post=5860"},{"taxonomy":"post_tag","embeddable":true,"href":"http:\/\/www.rosanerosiamonoi.it\/palermocalcio\/wp-json\/wp\/v2\/tags?post=5860"}],"curies":[{"name":"wp","href":"https:\/\/api.w.org\/{rel}","templated":true}]}}