{"id":5963,"date":"2015-06-23T23:27:14","date_gmt":"2015-06-23T21:27:14","guid":{"rendered":"http:\/\/www.rosanerosiamonoi.it\/palermocalcio\/?p=5963"},"modified":"2015-06-23T23:27:24","modified_gmt":"2015-06-23T21:27:24","slug":"palermo-confermate-le-date-ufficiali-del-ritiro-appuntamento-l8-a-collegno","status":"publish","type":"post","link":"http:\/\/www.rosanerosiamonoi.it\/palermocalcio\/2015\/06\/23\/palermo-confermate-le-date-ufficiali-del-ritiro-appuntamento-l8-a-collegno\/","title":{"rendered":"Palermo, confermate le date ufficiali del ritiro. Appuntamento l&#8217;8 a Collegno"},"content":{"rendered":"<h1 class=\"name post-title entry-title\" style=\"text-align: center;\">Palermo, confermate\u00a0le date ufficiali del ritiro.<\/h1>\n<p>&nbsp;<\/p>\n<p>&nbsp;<\/p>\n<p><a href=\"http:\/\/www.rosanerosiamonoi.it\/palermocalcio\/2014\/08\/16\/coppa-italia-palermo-modena-il-24-agosto-ore-18-00-oggi-al-barbera\/palermo\/\" rel=\"attachment wp-att-4347\"><img decoding=\"async\" loading=\"lazy\" class=\"aligncenter  wp-image-4347\" src=\"http:\/\/www.rosanerosiamonoi.it\/palermocalcio\/wp-content\/uploads\/2014\/08\/palermo.jpg\" alt=\"palermo\" width=\"398\" height=\"242\" \/><\/a><\/p>\n<p>&nbsp;<\/p>\n<p>&nbsp;<\/p>\n<p>Come avevamo anticipato in un altro nostro articolo confermate dalla Societ\u00e0 le date che vi avevamo anticipato e le soste fra i vari momenti di preparazione nelle tre localit\u00e0 prescelte .<\/p>\n<p style=\"text-align: justify;\"><a href=\"http:\/\/www.rosanerosiamonoi.it\/palermocalcio\/2015\/06\/23\/palermo-confermate-le-date-ufficiali-del-ritiro-appuntamento-l8-a-collegno\/coccaglio\/\" rel=\"attachment wp-att-5964\"><img decoding=\"async\" loading=\"lazy\" class=\"aligncenter  wp-image-5964\" src=\"http:\/\/www.rosanerosiamonoi.it\/palermocalcio\/wp-content\/uploads\/2015\/06\/coccaglio.jpg\" alt=\"coccaglio\" width=\"348\" height=\"170\" \/><\/a><\/p>\n<p style=\"text-align: justify;\">E cos\u00ec la nuova avventura dei rosanero partir\u00e0\u00a0da <strong>Coccaglio l&#8217;8 luglio<\/strong>. Nella cittadina in provincia di Brescia sotto lo sguardo attento del\u00a0mister Beppe Iachini sosterranno una due giorni di test fisici che precederanno l\u2019inizio degli allenamenti prestagionali.<\/p>\n<p style=\"text-align: justify;\"><a href=\"http:\/\/www.rosanerosiamonoi.it\/palermocalcio\/2014\/07\/09\/palermo-in-ritiro-dal-12-luglio-ci-sara-anche-il-fortissimo-duarte\/bad\/\" rel=\"attachment wp-att-3265\"><img decoding=\"async\" loading=\"lazy\" class=\"aligncenter size-medium wp-image-3265\" src=\"http:\/\/www.rosanerosiamonoi.it\/palermocalcio\/wp-content\/uploads\/2014\/07\/bad-520x268.jpg\" alt=\"bad\" width=\"520\" height=\"268\" srcset=\"http:\/\/www.rosanerosiamonoi.it\/palermocalcio\/wp-content\/uploads\/2014\/07\/bad-520x268.jpg 520w, http:\/\/www.rosanerosiamonoi.it\/palermocalcio\/wp-content\/uploads\/2014\/07\/bad-1024x529.jpg 1024w\" sizes=\"(max-width: 520px) 100vw, 520px\" \/><\/a><\/p>\n<div class=\"entry\">\n<p style=\"text-align: justify;\">Nel pomeriggio di <strong>gioved\u00ec 9<\/strong> il Palermo si trasferir\u00e0 come ormai \u00e8 una consuetudine nella localit\u00e0 della Carinzia a <strong>Bad Kleinkirchheim<\/strong>, meta abituale dei ritiri precampionato nell\u2019era Zamparini dove il Presidente ha la sua abitazione estiva. Gli allenamenti in Austria\u00a0inizieranno poi il<strong> giorno 10<\/strong> e termineranno la mattina di domenica 19 luglio. Il <strong>primo test<\/strong> amichevole si disputer\u00e0 il <strong>15 luglio (ore 18)<\/strong> allo Sportarena di Bad contro i dilettanti dell\u2019<strong>FC Schulz<\/strong>, mentre il <strong>18 luglio<\/strong> il Palermo affronter\u00e0, sullo stesso campo ed allo stesso orario, i locali dell\u2019<strong>Alpe Adria<\/strong>.<\/p>\n<\/div>\n<p style=\"text-align: justify;\"><a href=\"http:\/\/www.rosanerosiamonoi.it\/palermocalcio\/2015\/06\/23\/palermo-confermate-le-date-ufficiali-del-ritiro-appuntamento-l8-a-collegno\/ponte_di_legno\/\" rel=\"attachment wp-att-5965\"><img decoding=\"async\" loading=\"lazy\" class=\"aligncenter size-medium wp-image-5965\" src=\"http:\/\/www.rosanerosiamonoi.it\/palermocalcio\/wp-content\/uploads\/2015\/06\/ponte_di_legno-520x392.jpg\" alt=\"ponte_di_legno\" width=\"520\" height=\"392\" srcset=\"http:\/\/www.rosanerosiamonoi.it\/palermocalcio\/wp-content\/uploads\/2015\/06\/ponte_di_legno-520x392.jpg 520w, http:\/\/www.rosanerosiamonoi.it\/palermocalcio\/wp-content\/uploads\/2015\/06\/ponte_di_legno-300x226.jpg 300w, http:\/\/www.rosanerosiamonoi.it\/palermocalcio\/wp-content\/uploads\/2015\/06\/ponte_di_legno.jpg 640w\" sizes=\"(max-width: 520px) 100vw, 520px\" \/><\/a><\/p>\n<div class=\"entry\">\n<p style=\"text-align: justify;\">Dopo 1 giorno\u00a0e mezzo di riposo, i rosanero riprenderanno la preparazione nel pomeriggio di <strong>marted\u00ec 21 a Pontedilegno<\/strong>, in Alta Valle Camonica (Brescia), dove rimarranno fino alla mattina di <strong>domenica 2 agosto<\/strong>.<\/p>\n<\/div>\n<p style=\"text-align: justify;\">\n<p style=\"text-align: justify;\"><a href=\"http:\/\/www.rosanerosiamonoi.it\/palermocalcio\/2014\/08\/08\/voci-di-mercato-merano-chiesa-di-santa-caterina\/storo-3\/\" rel=\"attachment wp-att-3984\"><img decoding=\"async\" loading=\"lazy\" class=\"aligncenter size-medium wp-image-3984\" src=\"http:\/\/www.rosanerosiamonoi.it\/palermocalcio\/wp-content\/uploads\/2014\/08\/storo-520x373.jpg\" alt=\"storo\" width=\"520\" height=\"373\" srcset=\"http:\/\/www.rosanerosiamonoi.it\/palermocalcio\/wp-content\/uploads\/2014\/08\/storo-520x373.jpg 520w, http:\/\/www.rosanerosiamonoi.it\/palermocalcio\/wp-content\/uploads\/2014\/08\/storo.jpg 567w\" sizes=\"(max-width: 520px) 100vw, 520px\" \/><\/a><\/p>\n<p style=\"text-align: justify;\">\n<div class=\"entry\">\n<p style=\"text-align: justify;\">Dal <strong>2 pomeriggio al 5 agosto<\/strong> la squadra godr\u00e0 di <strong>tre giorni di riposo<\/strong>. La preparazione riprender\u00e0 nel pomeriggio di <strong>gioved\u00ec 6 agosto a Storo, in Trentino, sede del ritiro fino al pomeriggio di mercoled\u00ec 12 agosto<\/strong> prima del rientro in citt\u00e0.<\/p>\n<\/div>\n","protected":false},"excerpt":{"rendered":"<p>Palermo, confermate\u00a0le date ufficiali del ritiro. &nbsp; &nbsp; &nbsp; &nbsp; Come avevamo anticipato in un altro nostro articolo confermate dalla Societ\u00e0 le date che vi avevamo anticipato e le soste fra i vari momenti di preparazione nelle tre localit\u00e0 prescelte . E cos\u00ec la nuova avventura dei rosanero partir\u00e0\u00a0da Coccaglio l&#8217;8 luglio. Nella cittadina in [&hellip;]<\/p>\n","protected":false},"author":2,"featured_media":5965,"comment_status":"closed","ping_status":"open","sticky":false,"template":"","format":"standard","meta":[],"categories":[1],"tags":[66,704,5],"_links":{"self":[{"href":"http:\/\/www.rosanerosiamonoi.it\/palermocalcio\/wp-json\/wp\/v2\/posts\/5963"}],"collection":[{"href":"http:\/\/www.rosanerosiamonoi.it\/palermocalcio\/wp-json\/wp\/v2\/posts"}],"about":[{"href":"http:\/\/www.rosanerosiamonoi.it\/palermocalcio\/wp-json\/wp\/v2\/types\/post"}],"author":[{"embeddable":true,"href":"http:\/\/www.rosanerosiamonoi.it\/palermocalcio\/wp-json\/wp\/v2\/users\/2"}],"replies":[{"embeddable":true,"href":"http:\/\/www.rosanerosiamonoi.it\/palermocalcio\/wp-json\/wp\/v2\/comments?post=5963"}],"version-history":[{"count":2,"href":"http:\/\/www.rosanerosiamonoi.it\/palermocalcio\/wp-json\/wp\/v2\/posts\/5963\/revisions"}],"predecessor-version":[{"id":5967,"href":"http:\/\/www.rosanerosiamonoi.it\/palermocalcio\/wp-json\/wp\/v2\/posts\/5963\/revisions\/5967"}],"wp:featuredmedia":[{"embeddable":true,"href":"http:\/\/www.rosanerosiamonoi.it\/palermocalcio\/wp-json\/wp\/v2\/media\/5965"}],"wp:attachment":[{"href":"http:\/\/www.rosanerosiamonoi.it\/palermocalcio\/wp-json\/wp\/v2\/media?parent=5963"}],"wp:term":[{"taxonomy":"category","embeddable":true,"href":"http:\/\/www.rosanerosiamonoi.it\/palermocalcio\/wp-json\/wp\/v2\/categories?post=5963"},{"taxonomy":"post_tag","embeddable":true,"href":"http:\/\/www.rosanerosiamonoi.it\/palermocalcio\/wp-json\/wp\/v2\/tags?post=5963"}],"curies":[{"name":"wp","href":"https:\/\/api.w.org\/{rel}","templated":true}]}}