{"id":6019,"date":"2015-07-08T18:37:15","date_gmt":"2015-07-08T16:37:15","guid":{"rendered":"http:\/\/www.rosanerosiamonoi.it\/palermocalcio\/?p=6019"},"modified":"2015-07-08T18:37:22","modified_gmt":"2015-07-08T16:37:22","slug":"trofeo-villa-de-gijon-l8-agosto-si-gioca-sporting-gijon-palermo","status":"publish","type":"post","link":"http:\/\/www.rosanerosiamonoi.it\/palermocalcio\/2015\/07\/08\/trofeo-villa-de-gijon-l8-agosto-si-gioca-sporting-gijon-palermo\/","title":{"rendered":"&#8220;TROFEO VILLA DE GIJON&#8221;. L\u20198 AGOSTO si gioca SPORTING GIJON-PALERMO"},"content":{"rendered":"<h2 style=\"text-align: center;\">&#8220;TROFEO VILLA DE GIJON&#8221;<\/h2>\n<h2 style=\"text-align: center;\">L\u20198 AGOSTO si gioca SPORTING GIJON-PALERMO<\/h2>\n<p>&nbsp;<\/p>\n<p><a href=\"http:\/\/www.rosanerosiamonoi.it\/palermocalcio\/2015\/07\/08\/trofeo-villa-de-gijon-l8-agosto-si-gioca-sporting-gijon-palermo\/sporting-de-gijon\/\" rel=\"attachment wp-att-6020\"><img decoding=\"async\" loading=\"lazy\" class=\"aligncenter size-medium wp-image-6020\" src=\"http:\/\/www.rosanerosiamonoi.it\/palermocalcio\/wp-content\/uploads\/2015\/07\/sporting-de-gijon-520x347.jpg\" alt=\"sporting-de-gijon\" width=\"520\" height=\"347\" srcset=\"http:\/\/www.rosanerosiamonoi.it\/palermocalcio\/wp-content\/uploads\/2015\/07\/sporting-de-gijon-520x347.jpg 520w, http:\/\/www.rosanerosiamonoi.it\/palermocalcio\/wp-content\/uploads\/2015\/07\/sporting-de-gijon-300x200.jpg 300w, http:\/\/www.rosanerosiamonoi.it\/palermocalcio\/wp-content\/uploads\/2015\/07\/sporting-de-gijon.jpg 600w\" sizes=\"(max-width: 520px) 100vw, 520px\" \/><\/a><\/p>\n<p>&nbsp;<\/p>\n<p style=\"text-align: justify;\">La diciannovesima edizione del <strong>Trofeo &#8220;Villa de Gij\u00f3n<\/strong>\u201d vedr\u00e0 protagonista anche la squadra rosanero del Palermo che giocher\u00e0 contro la formazione spagnola dello <strong>Sporting Gij\u00f3n<\/strong>, che \u00e8 appena risalita nella Liga,<strong> in un test amichevole<\/strong> di grande valore.<\/p>\n<p style=\"text-align: justify;\">\n<p style=\"text-align: justify;\"><a href=\"http:\/\/www.rosanerosiamonoi.it\/palermocalcio\/2015\/07\/08\/trofeo-villa-de-gijon-l8-agosto-si-gioca-sporting-gijon-palermo\/sportin-de-gijon\/\" rel=\"attachment wp-att-6021\"><img decoding=\"async\" loading=\"lazy\" class=\"aligncenter size-full wp-image-6021\" src=\"http:\/\/www.rosanerosiamonoi.it\/palermocalcio\/wp-content\/uploads\/2015\/07\/Sportin-de-Gijon.jpg\" alt=\"Sportin de Gijon\" width=\"208\" height=\"242\" \/><\/a> <a href=\"http:\/\/www.rosanerosiamonoi.it\/palermocalcio\/2015\/07\/08\/trofeo-villa-de-gijon-l8-agosto-si-gioca-sporting-gijon-palermo\/el-molinon-esterno\/\" rel=\"attachment wp-att-6022\"><img decoding=\"async\" loading=\"lazy\" class=\"aligncenter size-medium wp-image-6022\" src=\"http:\/\/www.rosanerosiamonoi.it\/palermocalcio\/wp-content\/uploads\/2015\/07\/el-molinon-esterno-520x351.jpg\" alt=\"el molinon esterno\" width=\"520\" height=\"351\" srcset=\"http:\/\/www.rosanerosiamonoi.it\/palermocalcio\/wp-content\/uploads\/2015\/07\/el-molinon-esterno-520x351.jpg 520w, http:\/\/www.rosanerosiamonoi.it\/palermocalcio\/wp-content\/uploads\/2015\/07\/el-molinon-esterno-300x202.jpg 300w, http:\/\/www.rosanerosiamonoi.it\/palermocalcio\/wp-content\/uploads\/2015\/07\/el-molinon-esterno.jpg 700w\" sizes=\"(max-width: 520px) 100vw, 520px\" \/><\/a><\/p>\n<p style=\"text-align: justify;\">\n<p>Il calcio d&#8217;inizio \u00e8 previsto allo stadio <strong>&#8220;El Molin\u00f3n\u201d<\/strong> <strong>sabato 8 agosto alle ore 20.00.<\/strong><\/p>\n<p>&nbsp;<\/p>\n<p>&nbsp;<\/p>\n<p><a href=\"http:\/\/www.rosanerosiamonoi.it\/palermocalcio\/2015\/07\/08\/trofeo-villa-de-gijon-l8-agosto-si-gioca-sporting-gijon-palermo\/el-molinon-stadio-interno\/\" rel=\"attachment wp-att-6024\"><img decoding=\"async\" loading=\"lazy\" class=\"aligncenter size-medium wp-image-6024\" src=\"http:\/\/www.rosanerosiamonoi.it\/palermocalcio\/wp-content\/uploads\/2015\/07\/El-molinon-stadio.interno-520x293.jpg\" alt=\"El molinon stadio.interno\" width=\"520\" height=\"293\" srcset=\"http:\/\/www.rosanerosiamonoi.it\/palermocalcio\/wp-content\/uploads\/2015\/07\/El-molinon-stadio.interno-520x293.jpg 520w, http:\/\/www.rosanerosiamonoi.it\/palermocalcio\/wp-content\/uploads\/2015\/07\/El-molinon-stadio.interno-300x169.jpg 300w, http:\/\/www.rosanerosiamonoi.it\/palermocalcio\/wp-content\/uploads\/2015\/07\/El-molinon-stadio.interno.jpg 591w\" sizes=\"(max-width: 520px) 100vw, 520px\" \/><\/a><\/p>\n","protected":false},"excerpt":{"rendered":"<p>&#8220;TROFEO VILLA DE GIJON&#8221; L\u20198 AGOSTO si gioca SPORTING GIJON-PALERMO &nbsp; &nbsp; La diciannovesima edizione del Trofeo &#8220;Villa de Gij\u00f3n\u201d vedr\u00e0 protagonista anche la squadra rosanero del Palermo che giocher\u00e0 contro la formazione spagnola dello Sporting Gij\u00f3n, che \u00e8 appena risalita nella Liga, in un test amichevole di grande valore. Il calcio d&#8217;inizio \u00e8 previsto [&hellip;]<\/p>\n","protected":false},"author":2,"featured_media":6021,"comment_status":"closed","ping_status":"open","sticky":false,"template":"","format":"standard","meta":[],"categories":[1],"tags":[425,714,715],"_links":{"self":[{"href":"http:\/\/www.rosanerosiamonoi.it\/palermocalcio\/wp-json\/wp\/v2\/posts\/6019"}],"collection":[{"href":"http:\/\/www.rosanerosiamonoi.it\/palermocalcio\/wp-json\/wp\/v2\/posts"}],"about":[{"href":"http:\/\/www.rosanerosiamonoi.it\/palermocalcio\/wp-json\/wp\/v2\/types\/post"}],"author":[{"embeddable":true,"href":"http:\/\/www.rosanerosiamonoi.it\/palermocalcio\/wp-json\/wp\/v2\/users\/2"}],"replies":[{"embeddable":true,"href":"http:\/\/www.rosanerosiamonoi.it\/palermocalcio\/wp-json\/wp\/v2\/comments?post=6019"}],"version-history":[{"count":2,"href":"http:\/\/www.rosanerosiamonoi.it\/palermocalcio\/wp-json\/wp\/v2\/posts\/6019\/revisions"}],"predecessor-version":[{"id":6026,"href":"http:\/\/www.rosanerosiamonoi.it\/palermocalcio\/wp-json\/wp\/v2\/posts\/6019\/revisions\/6026"}],"wp:featuredmedia":[{"embeddable":true,"href":"http:\/\/www.rosanerosiamonoi.it\/palermocalcio\/wp-json\/wp\/v2\/media\/6021"}],"wp:attachment":[{"href":"http:\/\/www.rosanerosiamonoi.it\/palermocalcio\/wp-json\/wp\/v2\/media?parent=6019"}],"wp:term":[{"taxonomy":"category","embeddable":true,"href":"http:\/\/www.rosanerosiamonoi.it\/palermocalcio\/wp-json\/wp\/v2\/categories?post=6019"},{"taxonomy":"post_tag","embeddable":true,"href":"http:\/\/www.rosanerosiamonoi.it\/palermocalcio\/wp-json\/wp\/v2\/tags?post=6019"}],"curies":[{"name":"wp","href":"https:\/\/api.w.org\/{rel}","templated":true}]}}