{"id":6466,"date":"2015-08-01T18:11:30","date_gmt":"2015-08-01T16:11:30","guid":{"rendered":"http:\/\/www.rosanerosiamonoi.it\/palermocalcio\/?p=6466"},"modified":"2015-08-01T19:33:43","modified_gmt":"2015-08-01T17:33:43","slug":"2-0-sul-lumezzane-primo-tempo","status":"publish","type":"post","link":"http:\/\/www.rosanerosiamonoi.it\/palermocalcio\/2015\/08\/01\/2-0-sul-lumezzane-primo-tempo\/","title":{"rendered":"4-0 sul Lumezzane &#8211; Finale"},"content":{"rendered":"<p><a href=\"http:\/\/www.rosanerosiamonoi.it\/palermocalcio\/2015\/08\/01\/2-0-sul-lumezzane-primo-tempo\/palermo-lumezzane\/\" rel=\"attachment wp-att-6467\"><img decoding=\"async\" loading=\"lazy\" class=\"aligncenter size-medium wp-image-6467\" src=\"http:\/\/www.rosanerosiamonoi.it\/palermocalcio\/wp-content\/uploads\/2015\/08\/palermo-lumezzane-520x316.jpg\" alt=\"palermo-lumezzane\" width=\"520\" height=\"316\" srcset=\"http:\/\/www.rosanerosiamonoi.it\/palermocalcio\/wp-content\/uploads\/2015\/08\/palermo-lumezzane-520x316.jpg 520w, http:\/\/www.rosanerosiamonoi.it\/palermocalcio\/wp-content\/uploads\/2015\/08\/palermo-lumezzane-300x182.jpg 300w, http:\/\/www.rosanerosiamonoi.it\/palermocalcio\/wp-content\/uploads\/2015\/08\/palermo-lumezzane.jpg 658w\" sizes=\"(max-width: 520px) 100vw, 520px\" \/><\/a><\/p>\n<p>&nbsp;<\/p>\n<p>Con il risultato di 2-0 in favore dei rosanero si \u00e8 concluso a Tem\u00f9 \u00a0il primo tempo del test amichevole con il Lumezzane.<\/p>\n<p style=\"text-align: justify;\">All\u201911\u2019 ci prova\u00a0\u00a0dal limite &#8220;Gallo&#8221; \u00a0Belotti\u00a0ma\u00a0Furlan para. Al 30\u2019 il \u201cGallo\u201d si procura scambiando con Vasquez\u00a0un calcio di rigore e lo trasforma. Un minuto pi\u00f9 tardi\u00a0\u00e8 Luca\u00a0Rigoni a\u00a0mandare di poco a lato di destro. Al 35\u00b0 arriva\u00a0il raddoppio del Palermo per merito di\u00a0Chochev, che scappa\u00a0via. supera la difesa del Lumezzane e fulmina Furlan con un\u00a0preciso rasoterra.<\/p>\n<p style=\"text-align: justify;\">Il\u00a0Palermo non cambia nel secondo tempo. Al 5\u2019 della ripresa grande parata di\u00a0capitan Sorrentino su\u00a0un preciso\u00a0colpo di testa di Monticone. 4\u00a0minuti pi\u00f9 tardi, scambio in velocit\u00e0 tra Chochev e Vazquez, palla che finisce a Belotti che di piatto supera il portiere avversario, ma l\u2019arbitro annulla la rete per fuorigioco. era la prova per la sua doppietta che arriver\u00e0 poco dopo . Al 19\u2019 fuori Daprel\u00e0, entra Quaison: si passa al 4-3-1-2 ed il Palermo diventa pi\u00f9 pericoloso in avanti ed i risultati si vedono subito, infatti al 37\u2019 \u00e8 Belotti \u00a0ad andare nuovamente in gol\u00a0realizzando cos\u00ec la sua personale\u00a0doppietta di giornata. ma non \u00e8 finita appena 1n minuto pi\u00f9 tardi, \u00e8 il neo entrato Quaison a \u00a0chiudere la partita \u00a0in spaccata. 4-0 il risultato finale. &#8221; <em><strong>Sono felice di potere dare il mio contributo anche in questa posizione avanzata\u00a0<\/strong><\/em>&#8211; dice Quaison &#8211;\u00a0<em><strong>stiamo facendo un grande lavoro in ritiro. Si \u00e8 creato un bel gruppo.<\/strong><\/em>&#8221; \u00a0Ed un ottimo voto diamo ad Iachini e tutta la squadra ed un benvenuto ai tifosi rosanero arrivati da Palermo per sostenere la squadra con i loro cori ed incitamenti.<\/p>\n<p style=\"text-align: justify;\">Da registrare infine la sostituzione di Vitiello con il giovane Primavera Pezzella che si \u00e8 fatto trovare pronto anche lui.<\/p>\n<p style=\"text-align: justify;\">E\u00a0con questa amichevole domani si conclude la seconda fase della preparazione a Tem\u00f9 con l&#8217;ultimo allenamento in mattinata e dopo di che il rompete le righe e l&#8217;appuntamento giorno 6 a Storo dove la squadra concluder\u00e0 la preparazione giorno 12 per poi rientrare a Palermo dove giorno 15 sera si giocher\u00e0 la partita di Coppa Italia<\/p>\n<p style=\"text-align: justify;\"><a href=\"http:\/\/www.rosanerosiamonoi.it\/palermocalcio\/2015\/08\/01\/2-0-sul-lumezzane-primo-tempo\/palermo-lumezzane-belotti\/\" rel=\"attachment wp-att-6474\"><img decoding=\"async\" loading=\"lazy\" class=\"aligncenter size-medium wp-image-6474\" src=\"http:\/\/www.rosanerosiamonoi.it\/palermocalcio\/wp-content\/uploads\/2015\/08\/palermo-lumezzane.-belotti-520x316.jpg\" alt=\"palermo-lumezzane. belotti\" width=\"520\" height=\"316\" srcset=\"http:\/\/www.rosanerosiamonoi.it\/palermocalcio\/wp-content\/uploads\/2015\/08\/palermo-lumezzane.-belotti-520x316.jpg 520w, http:\/\/www.rosanerosiamonoi.it\/palermocalcio\/wp-content\/uploads\/2015\/08\/palermo-lumezzane.-belotti-300x182.jpg 300w, http:\/\/www.rosanerosiamonoi.it\/palermocalcio\/wp-content\/uploads\/2015\/08\/palermo-lumezzane.-belotti.jpg 658w\" sizes=\"(max-width: 520px) 100vw, 520px\" \/><\/a><\/p>\n<p style=\"text-align: justify;\">Queste le formazioni ufficiali di Palermo-Lumezzane, in occasione del sesto test amichevole del ritiro pre-campionato rosanero in programma alle 17 al &#8220;Centro Sportivo Comunale&#8221; di Tem\u00f9 (BS). La radiocronaca dell&#8217;incontro\u00a0\u00e8\u00a0trasmessa in diretta su palermocalcio.it.<\/p>\n<p style=\"text-align: justify;\"><strong>PALERMO:<\/strong> 70 Sorrentino (cap.); 2 Vitiello, 12 Gonzalez, 34 El Kaoutari; 3 Rispoli, 27 Rigoni, 28 Jajalo, 18 Chochev, 33 Daprel\u00e0; 20 Vazquez, 11 Belotti.<\/p>\n<p style=\"text-align: justify;\"><strong>A disposizione:<\/strong> 91 Colombi, 4 Andelkovic, 6 Goldaniga, 7 Lazaar, 8 Trajkovski, 9 Cassini, 10 Hiljemark, 16 Brugman, 17 Benali, 21 Quaison, 22 Velazquez, 23 Struna, 26 Bentivegna, 31 Pirrello, 53 Alastra, 54 La Gumina, 97 Pezzella.<\/p>\n<p style=\"text-align: justify;\"><strong>Allenatore:<\/strong> Giuseppe Iachini.<\/p>\n<p style=\"text-align: justify;\"><strong>LUMEZZANE:<\/strong> 1 Furlan, 2 Rapisarda, 5 Belotti (cap.), 6 Nossa, 3 Pippa; 7 Mancosu, 10 Genevier, 8 Russo;\u00a04 Baldassin; 9 Sarao, 11 Cruz Pereira.<\/p>\n<p style=\"text-align: justify;\"><strong>A disposizione:<\/strong> 12 Pasotti, 13 Cannoni, 14 Bernardi, 15 De Toma, 16 Monticone, 17 Varas Marcillo, 18 Potenza, 19 Tobia, 20 Russu, 21 Di Peri, 22 Magnani, 23 Tibolla.<\/p>\n<p style=\"text-align: justify;\"><strong>Allenatore:<\/strong> Giancarlo D&#8217;Astoli.<\/p>\n","protected":false},"excerpt":{"rendered":"<p>&nbsp; Con il risultato di 2-0 in favore dei rosanero si \u00e8 concluso a Tem\u00f9 \u00a0il primo tempo del test amichevole con il Lumezzane. All\u201911\u2019 ci prova\u00a0\u00a0dal limite &#8220;Gallo&#8221; \u00a0Belotti\u00a0ma\u00a0Furlan para. Al 30\u2019 il \u201cGallo\u201d si procura scambiando con Vasquez\u00a0un calcio di rigore e lo trasforma. Un minuto pi\u00f9 tardi\u00a0\u00e8 Luca\u00a0Rigoni a\u00a0mandare di poco a [&hellip;]<\/p>\n","protected":false},"author":2,"featured_media":6467,"comment_status":"closed","ping_status":"open","sticky":false,"template":"","format":"standard","meta":[],"categories":[1],"tags":[744],"_links":{"self":[{"href":"http:\/\/www.rosanerosiamonoi.it\/palermocalcio\/wp-json\/wp\/v2\/posts\/6466"}],"collection":[{"href":"http:\/\/www.rosanerosiamonoi.it\/palermocalcio\/wp-json\/wp\/v2\/posts"}],"about":[{"href":"http:\/\/www.rosanerosiamonoi.it\/palermocalcio\/wp-json\/wp\/v2\/types\/post"}],"author":[{"embeddable":true,"href":"http:\/\/www.rosanerosiamonoi.it\/palermocalcio\/wp-json\/wp\/v2\/users\/2"}],"replies":[{"embeddable":true,"href":"http:\/\/www.rosanerosiamonoi.it\/palermocalcio\/wp-json\/wp\/v2\/comments?post=6466"}],"version-history":[{"count":8,"href":"http:\/\/www.rosanerosiamonoi.it\/palermocalcio\/wp-json\/wp\/v2\/posts\/6466\/revisions"}],"predecessor-version":[{"id":6476,"href":"http:\/\/www.rosanerosiamonoi.it\/palermocalcio\/wp-json\/wp\/v2\/posts\/6466\/revisions\/6476"}],"wp:featuredmedia":[{"embeddable":true,"href":"http:\/\/www.rosanerosiamonoi.it\/palermocalcio\/wp-json\/wp\/v2\/media\/6467"}],"wp:attachment":[{"href":"http:\/\/www.rosanerosiamonoi.it\/palermocalcio\/wp-json\/wp\/v2\/media?parent=6466"}],"wp:term":[{"taxonomy":"category","embeddable":true,"href":"http:\/\/www.rosanerosiamonoi.it\/palermocalcio\/wp-json\/wp\/v2\/categories?post=6466"},{"taxonomy":"post_tag","embeddable":true,"href":"http:\/\/www.rosanerosiamonoi.it\/palermocalcio\/wp-json\/wp\/v2\/tags?post=6466"}],"curies":[{"name":"wp","href":"https:\/\/api.w.org\/{rel}","templated":true}]}}