{"id":6571,"date":"2015-08-15T19:37:47","date_gmt":"2015-08-15T17:37:47","guid":{"rendered":"http:\/\/www.rosanerosiamonoi.it\/palermocalcio\/?p=6571"},"modified":"2015-08-15T19:37:47","modified_gmt":"2015-08-15T17:37:47","slug":"palermo-avellino-probabili-formazioni","status":"publish","type":"post","link":"http:\/\/www.rosanerosiamonoi.it\/palermocalcio\/2015\/08\/15\/palermo-avellino-probabili-formazioni\/","title":{"rendered":"Palermo-Avellino. Probabili formazioni"},"content":{"rendered":"<p style=\"text-align: justify;\"><a href=\"http:\/\/www.rosanerosiamonoi.it\/palermocalcio\/2015\/08\/11\/palermo-avellino-su-rai-sport-1\/coppa-italia\/\" rel=\"attachment wp-att-6555\"><img decoding=\"async\" loading=\"lazy\" class=\"aligncenter size-full wp-image-6555\" src=\"http:\/\/www.rosanerosiamonoi.it\/palermocalcio\/wp-content\/uploads\/2015\/08\/coppa.italia.jpg\" alt=\"coppa.italia\" width=\"260\" height=\"260\" srcset=\"http:\/\/www.rosanerosiamonoi.it\/palermocalcio\/wp-content\/uploads\/2015\/08\/coppa.italia.jpg 260w, http:\/\/www.rosanerosiamonoi.it\/palermocalcio\/wp-content\/uploads\/2015\/08\/coppa.italia-150x150.jpg 150w, http:\/\/www.rosanerosiamonoi.it\/palermocalcio\/wp-content\/uploads\/2015\/08\/coppa.italia-100x100.jpg 100w, http:\/\/www.rosanerosiamonoi.it\/palermocalcio\/wp-content\/uploads\/2015\/08\/coppa.italia-200x200.jpg 200w, http:\/\/www.rosanerosiamonoi.it\/palermocalcio\/wp-content\/uploads\/2015\/08\/coppa.italia-50x50.jpg 50w, http:\/\/www.rosanerosiamonoi.it\/palermocalcio\/wp-content\/uploads\/2015\/08\/coppa.italia-144x144.jpg 144w\" sizes=\"(max-width: 260px) 100vw, 260px\" \/><\/a><\/p>\n<p style=\"text-align: justify;\">\n<p style=\"text-align: justify;\">Il\u00a0\u00a0\u201cRenzo Barbera\u201d, \u00a0attende i lupi dell&#8217;Avellino per la sfida con il\u00a0Palermo. Un impegno proibitivo sulla carta per la formazione biancoverde che tuttavia finora ha dimostrato di possedere gi\u00e0 una parvenza di quadratura e organizzazione con tutte le attenuanti del pre-campionato.<\/p>\n<p style=\"text-align: justify;\">Attilio Tesser sembra non essere\u00a0intenzionionato afare la vittima sacrificale con i\u00a0rosanero, memore, tra l\u2019altro, della sconfitta del gennaio 2012 che gli cost\u00f2 la panchina del Novara.\u00a0Il suo obiettivo al \u201cBarbera\u201d pertanto sar\u00e0 duplice: dimenticare quella delusione (in parte addolcita dalla nuova chiamata in corsa del club piemontese) ma soprattutto vendere cara la pelle senza alcuna preclusione di traguardi in ottica qualificazione.<\/p>\n<p style=\"text-align: justify;\">Il tecnico di Montebelluna cos\u00ec conferma l\u2019atteggiamento a rombo e deve fare a meno di Ligi e D\u2019Angelo, ma ha le alternative pronte. Rea e Zito infatti sono completamente recuperati e scenderanno in campo dal primo minuto. L\u2019ex Varese far\u00e0 coppia con Biraschi al centro della difesa, mentre il centrocampista partenopeo si posizioner\u00e0 sul centrosinistra della mediana completata da Arini e Gavazzi. Tra le linee la novit\u00e0 \u00e8 <strong>Soumar\u00e8<\/strong> al posti di Insigne a sostegno del duo <strong>Trotta-Tavano<\/strong>.<\/p>\n<p style=\"text-align: justify;\">Nel Palermo, Beppe Iachini opta per il classico 3-5-2 con Belotti alla\u00a0guida\u00a0dell\u2019attacco con Vazquez alle spalle e dal quale ci aspettiamo un debutto con il gol. Il tecnico rosanero nonostante il precampionato abbia detto che il 4-3-1-2 rende molto di pi\u00f9 mantiene l&#8217;idea di affidarsi agli elementi gi\u00e0 in rosa la scorsa stagione. Sulla fascia sinistra Lazaar ha recuperato ma resta qualche dubbio sulle condizioni resta. In alternativa \u00e8 pronto Daprel\u00e0.<\/p>\n<p style=\"text-align: justify;\">In corso d&#8217;opera per\u00f2 siamo convinti che troveranno spazio anche uno straordinario Quaison , un prolifico Benali ed uno fra Trajkowski o Hiljemark &#8230; che benissimo hanno fatto tutti in ritiro dimostrando di meritare tutti un posto in prima squadra.<\/p>\n<p style=\"text-align: justify;\">L&#8217;unica cosa certa \u00e8 che dobbiamo non solo vincere ma convincere anche perch\u00e8 il primo impegno di campionato domenica 23 con il Genoa ci porta una squadra che ha ballato in difesa con il celta vigo che ha realizzato cos\u00ec 4 reti quante sperimo di farne anche noi per partire alla grande !<\/p>\n<p style=\"text-align: justify;\">Intanto questa sera battiamo l&#8217;Avellino e quando giocheremo a trazione anteriore penso che gliene potremmo fare anche a loro 4.<\/p>\n<p class=\"caps\"><strong>Le probabili formazioni del match (fischio d\u2019inizio alle 21):<\/strong><\/p>\n<p><strong>Palermo (3-5-2):<\/strong> Sorrentino;\u00a0Vitiello, Gonzalez, Andelkovic; Rispoli, Rigoni, Jajalo, Chochev, Lazaar; Vazquez, Belotti.<\/p>\n<p><strong>A disp.:\u00a0<\/strong>Colombi, Goldaniga, Trajkovski, Cassini, Hiljemark, Brugman, Benali, Quaison, Pirrello, Bentivegna, Daprel\u00e0, El Kaoutari, La Gumina.<\/p>\n<p><strong>All.:<\/strong>\u00a0Giuseppe Iachini<\/p>\n<p><strong>Squalificati:\u00a0<\/strong>nessuno.<\/p>\n<p><strong>Indisponibili:<\/strong>\u00a0Bolzoni.<\/p>\n<p><strong>Ballottaggi:\u00a0<\/strong>Lazaar-Daprel\u00e0 60%-40%<\/p>\n<p>&nbsp;<\/p>\n<p><strong>Avellino (4-3-1-2):\u00a0<\/strong>Frattali; Nitriansky, Biraschi, Rea, Visconti; Gavazzi, Arini, Zito; Soumar\u00e8; Trotta, Tavano.<\/p>\n<p><strong>A disp.:\u00a0<\/strong>Bianco, Offredi, Nica, Mokulu, Schiavon, Insigne, Giron, D\u2019Attilio, Jidayi, Pozzebon, Chiosa.<\/p>\n<p><strong>All.:<\/strong>\u00a0Attilio Tesser.<\/p>\n<p><strong>Squalificati:\u00a0<\/strong>Castaldo.<\/p>\n<p><strong>Indisponibili: <\/strong>Togni, Ligi, D\u2019Angelo.<\/p>\n<p><strong>Ballottaggi: <\/strong>Soumar\u00e8-Insigne 60%-40%.<\/p>\n<p><strong>Arbitro:\u00a0<\/strong>\u00a0Claudio Gavillucci della sezione di Latina.<\/p>\n<p><strong>Guardalinee:<\/strong>\u00a0Mauro Vivenzi della sezione di Brescia e Sergio Ranghetti della sezione di Chiari.<\/p>\n","protected":false},"excerpt":{"rendered":"<p>Il\u00a0\u00a0\u201cRenzo Barbera\u201d, \u00a0attende i lupi dell&#8217;Avellino per la sfida con il\u00a0Palermo. Un impegno proibitivo sulla carta per la formazione biancoverde che tuttavia finora ha dimostrato di possedere gi\u00e0 una parvenza di quadratura e organizzazione con tutte le attenuanti del pre-campionato. Attilio Tesser sembra non essere\u00a0intenzionionato afare la vittima sacrificale con i\u00a0rosanero, memore, tra l\u2019altro, della [&hellip;]<\/p>\n","protected":false},"author":2,"featured_media":6555,"comment_status":"closed","ping_status":"open","sticky":false,"template":"","format":"standard","meta":[],"categories":[1],"tags":[758,295],"_links":{"self":[{"href":"http:\/\/www.rosanerosiamonoi.it\/palermocalcio\/wp-json\/wp\/v2\/posts\/6571"}],"collection":[{"href":"http:\/\/www.rosanerosiamonoi.it\/palermocalcio\/wp-json\/wp\/v2\/posts"}],"about":[{"href":"http:\/\/www.rosanerosiamonoi.it\/palermocalcio\/wp-json\/wp\/v2\/types\/post"}],"author":[{"embeddable":true,"href":"http:\/\/www.rosanerosiamonoi.it\/palermocalcio\/wp-json\/wp\/v2\/users\/2"}],"replies":[{"embeddable":true,"href":"http:\/\/www.rosanerosiamonoi.it\/palermocalcio\/wp-json\/wp\/v2\/comments?post=6571"}],"version-history":[{"count":1,"href":"http:\/\/www.rosanerosiamonoi.it\/palermocalcio\/wp-json\/wp\/v2\/posts\/6571\/revisions"}],"predecessor-version":[{"id":6572,"href":"http:\/\/www.rosanerosiamonoi.it\/palermocalcio\/wp-json\/wp\/v2\/posts\/6571\/revisions\/6572"}],"wp:featuredmedia":[{"embeddable":true,"href":"http:\/\/www.rosanerosiamonoi.it\/palermocalcio\/wp-json\/wp\/v2\/media\/6555"}],"wp:attachment":[{"href":"http:\/\/www.rosanerosiamonoi.it\/palermocalcio\/wp-json\/wp\/v2\/media?parent=6571"}],"wp:term":[{"taxonomy":"category","embeddable":true,"href":"http:\/\/www.rosanerosiamonoi.it\/palermocalcio\/wp-json\/wp\/v2\/categories?post=6571"},{"taxonomy":"post_tag","embeddable":true,"href":"http:\/\/www.rosanerosiamonoi.it\/palermocalcio\/wp-json\/wp\/v2\/tags?post=6571"}],"curies":[{"name":"wp","href":"https:\/\/api.w.org\/{rel}","templated":true}]}}