{"id":6573,"date":"2015-08-16T17:23:55","date_gmt":"2015-08-16T15:23:55","guid":{"rendered":"http:\/\/www.rosanerosiamonoi.it\/palermocalcio\/?p=6573"},"modified":"2015-08-16T19:25:34","modified_gmt":"2015-08-16T17:25:34","slug":"suggestione-gilardino-zampata-di-zamparini","status":"publish","type":"post","link":"http:\/\/www.rosanerosiamonoi.it\/palermocalcio\/2015\/08\/16\/suggestione-gilardino-zampata-di-zamparini\/","title":{"rendered":"Suggestione Gilardino. Zampata di Zamparini"},"content":{"rendered":"<div class=\"desc-article\" style=\"text-align: justify;\"><\/div>\n<div class=\"desc-article\" style=\"text-align: justify;\"><\/div>\n<h1 class=\"desc-article\" style=\"text-align: center;\"><a href=\"http:\/\/www.rosanerosiamonoi.it\/palermocalcio\/2015\/08\/16\/suggestione-gilardino-zampata-di-zamparini\/gilardino\/\" rel=\"attachment wp-att-6574\">Suggestione Gilardino. Zampata di Zamparini<\/a><\/h1>\n<p>&nbsp;<\/p>\n<div class=\"desc-article\" style=\"text-align: justify;\"><\/div>\n<div class=\"desc-article\" style=\"text-align: justify;\"><a href=\"http:\/\/www.rosanerosiamonoi.it\/palermocalcio\/2015\/08\/16\/suggestione-gilardino-zampata-di-zamparini\/gilardino\/\" rel=\"attachment wp-att-6574\"><img decoding=\"async\" loading=\"lazy\" class=\"aligncenter size-medium wp-image-6574\" src=\"http:\/\/www.rosanerosiamonoi.it\/palermocalcio\/wp-content\/uploads\/2015\/08\/gilardino-520x309.jpg\" alt=\"gilardino\" width=\"520\" height=\"309\" srcset=\"http:\/\/www.rosanerosiamonoi.it\/palermocalcio\/wp-content\/uploads\/2015\/08\/gilardino-520x309.jpg 520w, http:\/\/www.rosanerosiamonoi.it\/palermocalcio\/wp-content\/uploads\/2015\/08\/gilardino-300x178.jpg 300w, http:\/\/www.rosanerosiamonoi.it\/palermocalcio\/wp-content\/uploads\/2015\/08\/gilardino-900x535.jpg 900w, http:\/\/www.rosanerosiamonoi.it\/palermocalcio\/wp-content\/uploads\/2015\/08\/gilardino.jpg 990w\" sizes=\"(max-width: 520px) 100vw, 520px\" \/><\/a><\/div>\n<div class=\"desc-article\" style=\"text-align: justify;\"><\/div>\n<div class=\"desc-article\" style=\"text-align: justify;\"><\/div>\n<div class=\"desc-article\" style=\"text-align: justify;\">Il Palermo ci sta provando a prendere Alberto Gilardino. Questa\u00a0sera, nella sua villa, il presidente, Maurizio Zamparini, incontrer\u00e0 a cena i rappresentati dell&#8217;attaccante ancora di propriet\u00e0 del Guangzhou e potrebbe esserci la svolta definitiva\u00a0per definire una trattativa nata negli ultimi giorni e giunta adesso a un bivio decisivo.<\/div>\n<div class=\"desc-article\" style=\"text-align: justify;\"><\/div>\n<div class=\"desc-article\" style=\"text-align: justify;\">Sul giocatore l&#8217;interesse anche del Carpi, la Sampdoria ed il Napoli ma questa sera pensiamo si decida se Gilardino vestir\u00e0 o meno la maglia rosanero.<\/div>\n<div class=\"desc-article\" style=\"text-align: justify;\"><\/div>\n<div class=\"desc-article\">Conter\u00e0 molto il desiderio di Gilardino di rientrare in Serie A da protagonista che \u00e8 senza dubbio altissimo, e su di lui aveva messo gli occhi\u00a0il Carpi.<\/div>\n<div class=\"desc-article\"><\/div>\n<div class=\"desc-article\"><\/div>\n<div class=\"desc-article\">Gila ha per\u00f2 preso tempo con gli emiliani, in attesa di capire come finir\u00e0 il flirt con il Palermo: Zamparini vorrebbe chiudere subito l&#8217;affare cos\u00ec da cautelarsi nel caso\u00a0il Palermo decidesse visto questo arrivo ed il tipo di gioco preferito da Iachini \u00a0di lasciare andare Belotti che potrebbe\u00a0passare al Torino .<\/div>\n<div class=\"desc-article\"><\/div>\n<div class=\"desc-article\"><a href=\"http:\/\/www.rosanerosiamonoi.it\/palermocalcio\/2015\/08\/16\/suggestione-gilardino-zampata-di-zamparini\/gilardino-1\/\" rel=\"attachment wp-att-6575\"><img decoding=\"async\" loading=\"lazy\" class=\"aligncenter size-medium wp-image-6575\" src=\"http:\/\/www.rosanerosiamonoi.it\/palermocalcio\/wp-content\/uploads\/2015\/08\/gilardino-1-520x361.jpg\" alt=\"gilardino 1\" width=\"520\" height=\"361\" srcset=\"http:\/\/www.rosanerosiamonoi.it\/palermocalcio\/wp-content\/uploads\/2015\/08\/gilardino-1-520x361.jpg 520w, http:\/\/www.rosanerosiamonoi.it\/palermocalcio\/wp-content\/uploads\/2015\/08\/gilardino-1-300x208.jpg 300w, http:\/\/www.rosanerosiamonoi.it\/palermocalcio\/wp-content\/uploads\/2015\/08\/gilardino-1.jpg 620w\" sizes=\"(max-width: 520px) 100vw, 520px\" \/><\/a><\/div>\n<div class=\"desc-article\"><\/div>\n<div class=\"desc-article\"><\/div>\n<div class=\"desc-article\"><\/div>\n<div class=\"desc-article\" style=\"text-align: justify;\">Domani in considerazione di questi ultimi eventi c&#8217;\u00e8 in agenda un incontro proprio con i dirigenti granata: il destino di Gilardino al Palermo ed eventualmente di Belotti al Torino sempre che Zamparini non mantenga la sua idea di affiancarlo a lui , insistendo che si giochi con il 4-3-3 o 4-3-1-2 , si decide in queste ore.<\/div>\n<div class=\"desc-article\" style=\"text-align: justify;\"><\/div>\n<div class=\"desc-article\" style=\"text-align: justify;\">Contatti fra il Palermo e Gilardino ci sono gi\u00e0 stati, ma <strong>Iachini <\/strong>ancora non si sbilancia&#8230; &#8220;<em>I numeri parlano per lui <\/em>&#8211; ha spiegato Iachini in conferenza stampa &#8211;<em> E il mercato \u00e8 aperto. Noi restiamo alla ricerca di un attaccante, vedremo se sar\u00e0 quello di Gilardino il profilo giusto<\/em>&#8220;.<\/div>\n<div class=\"desc-article\" style=\"text-align: justify;\">\n<p>E che lo sia di sicuro ne \u00e8 certo <strong>Sorrentino<\/strong>&#8230; &#8220;<em>Ve lo vado a prendere direttamente in aeroporto <\/em>&#8211; ha detto il portiere rosanero in conferenza stampa &#8211; <em>E&#8217; un giocatore che sar\u00e0 anche avanti con l&#8217;et\u00e0, ma che riesce poi a fare o far fare 12 goal. Inutile dire che per noi sarebbe un valore aggiunto<\/em>&#8220;.<\/p>\n<\/div>\n<p>&nbsp;<\/p>\n<p><a href=\"http:\/\/www.rosanerosiamonoi.it\/palermocalcio\/2015\/08\/16\/suggestione-gilardino-zampata-di-zamparini\/gilardino2\/\" rel=\"attachment wp-att-6576\"><img decoding=\"async\" loading=\"lazy\" class=\"aligncenter size-medium wp-image-6576\" src=\"http:\/\/www.rosanerosiamonoi.it\/palermocalcio\/wp-content\/uploads\/2015\/08\/gilardino2-520x346.jpg\" alt=\"gilardino2\" width=\"520\" height=\"346\" srcset=\"http:\/\/www.rosanerosiamonoi.it\/palermocalcio\/wp-content\/uploads\/2015\/08\/gilardino2-520x346.jpg 520w, http:\/\/www.rosanerosiamonoi.it\/palermocalcio\/wp-content\/uploads\/2015\/08\/gilardino2-150x100.jpg 150w, http:\/\/www.rosanerosiamonoi.it\/palermocalcio\/wp-content\/uploads\/2015\/08\/gilardino2-200x133.jpg 200w, http:\/\/www.rosanerosiamonoi.it\/palermocalcio\/wp-content\/uploads\/2015\/08\/gilardino2-250x166.jpg 250w, http:\/\/www.rosanerosiamonoi.it\/palermocalcio\/wp-content\/uploads\/2015\/08\/gilardino2-300x200.jpg 300w, http:\/\/www.rosanerosiamonoi.it\/palermocalcio\/wp-content\/uploads\/2015\/08\/gilardino2.jpg 890w\" sizes=\"(max-width: 520px) 100vw, 520px\" \/><\/a><\/p>\n<p>&nbsp;<\/p>\n<div class=\"desc-article\" style=\"text-align: justify;\">\n<p>Io rimango, comunque dell&#8217;idea che se formassimo una coppia d&#8217;attacco Belotti-Gilardino quest&#8217;anno per i rosa potrebbe essere un anno indimenticabile quindi continuo a sperare che non ci sia un cambiamento di rotta nelle idee del nostro Presidente e che il suo arrivo non porti alla apertura di una porta ad oggi chiusa di una cessione di Belotti .<\/p>\n<p>L&#8217;idea era quella di comprare un&#8217;altra punta come Calleri da affiancare a Belotti non di comprarne uno al posto suo&#8230; vediamo che succede<\/p>\n<\/div>\n","protected":false},"excerpt":{"rendered":"<p>Suggestione Gilardino. Zampata di Zamparini &nbsp; Il Palermo ci sta provando a prendere Alberto Gilardino. Questa\u00a0sera, nella sua villa, il presidente, Maurizio Zamparini, incontrer\u00e0 a cena i rappresentati dell&#8217;attaccante ancora di propriet\u00e0 del Guangzhou e potrebbe esserci la svolta definitiva\u00a0per definire una trattativa nata negli ultimi giorni e giunta adesso a un bivio decisivo. Sul [&hellip;]<\/p>\n","protected":false},"author":2,"featured_media":6577,"comment_status":"closed","ping_status":"open","sticky":false,"template":"","format":"standard","meta":[],"categories":[1],"tags":[759],"_links":{"self":[{"href":"http:\/\/www.rosanerosiamonoi.it\/palermocalcio\/wp-json\/wp\/v2\/posts\/6573"}],"collection":[{"href":"http:\/\/www.rosanerosiamonoi.it\/palermocalcio\/wp-json\/wp\/v2\/posts"}],"about":[{"href":"http:\/\/www.rosanerosiamonoi.it\/palermocalcio\/wp-json\/wp\/v2\/types\/post"}],"author":[{"embeddable":true,"href":"http:\/\/www.rosanerosiamonoi.it\/palermocalcio\/wp-json\/wp\/v2\/users\/2"}],"replies":[{"embeddable":true,"href":"http:\/\/www.rosanerosiamonoi.it\/palermocalcio\/wp-json\/wp\/v2\/comments?post=6573"}],"version-history":[{"count":5,"href":"http:\/\/www.rosanerosiamonoi.it\/palermocalcio\/wp-json\/wp\/v2\/posts\/6573\/revisions"}],"predecessor-version":[{"id":6582,"href":"http:\/\/www.rosanerosiamonoi.it\/palermocalcio\/wp-json\/wp\/v2\/posts\/6573\/revisions\/6582"}],"wp:featuredmedia":[{"embeddable":true,"href":"http:\/\/www.rosanerosiamonoi.it\/palermocalcio\/wp-json\/wp\/v2\/media\/6577"}],"wp:attachment":[{"href":"http:\/\/www.rosanerosiamonoi.it\/palermocalcio\/wp-json\/wp\/v2\/media?parent=6573"}],"wp:term":[{"taxonomy":"category","embeddable":true,"href":"http:\/\/www.rosanerosiamonoi.it\/palermocalcio\/wp-json\/wp\/v2\/categories?post=6573"},{"taxonomy":"post_tag","embeddable":true,"href":"http:\/\/www.rosanerosiamonoi.it\/palermocalcio\/wp-json\/wp\/v2\/tags?post=6573"}],"curies":[{"name":"wp","href":"https:\/\/api.w.org\/{rel}","templated":true}]}}