{"id":6637,"date":"2015-08-25T14:08:59","date_gmt":"2015-08-25T12:08:59","guid":{"rendered":"http:\/\/www.rosanerosiamonoi.it\/palermocalcio\/?p=6637"},"modified":"2015-08-25T14:20:49","modified_gmt":"2015-08-25T12:20:49","slug":"pillole-di-calciomercato-le-ultimissime","status":"publish","type":"post","link":"http:\/\/www.rosanerosiamonoi.it\/palermocalcio\/2015\/08\/25\/pillole-di-calciomercato-le-ultimissime\/","title":{"rendered":"Pillole di calciomercato &#8230; le ultimissime"},"content":{"rendered":"<p>&nbsp;<\/p>\n<p style=\"text-align: center;\"><a href=\"http:\/\/www.rosanerosiamonoi.it\/palermocalcio\/2015\/04\/13\/udinese-palermo-1-3-i-rosa-tornano-a-volare\/lazaar-gol-udi\/\" rel=\"attachment wp-att-5675\"><img decoding=\"async\" loading=\"lazy\" class=\"aligncenter size-medium wp-image-5675\" src=\"http:\/\/www.rosanerosiamonoi.it\/palermocalcio\/wp-content\/uploads\/2015\/04\/Lazaar-gol-UDI-520x293.jpg\" alt=\"Lazaar gol UDI\" width=\"520\" height=\"293\" srcset=\"http:\/\/www.rosanerosiamonoi.it\/palermocalcio\/wp-content\/uploads\/2015\/04\/Lazaar-gol-UDI-520x293.jpg 520w, http:\/\/www.rosanerosiamonoi.it\/palermocalcio\/wp-content\/uploads\/2015\/04\/Lazaar-gol-UDI-300x169.jpg 300w, http:\/\/www.rosanerosiamonoi.it\/palermocalcio\/wp-content\/uploads\/2015\/04\/Lazaar-gol-UDI.jpg 620w\" sizes=\"(max-width: 520px) 100vw, 520px\" \/><\/a><\/p>\n<p style=\"text-align: justify;\">Come avrete notato non ho mai messo la notizia di una possibile partenza di<strong> Lazaar<\/strong> semplicemente perch\u00e8 l&#8217;unica vera condizione per farlo ed in questo caso ero d&#8217;accordo anche io era quella di una proposta indecente ovvero almeno 15 milioni di euro &#8230;. e con quelli prenderne 6 e comprare Tonelli dell&#8217;Empoli &#8230; diversamente per compare ci vuole qualcuno che vende e sapevo con certezza che il Presidente aveva dato il veto alla sua cessione &#8230;quindi inutile parlare di aria fritta .<\/p>\n<p>&nbsp;<\/p>\n<p><a href=\"http:\/\/www.rosanerosiamonoi.it\/palermocalcio\/2015\/03\/21\/vasquez-convocato-in-nazionale-italiana\/vasquez-2\/\" rel=\"attachment wp-att-5651\"><img decoding=\"async\" loading=\"lazy\" class=\"aligncenter size-full wp-image-5651\" src=\"http:\/\/www.rosanerosiamonoi.it\/palermocalcio\/wp-content\/uploads\/2015\/03\/vasquez.jpg\" alt=\"vasquez\" width=\"436\" height=\"245\" srcset=\"http:\/\/www.rosanerosiamonoi.it\/palermocalcio\/wp-content\/uploads\/2015\/03\/vasquez.jpg 436w, http:\/\/www.rosanerosiamonoi.it\/palermocalcio\/wp-content\/uploads\/2015\/03\/vasquez-300x169.jpg 300w\" sizes=\"(max-width: 436px) 100vw, 436px\" \/><\/a><\/p>\n<p>&nbsp;<\/p>\n<p>Non ho mai scritto delle richieste per <strong>Franco Vasquez<\/strong> solo perch\u00e8 valeva come sopra quest&#8217;anno il giocatore non si vende e resta fino alla fine del campionato nelle fila del Palermo a fare il trio delle meraviglie con Gilardino e Quaison che sar\u00e0 una fantastica macchina da gol ed assist unica in Italia e forse anche in Europa &#8230;<\/p>\n<p>&nbsp;<\/p>\n<p><a href=\"http:\/\/www.rosanerosiamonoi.it\/palermocalcio\/2015\/08\/25\/pillole-di-calciomercato-le-ultimissime\/schelotto\/\" rel=\"attachment wp-att-6638\"><img decoding=\"async\" loading=\"lazy\" class=\"aligncenter size-medium wp-image-6638\" src=\"http:\/\/www.rosanerosiamonoi.it\/palermocalcio\/wp-content\/uploads\/2015\/08\/schelotto-520x300.jpg\" alt=\"schelotto\" width=\"520\" height=\"300\" srcset=\"http:\/\/www.rosanerosiamonoi.it\/palermocalcio\/wp-content\/uploads\/2015\/08\/schelotto-520x300.jpg 520w, http:\/\/www.rosanerosiamonoi.it\/palermocalcio\/wp-content\/uploads\/2015\/08\/schelotto-300x173.jpg 300w, http:\/\/www.rosanerosiamonoi.it\/palermocalcio\/wp-content\/uploads\/2015\/08\/schelotto.jpg 618w\" sizes=\"(max-width: 520px) 100vw, 520px\" \/><\/a><\/p>\n<p>&nbsp;<\/p>\n<p style=\"text-align: justify;\">Tutti a chiedere di<strong> Schelotto<\/strong> ultimo nome fra i possibili arrivi visto che il Palermo veramente cerca un esterno destro e lui sarebbe anche un grande in questo ruolo ed allora riportiamo le parole di Gerolin per capire come stanno le cose che devono anche tenere conto che se come pare abbia rinnovato<strong> Morganella<\/strong> &#8230; ma ancora non \u00e8 pronto al rientro e poi c&#8217;\u00e8 <strong>Rispoli<\/strong> che \u00e8 partito bene in questo ruolo \u00a0lui ovviamente \u00a0non verrebbe per fare da terzo.<\/p>\n<p style=\"text-align: justify;\">Intervistato da &#8220;Fcinternews.it&#8221;, il direttore sportivo <strong>Manuel Gerolin<\/strong> ha confermato le voci di un possibile interessamento del Palermo su Ezequiel Schelotto, in forza ai nerazzurri: \u00abE&#8217; vero, siamo in costante contatto con i dirigenti dell&#8217;Inter e credo dureranno da qui fino alla chiusura del calciomercato. Schelotto ci piace, ma trattiamo solo sulla base di un prestito e non a titolo definitivo\u00bb.<\/p>\n<p style=\"text-align: justify;\"><a href=\"http:\/\/www.rosanerosiamonoi.it\/palermocalcio\/2015\/08\/16\/suggestione-gilardino-zampata-di-zamparini\/gilardino-1\/\" rel=\"attachment wp-att-6575\"><img decoding=\"async\" loading=\"lazy\" class=\"aligncenter size-medium wp-image-6575\" src=\"http:\/\/www.rosanerosiamonoi.it\/palermocalcio\/wp-content\/uploads\/2015\/08\/gilardino-1-520x361.jpg\" alt=\"gilardino 1\" width=\"520\" height=\"361\" srcset=\"http:\/\/www.rosanerosiamonoi.it\/palermocalcio\/wp-content\/uploads\/2015\/08\/gilardino-1-520x361.jpg 520w, http:\/\/www.rosanerosiamonoi.it\/palermocalcio\/wp-content\/uploads\/2015\/08\/gilardino-1-300x208.jpg 300w, http:\/\/www.rosanerosiamonoi.it\/palermocalcio\/wp-content\/uploads\/2015\/08\/gilardino-1.jpg 620w\" sizes=\"(max-width: 520px) 100vw, 520px\" \/><\/a><\/p>\n<p style=\"text-align: justify;\">Di <strong>Gilardino<\/strong> abbiamo detto che \u00a0praticamente \u00e8 del Palermo, ormai tutto definito &#8230; ma \u00e8 una notizia vecchia gi\u00e0 data in anticipo ma arriva per i pi\u00f9 scettici la conferma dello stesso Presidente\u00a0\u00a0<strong>Zamparini<\/strong>.<\/p>\n<p style=\"text-align: justify;\">Ecco le parole del presidente contattato dalla redazione di <em>Sportitalia<\/em> durante\u00a0<em>Speciale Calciomercato<\/em>:\u00a0<strong>\u00ab<em>Gilardino \u00e8 vicino. Nella giornata di domani (oggi per chi legge) dovrebbe siglare il contratto<\/em>\u00bb.<\/strong><\/p>\n<p>Subito per lui le visite mediche e di corsa a mettersi a disposizione di <strong>Iachini<\/strong> e se come pare arriver\u00e0 in tempo \u00a0il transfer dalla Cina Gilardino guider\u00e0 l&#8217;attacco del Palermo nella partita fra le capolista del campionato di serie A il Palermo e\u00a0l&#8217;Udinese.<\/p>\n<p style=\"text-align: justify;\">A proposito della richiesta dell&#8217;Inter ,,,<strong>Il \u00abGila\u00bb ha ringraziato ma ha detto no, vuole giocare titolare nel Palermo e qui ambisce a un posto per il prossimo\u00a0Europeo in Francia.<\/strong> Ecco perch\u00e9 l&#8217; ipotesi nerazzurra &#8211; seppur suggestiva &#8211; \u00e8 stata scartata.<\/p>\n<p style=\"text-align: justify;\"><a href=\"http:\/\/www.rosanerosiamonoi.it\/palermocalcio\/2015\/07\/28\/zamparini-a-londra-per-prendere-campbell\/campbell\/\" rel=\"attachment wp-att-6359\"><img decoding=\"async\" loading=\"lazy\" class=\"aligncenter size-medium wp-image-6359\" src=\"http:\/\/www.rosanerosiamonoi.it\/palermocalcio\/wp-content\/uploads\/2015\/07\/campbell-520x258.jpg\" alt=\"campbell\" width=\"520\" height=\"258\" srcset=\"http:\/\/www.rosanerosiamonoi.it\/palermocalcio\/wp-content\/uploads\/2015\/07\/campbell-520x258.jpg 520w, http:\/\/www.rosanerosiamonoi.it\/palermocalcio\/wp-content\/uploads\/2015\/07\/campbell-300x149.jpg 300w, http:\/\/www.rosanerosiamonoi.it\/palermocalcio\/wp-content\/uploads\/2015\/07\/campbell.jpg 686w\" sizes=\"(max-width: 520px) 100vw, 520px\" \/><\/a><\/p>\n<p style=\"text-align: justify;\">Ma non \u00e8 finita <strong>Zamparini<\/strong> non molla la pista<strong> Campbell<\/strong> e spera che sul filo di lana arrivi l&#8217;ok dell&#8217;Arsenal e va a prendere lui stesso il giocatore che sarebbe una ulteriore ciliegina sulla torta per il nostro allenatore che si ritroverebbe una squadra fortissima in tutti i reparti .<\/p>\n<p>&nbsp;<\/p>\n<p><a href=\"http:\/\/www.rosanerosiamonoi.it\/palermocalcio\/2015\/08\/25\/pillole-di-calciomercato-le-ultimissime\/trotta\/\" rel=\"attachment wp-att-6639\"><img decoding=\"async\" loading=\"lazy\" class=\"aligncenter size-medium wp-image-6639\" src=\"http:\/\/www.rosanerosiamonoi.it\/palermocalcio\/wp-content\/uploads\/2015\/08\/trotta-520x258.jpg\" alt=\"trotta\" width=\"520\" height=\"258\" srcset=\"http:\/\/www.rosanerosiamonoi.it\/palermocalcio\/wp-content\/uploads\/2015\/08\/trotta-520x258.jpg 520w, http:\/\/www.rosanerosiamonoi.it\/palermocalcio\/wp-content\/uploads\/2015\/08\/trotta-300x149.jpg 300w, http:\/\/www.rosanerosiamonoi.it\/palermocalcio\/wp-content\/uploads\/2015\/08\/trotta.jpg 686w\" sizes=\"(max-width: 520px) 100vw, 520px\" \/><\/a><\/p>\n<p>&nbsp;<\/p>\n<p>In alternativa piace veramente Marcello Trotta e c&#8217;\u00e8 stato per ovviamente solo un contatto in attesa di notizie da Londra \u00a0che\u00a0rimane la\u00a0prima scelta .<\/p>\n<p style=\"text-align: justify;\">Il profilo individuato come dicevamo in alternativa e piace molto anche i tifosi da un nostro sondaggio \u00a0\u00e8 quello dell&#8217; Under 21<strong>.<\/strong><\/p>\n<p style=\"text-align: justify;\">L&#8217; attaccante originario di Caserta, \u00e8 considerato incedibile dall&#8217;Avellino, ma non troppo, \u00a0e \u00a0Zamparini vede in Trotta delle similitudini con Belotti, ecco perch\u00e9 far\u00e0 un&#8217; offerta di 3 milioni di euro pi\u00f9 un&#8217;eventuale contropartita tecnica per l&#8217; intero cartellino.<\/p>\n<p style=\"text-align: justify;\">\n<p style=\"text-align: justify;\"><iframe loading=\"lazy\" src=\"https:\/\/www.youtube.com\/embed\/j_jPqEh4Fkg\" width=\"640\" height=\"360\" frameborder=\"0\" allowfullscreen=\"allowfullscreen\"><\/iframe><\/p>\n<p style=\"text-align: justify;\">Nome che circola dell&#8217;ultimo momento\u00a0ma confesso che questa volta non posso confermare se \u00e8 vera non essendo riuscito a contattare chi di dovere \u00a0\u00e8\u00a0 <strong>Roberto Rodrigo\u00a0<\/strong>dell&#8217;<strong>Arouca<\/strong>, squadra di Primeira Liga portoghese.<\/p>\n<p style=\"text-align: justify;\">E&#8217; un classe &#8217;88, prima punta ma all&#8217;occorrenza anche seconda punta. Sembra che piaccia\u00a0anche a\u00a0<strong>Sporting Lisbona\u00a0<\/strong>e <strong>Braga<\/strong>, potrebbe arrivare sulla base di uno scambio di prestiti che potrebbe riportare in patria\u00a0<strong>Joao Silva<\/strong>, in uscita dal Palermo e che piace anche al Crotone in Serie B.<\/p>\n<p style=\"text-align: justify;\">Ora sapete\u00a0tutto non ci resta che aspettare\u00a0gli sviluppi .<\/p>\n<p style=\"text-align: justify;\"><strong>Mario Giglio<\/strong><\/p>\n<p>&nbsp;<\/p>\n","protected":false},"excerpt":{"rendered":"<p>&nbsp; Come avrete notato non ho mai messo la notizia di una possibile partenza di Lazaar semplicemente perch\u00e8 l&#8217;unica vera condizione per farlo ed in questo caso ero d&#8217;accordo anche io era quella di una proposta indecente ovvero almeno 15 milioni di euro &#8230;. e con quelli prenderne 6 e comprare Tonelli dell&#8217;Empoli &#8230; diversamente [&hellip;]<\/p>\n","protected":false},"author":2,"featured_media":6619,"comment_status":"closed","ping_status":"open","sticky":false,"template":"","format":"standard","meta":[],"categories":[1],"tags":[736,317,735,759,224,768,767,41],"_links":{"self":[{"href":"http:\/\/www.rosanerosiamonoi.it\/palermocalcio\/wp-json\/wp\/v2\/posts\/6637"}],"collection":[{"href":"http:\/\/www.rosanerosiamonoi.it\/palermocalcio\/wp-json\/wp\/v2\/posts"}],"about":[{"href":"http:\/\/www.rosanerosiamonoi.it\/palermocalcio\/wp-json\/wp\/v2\/types\/post"}],"author":[{"embeddable":true,"href":"http:\/\/www.rosanerosiamonoi.it\/palermocalcio\/wp-json\/wp\/v2\/users\/2"}],"replies":[{"embeddable":true,"href":"http:\/\/www.rosanerosiamonoi.it\/palermocalcio\/wp-json\/wp\/v2\/comments?post=6637"}],"version-history":[{"count":4,"href":"http:\/\/www.rosanerosiamonoi.it\/palermocalcio\/wp-json\/wp\/v2\/posts\/6637\/revisions"}],"predecessor-version":[{"id":6643,"href":"http:\/\/www.rosanerosiamonoi.it\/palermocalcio\/wp-json\/wp\/v2\/posts\/6637\/revisions\/6643"}],"wp:featuredmedia":[{"embeddable":true,"href":"http:\/\/www.rosanerosiamonoi.it\/palermocalcio\/wp-json\/wp\/v2\/media\/6619"}],"wp:attachment":[{"href":"http:\/\/www.rosanerosiamonoi.it\/palermocalcio\/wp-json\/wp\/v2\/media?parent=6637"}],"wp:term":[{"taxonomy":"category","embeddable":true,"href":"http:\/\/www.rosanerosiamonoi.it\/palermocalcio\/wp-json\/wp\/v2\/categories?post=6637"},{"taxonomy":"post_tag","embeddable":true,"href":"http:\/\/www.rosanerosiamonoi.it\/palermocalcio\/wp-json\/wp\/v2\/tags?post=6637"}],"curies":[{"name":"wp","href":"https:\/\/api.w.org\/{rel}","templated":true}]}}