{"id":6654,"date":"2015-08-26T15:22:33","date_gmt":"2015-08-26T13:22:33","guid":{"rendered":"http:\/\/www.rosanerosiamonoi.it\/palermocalcio\/?p=6654"},"modified":"2015-08-26T15:22:33","modified_gmt":"2015-08-26T13:22:33","slug":"sono-due-i-posti-liberi-e-non-uno-come-circolato","status":"publish","type":"post","link":"http:\/\/www.rosanerosiamonoi.it\/palermocalcio\/2015\/08\/26\/sono-due-i-posti-liberi-e-non-uno-come-circolato\/","title":{"rendered":"Sono due i posti liberi e non uno come circolato &#8230;"},"content":{"rendered":"<p><a href=\"http:\/\/www.rosanerosiamonoi.it\/palermocalcio\/2014\/09\/01\/preso-joao-silva-dal-bari\/joao-silva\/\" rel=\"attachment wp-att-4789\"><img decoding=\"async\" loading=\"lazy\" class=\"aligncenter size-full wp-image-4789\" src=\"http:\/\/www.rosanerosiamonoi.it\/palermocalcio\/wp-content\/uploads\/2014\/09\/joao-silva.jpg\" alt=\"joao silva\" width=\"350\" height=\"478\" \/><\/a><\/p>\n<p>&nbsp;<\/p>\n<p style=\"text-align: justify;\">Sono due i posti liberi e non uno come circolato \u00a0in queste ore sulla impossibilit\u00e0 del Palermo di comprare come \u00e8 nei programmi un&#8217;altra punta \u00a0(<strong>Campbell o Trotta<\/strong>) ed un esterno destro (<strong>Schelotto<\/strong>).<\/p>\n<p style=\"text-align: justify;\">Come era prevedibile e normale \u00e8 arrivata prontamente come era gi\u00e0 nell&#8217;aria la comunicazione della societ\u00e0 che <strong>Joao Silva<\/strong> ha rescisso consensualmente con la societ\u00e0 il proprio contratto e quindi tornano ad essere due i posti liberi e vengono spazzate tutte le chiacchiere e le voci sulla impossibilit\u00e0 di accontentare<strong> Iachini<\/strong> \u00a0o di dovere scegliere se fare arrivare una punta od un esterno.<\/p>\n<p style=\"text-align: justify;\">Giusto per essere come sempre chiari e positivi &#8230;.<strong> Buon lavoro Presidente !\u00a0<\/strong><\/p>\n<p style=\"text-align: justify;\">\n","protected":false},"excerpt":{"rendered":"<p>&nbsp; Sono due i posti liberi e non uno come circolato \u00a0in queste ore sulla impossibilit\u00e0 del Palermo di comprare come \u00e8 nei programmi un&#8217;altra punta \u00a0(Campbell o Trotta) ed un esterno destro (Schelotto). Come era prevedibile e normale \u00e8 arrivata prontamente come era gi\u00e0 nell&#8217;aria la comunicazione della societ\u00e0 che Joao Silva ha rescisso [&hellip;]<\/p>\n","protected":false},"author":2,"featured_media":6444,"comment_status":"closed","ping_status":"open","sticky":false,"template":"","format":"standard","meta":[],"categories":[1],"tags":[114,513],"_links":{"self":[{"href":"http:\/\/www.rosanerosiamonoi.it\/palermocalcio\/wp-json\/wp\/v2\/posts\/6654"}],"collection":[{"href":"http:\/\/www.rosanerosiamonoi.it\/palermocalcio\/wp-json\/wp\/v2\/posts"}],"about":[{"href":"http:\/\/www.rosanerosiamonoi.it\/palermocalcio\/wp-json\/wp\/v2\/types\/post"}],"author":[{"embeddable":true,"href":"http:\/\/www.rosanerosiamonoi.it\/palermocalcio\/wp-json\/wp\/v2\/users\/2"}],"replies":[{"embeddable":true,"href":"http:\/\/www.rosanerosiamonoi.it\/palermocalcio\/wp-json\/wp\/v2\/comments?post=6654"}],"version-history":[{"count":1,"href":"http:\/\/www.rosanerosiamonoi.it\/palermocalcio\/wp-json\/wp\/v2\/posts\/6654\/revisions"}],"predecessor-version":[{"id":6655,"href":"http:\/\/www.rosanerosiamonoi.it\/palermocalcio\/wp-json\/wp\/v2\/posts\/6654\/revisions\/6655"}],"wp:featuredmedia":[{"embeddable":true,"href":"http:\/\/www.rosanerosiamonoi.it\/palermocalcio\/wp-json\/wp\/v2\/media\/6444"}],"wp:attachment":[{"href":"http:\/\/www.rosanerosiamonoi.it\/palermocalcio\/wp-json\/wp\/v2\/media?parent=6654"}],"wp:term":[{"taxonomy":"category","embeddable":true,"href":"http:\/\/www.rosanerosiamonoi.it\/palermocalcio\/wp-json\/wp\/v2\/categories?post=6654"},{"taxonomy":"post_tag","embeddable":true,"href":"http:\/\/www.rosanerosiamonoi.it\/palermocalcio\/wp-json\/wp\/v2\/tags?post=6654"}],"curies":[{"name":"wp","href":"https:\/\/api.w.org\/{rel}","templated":true}]}}