{"id":6719,"date":"2015-08-31T23:58:18","date_gmt":"2015-08-31T21:58:18","guid":{"rendered":"http:\/\/www.rosanerosiamonoi.it\/palermocalcio\/?p=6719"},"modified":"2015-09-01T00:04:17","modified_gmt":"2015-08-31T22:04:17","slug":"adesso-pensiamo-solo-ad-andare-avanti-tutti-gli-anticipi-e-posticipi","status":"publish","type":"post","link":"http:\/\/www.rosanerosiamonoi.it\/palermocalcio\/2015\/08\/31\/adesso-pensiamo-solo-ad-andare-avanti-tutti-gli-anticipi-e-posticipi\/","title":{"rendered":"Adesso pensiamo solo ad andare avanti &#8230; tutti gli anticipi e posticipi"},"content":{"rendered":"<p style=\"text-align: justify;\"><a href=\"http:\/\/www.rosanerosiamonoi.it\/palermocalcio\/2015\/08\/31\/adesso-pensiamo-solo-ad-andare-avanti-tutti-gli-anticipi-e-posticipi\/palermo-primo-corriere-dello-sport\/\" rel=\"attachment wp-att-6720\"><img decoding=\"async\" loading=\"lazy\" class=\"aligncenter  wp-image-6720\" src=\"http:\/\/www.rosanerosiamonoi.it\/palermocalcio\/wp-content\/uploads\/2015\/08\/palermo-primo-corriere-dello-sport.jpg\" alt=\"palermo primo corriere dello sport\" width=\"555\" height=\"399\" srcset=\"http:\/\/www.rosanerosiamonoi.it\/palermocalcio\/wp-content\/uploads\/2015\/08\/palermo-primo-corriere-dello-sport.jpg 480w, http:\/\/www.rosanerosiamonoi.it\/palermocalcio\/wp-content\/uploads\/2015\/08\/palermo-primo-corriere-dello-sport-300x216.jpg 300w\" sizes=\"(max-width: 555px) 100vw, 555px\" \/><\/a><\/p>\n<p style=\"text-align: justify;\">Meno male che \u00a0\u00e8 finita io credo che vada bene cos\u00ec &#8230;. abbiamo una squadra completa adesso dobbiamo solo pensare a crescere ancora ed inserire <strong>Alberto Gilardino<\/strong> e provare a raggiungere i massimi risultati possibili&#8230; e quest&#8217;anno come minimo mi aspetto di andare in finale in Coppa Italia ed in campionato se continuiamo come siamo partiti &#8230;le vie del signore sono infinite come successe a Cagliari , Sampdoria \u00a0e Chievo &#8230;. in ritiro ho visto una squadra fortissima ed un lavoro straordinario di <strong>Beppe Iachini, altra eccellenza di questa squadra<\/strong><\/p>\n<p style=\"text-align: justify;\"><a href=\"http:\/\/www.rosanerosiamonoi.it\/palermocalcio\/2014\/08\/24\/calciomercato-colpo-grosso-palermo-in-arrivo-giancarlo-gonzalez-dal-costa-rica\/gonzalez-2\/\" rel=\"attachment wp-att-4525\"><img decoding=\"async\" loading=\"lazy\" class=\"aligncenter size-medium wp-image-4525\" src=\"http:\/\/www.rosanerosiamonoi.it\/palermocalcio\/wp-content\/uploads\/2014\/08\/gonzalez1-520x312.jpg\" alt=\"gonzalez\" width=\"520\" height=\"312\" srcset=\"http:\/\/www.rosanerosiamonoi.it\/palermocalcio\/wp-content\/uploads\/2014\/08\/gonzalez1-520x312.jpg 520w, http:\/\/www.rosanerosiamonoi.it\/palermocalcio\/wp-content\/uploads\/2014\/08\/gonzalez1.jpg 990w\" sizes=\"(max-width: 520px) 100vw, 520px\" \/><\/a><\/p>\n<p style=\"text-align: justify;\">Abbiamo una\u00a0difesa guidata da un sontuoso <strong>Gonzalez<\/strong> imbattuta in serie A , il centrocampo pi\u00f9 forte della serie A &#8230; , molti in panchina sarebbero titolari in altre squadre in serie A, \u00a0e con propensione al gol &#8230;ed adesso in avanti con <strong>Gilardino<\/strong> abbiamo un terminale offensivo di grandissimo livello &#8230;. con ambizione di diventare il nuovo capocannoniere del Campionato ed affiancato dagli ottimi <strong>Trajkowski , Diordievic e Quaison<\/strong> sempre che non ci si ostini a farlo giocare lontano dalla porta ma siamo sicuri che <strong>Iachini<\/strong> adesso, che siamo a bocce ferme nel mercato, sapr\u00e0 sfruttare al meglio le qualit\u00e0 dei giocatori a disposizione e poi lasciatamelo dire &#8230;.. il Palermo ha fatto il colpo pi\u00f9 straordinario di fine mercato \u00a0secondo me ed \u00e8 stata la riconferma di <strong>Enzo Maresca<\/strong> giocatore di altissimo livello che potrebbe farci fare un ulteriore salto di qualit\u00e0 come lo scorso anno quando entr\u00f2 ed il Palermo cominci\u00f2 a volare rallentando quando si infortun\u00f2 e rientrando all&#8217;Olimpico ed il Palermo torn\u00f2 a vincere in trasferta nell&#8217;ultima partita di campionato contro la titolata Roma .<\/p>\n<p style=\"text-align: justify;\"><a href=\"http:\/\/www.rosanerosiamonoi.it\/palermocalcio\/2015\/08\/30\/italia-convocato-vazquez-per-le-sfide-con-malta-e-bulgaria\/vasquez-3\/\" rel=\"attachment wp-att-6693\"><img decoding=\"async\" loading=\"lazy\" class=\"aligncenter size-medium wp-image-6693\" src=\"http:\/\/www.rosanerosiamonoi.it\/palermocalcio\/wp-content\/uploads\/2015\/08\/vasquez-520x293.jpg\" alt=\"vasquez\" width=\"520\" height=\"293\" srcset=\"http:\/\/www.rosanerosiamonoi.it\/palermocalcio\/wp-content\/uploads\/2015\/08\/vasquez-520x293.jpg 520w, http:\/\/www.rosanerosiamonoi.it\/palermocalcio\/wp-content\/uploads\/2015\/08\/vasquez-300x169.jpg 300w, http:\/\/www.rosanerosiamonoi.it\/palermocalcio\/wp-content\/uploads\/2015\/08\/vasquez.jpg 620w\" sizes=\"(max-width: 520px) 100vw, 520px\" \/><\/a><\/p>\n<p style=\"text-align: justify;\">Supefluo ricordare che la presenza di <strong>Vasquez<\/strong>\u00a0, vero talento puro colloca tanti\u00a0gradini pi\u00f9 in alto la squadra rispetto a molte altre formazioni della Serie A.<\/p>\n<p style=\"text-align: justify;\">In questo senso mi aspettato grandissimi risultati da quello che sar\u00e0 per me quest&#8217;anno \u00a0il <strong>&#8220;trio delle meraviglie&#8221;<\/strong> Vasquez, Gilardino e Quaison.<\/p>\n<p style=\"text-align: justify;\"><a href=\"http:\/\/www.rosanerosiamonoi.it\/palermocalcio\/2014\/07\/22\/sorteggio-tim-cup-coppa-italia-2014-2015\/tifosi-rosanero-a-roma-coppa-italia\/\" rel=\"attachment wp-att-3472\"><img decoding=\"async\" loading=\"lazy\" class=\"aligncenter size-medium wp-image-3472\" src=\"http:\/\/www.rosanerosiamonoi.it\/palermocalcio\/wp-content\/uploads\/2014\/07\/tifosi-rosanero-a-Roma-coppa-italia-520x346.jpg\" alt=\"tifosi rosanero a Roma coppa italia\" width=\"520\" height=\"346\" srcset=\"http:\/\/www.rosanerosiamonoi.it\/palermocalcio\/wp-content\/uploads\/2014\/07\/tifosi-rosanero-a-Roma-coppa-italia-520x346.jpg 520w, http:\/\/www.rosanerosiamonoi.it\/palermocalcio\/wp-content\/uploads\/2014\/07\/tifosi-rosanero-a-Roma-coppa-italia.jpg 620w\" sizes=\"(max-width: 520px) 100vw, 520px\" \/><\/a><\/p>\n<p style=\"text-align: justify;\">Adesso a a fare la differenza servir\u00e0 la presenza massiccia dei tifosi che riempiendo lo stadio fino alla massima capienza facciano volare con i loro cori ed il loro tifo verso quei traguardi inimmaginabili ai soliti detrattori o pessimisti, che purtroppo ci sono in tutte le squadre, facendo volare i giocatori rosanero per provare quest&#8217;anno ha regalare a tutti ma prima di tutti a molti di noi quello che \u00e8 un sogno ed in ogni caso fin che dura sar\u00e0 stata una emozione bellissima .<\/p>\n<p style=\"text-align: justify;\"><a href=\"http:\/\/www.rosanerosiamonoi.it\/palermocalcio\/2014\/04\/14\/presente-io-cero-trapani-palermo-0-1\/stadio-palermo-tifosi-molto-bella\/\" rel=\"attachment wp-att-2702\"><img decoding=\"async\" loading=\"lazy\" class=\"aligncenter  wp-image-2702\" src=\"http:\/\/www.rosanerosiamonoi.it\/palermocalcio\/wp-content\/uploads\/2014\/04\/stadio-palermo-tifosi-molto-bella.jpg\" alt=\"stadio palermo tifosi molto bella\" width=\"485\" height=\"291\" \/><\/a><\/p>\n<h4 style=\"text-align: center;\">Orari e giorni di anticipi e posticipi.<\/h4>\n<p style=\"text-align: justify;\">La \u201cLega Serie A\u201d ha diramato l\u2019elenco delle sfide che la squadra di Giuseppe Iachini non disputer\u00e0 come consuetudine alle 15.00,questo<strong>\u00a0<\/strong>l\u2019elenco delle partite:<\/p>\n<p style=\"text-align: justify;\"><strong>Milan-Palermo<\/strong>, sfida valevole per la 4\u00b0 giornata del girone d\u2019andata, si giocher\u00e0\u00a0<strong>sabato\u00a019 settembre<\/strong> alle <strong>ore 20:45<\/strong> allo stadio \u201cSan Siro\u201d di Milano.<\/p>\n<p><strong>Domenica 18 ottobre<\/strong> alle ore 18:30 <strong>Bologna-Palermo<\/strong>, valevole per la 8\u00b0 giornata<\/p>\n<p><strong>Sabato 24 ottobre<\/strong> alle ore 20:45 <strong>Palermo-Inter<\/strong>, valevole per la 9\u00b0\u00a0 giornata<\/p>\n<p><strong>Luned\u00ec 2 novembre<\/strong> 2015 alle ore 21:00 <strong>Palermo-Empoli<\/strong> per la 11\u00b0 giornata<\/p>\n<p><strong>Domenica 29 novembre<\/strong> 2015 alle\u00a0ore 20.45 <strong>Palermo-Juventus<\/strong> per la 14\u00b0 giornata<\/p>\n<p><strong>Sabato 12 dicembre<\/strong> 2015 ore 18.00 <strong>Palermo-Frosinone<\/strong> per la 16\u00b0 giornata<\/p>\n<p><strong>Domenica 20 dicembre<\/strong> 2015 ore 18.00\u00a0<strong>Sampdoria-Palermo<\/strong> per la 17\u00b0 giornata<\/p>\n<p>&nbsp;<\/p>\n<p><a href=\"http:\/\/www.rosanerosiamonoi.it\/palermocalcio\/2015\/08\/31\/adesso-pensiamo-solo-ad-andare-avanti-tutti-gli-anticipi-e-posticipi\/img_5373\/\" rel=\"attachment wp-att-6721\"><img decoding=\"async\" loading=\"lazy\" class=\"aligncenter size-medium wp-image-6721\" src=\"http:\/\/www.rosanerosiamonoi.it\/palermocalcio\/wp-content\/uploads\/2015\/08\/IMG_5373-520x390.jpg\" alt=\"IMG_5373\" width=\"520\" height=\"390\" srcset=\"http:\/\/www.rosanerosiamonoi.it\/palermocalcio\/wp-content\/uploads\/2015\/08\/IMG_5373-520x390.jpg 520w, http:\/\/www.rosanerosiamonoi.it\/palermocalcio\/wp-content\/uploads\/2015\/08\/IMG_5373-1024x768.jpg 1024w, http:\/\/www.rosanerosiamonoi.it\/palermocalcio\/wp-content\/uploads\/2015\/08\/IMG_5373-300x225.jpg 300w, http:\/\/www.rosanerosiamonoi.it\/palermocalcio\/wp-content\/uploads\/2015\/08\/IMG_5373-900x675.jpg 900w\" sizes=\"(max-width: 520px) 100vw, 520px\" \/><\/a><\/p>\n","protected":false},"excerpt":{"rendered":"<p>Meno male che \u00a0\u00e8 finita io credo che vada bene cos\u00ec &#8230;. abbiamo una squadra completa adesso dobbiamo solo pensare a crescere ancora ed inserire Alberto Gilardino e provare a raggiungere i massimi risultati possibili&#8230; e quest&#8217;anno come minimo mi aspetto di andare in finale in Coppa Italia ed in campionato se continuiamo come siamo [&hellip;]<\/p>\n","protected":false},"author":2,"featured_media":6720,"comment_status":"closed","ping_status":"open","sticky":false,"template":"","format":"standard","meta":[],"categories":[1],"tags":[516,114],"_links":{"self":[{"href":"http:\/\/www.rosanerosiamonoi.it\/palermocalcio\/wp-json\/wp\/v2\/posts\/6719"}],"collection":[{"href":"http:\/\/www.rosanerosiamonoi.it\/palermocalcio\/wp-json\/wp\/v2\/posts"}],"about":[{"href":"http:\/\/www.rosanerosiamonoi.it\/palermocalcio\/wp-json\/wp\/v2\/types\/post"}],"author":[{"embeddable":true,"href":"http:\/\/www.rosanerosiamonoi.it\/palermocalcio\/wp-json\/wp\/v2\/users\/2"}],"replies":[{"embeddable":true,"href":"http:\/\/www.rosanerosiamonoi.it\/palermocalcio\/wp-json\/wp\/v2\/comments?post=6719"}],"version-history":[{"count":6,"href":"http:\/\/www.rosanerosiamonoi.it\/palermocalcio\/wp-json\/wp\/v2\/posts\/6719\/revisions"}],"predecessor-version":[{"id":6727,"href":"http:\/\/www.rosanerosiamonoi.it\/palermocalcio\/wp-json\/wp\/v2\/posts\/6719\/revisions\/6727"}],"wp:featuredmedia":[{"embeddable":true,"href":"http:\/\/www.rosanerosiamonoi.it\/palermocalcio\/wp-json\/wp\/v2\/media\/6720"}],"wp:attachment":[{"href":"http:\/\/www.rosanerosiamonoi.it\/palermocalcio\/wp-json\/wp\/v2\/media?parent=6719"}],"wp:term":[{"taxonomy":"category","embeddable":true,"href":"http:\/\/www.rosanerosiamonoi.it\/palermocalcio\/wp-json\/wp\/v2\/categories?post=6719"},{"taxonomy":"post_tag","embeddable":true,"href":"http:\/\/www.rosanerosiamonoi.it\/palermocalcio\/wp-json\/wp\/v2\/tags?post=6719"}],"curies":[{"name":"wp","href":"https:\/\/api.w.org\/{rel}","templated":true}]}}