{"id":6927,"date":"2016-01-18T20:08:04","date_gmt":"2016-01-18T19:08:04","guid":{"rendered":"http:\/\/www.rosanerosiamonoi.it\/palermocalcio\/?p=6927"},"modified":"2016-01-23T17:21:36","modified_gmt":"2016-01-23T16:21:36","slug":"super-colpo-mijatovic-vice-presidente-dal-real-madrid-a-palermo","status":"publish","type":"post","link":"http:\/\/www.rosanerosiamonoi.it\/palermocalcio\/2016\/01\/18\/super-colpo-mijatovic-vice-presidente-dal-real-madrid-a-palermo\/","title":{"rendered":"Super colpo Mijatovic Consulente dal Real Madrid a Palermo"},"content":{"rendered":"<h2 style=\"text-align: center;\">Super colpo Mijatovic consulente dal Real Madrid a Palermo<\/h2>\n<h2><a href=\"http:\/\/www.rosanerosiamonoi.it\/palermocalcio\/2016\/01\/18\/super-colpo-mijatovic-consulente-dal-real-madrid-a-palermo\/mijatovic-champions-2015-356x237-downloaded-with-1stbrowser\/\" rel=\"attachment wp-att-6928\"><img decoding=\"async\" loading=\"lazy\" class=\"aligncenter  wp-image-6928\" src=\"http:\/\/www.rosanerosiamonoi.it\/palermocalcio\/wp-content\/uploads\/2016\/01\/mijatovic.champions.2015.356x237.-downloaded-with-1stBrowser.jpg\" alt=\"mijatovic.champions.2015.356x237. [downloaded with 1stBrowser]\" width=\"476\" height=\"317\" srcset=\"http:\/\/www.rosanerosiamonoi.it\/palermocalcio\/wp-content\/uploads\/2016\/01\/mijatovic.champions.2015.356x237.-downloaded-with-1stBrowser.jpg 356w, http:\/\/www.rosanerosiamonoi.it\/palermocalcio\/wp-content\/uploads\/2016\/01\/mijatovic.champions.2015.356x237.-downloaded-with-1stBrowser-150x100.jpg 150w, http:\/\/www.rosanerosiamonoi.it\/palermocalcio\/wp-content\/uploads\/2016\/01\/mijatovic.champions.2015.356x237.-downloaded-with-1stBrowser-200x133.jpg 200w, http:\/\/www.rosanerosiamonoi.it\/palermocalcio\/wp-content\/uploads\/2016\/01\/mijatovic.champions.2015.356x237.-downloaded-with-1stBrowser-250x166.jpg 250w, http:\/\/www.rosanerosiamonoi.it\/palermocalcio\/wp-content\/uploads\/2016\/01\/mijatovic.champions.2015.356x237.-downloaded-with-1stBrowser-300x200.jpg 300w\" sizes=\"(max-width: 476px) 100vw, 476px\" \/><\/a><\/h2>\n<p style=\"text-align: justify;\">\n<p style=\"text-align: justify;\">Un&#8217;indiscrezione a cui manca solo la ufficializzazione da parte della societ\u00e0 rosanero e che darebbe alla stessa una dimensione internazionale di grande prestigio \u00e8 quella anticipata\u00a0dal sito ufficiale del nostro amico Gianluca Di Marzio, secondo il quale <strong>Pregad<\/strong>\u00a0<strong>Mijatovic\u00a0<\/strong>che ieri era a Genova e ha seguito la partita gi\u00e0 nelle vesti di dirigente del Palermo: ha accompagnato i gemelli Schelotto nelle ore immediatamente precedenti alla partita e poi si \u00e8 accomodato accanto a loro al \u201cFerraris\u201d e vicino ai giocatori rosanero convocati ma finiti in tribuna Alastra, Bolzoni e Vitiello<strong>.\u00a0<\/strong>dovrebbe essere\u00a0il nuovo vicepresidente del <strong>Palermo.<\/strong><\/p>\n<p style=\"text-align: justify;\">Ecco cosa scrive :<em>\u201cVentuno punti, 4 lunghezze di vantaggio sul Carpi terzultimo ed un poker subito ieri dal Genoa che non fa che alimentare il grande momento di difficolt\u00e0 in casa Palermo. Reduce dal fresco cambio in panchina, con l\u2019esonero di Ballardini e l\u2019arrivo di <strong>Guillermo Barros Schelotto<\/strong>, la societ\u00e0 rosanero tenta di uscire dalla crisi affidandosi, a livello dirigenziale, anche a <strong>Predrag Mijatovic<\/strong>.\u00a0L\u2019ex giocatore della Fiorentina, ex direttore del Real Madrid, aiuter\u00e0 infatti Zamparini ed il nuovo allenatore ex Lanus, che gi\u00e0 ben conosce, fornendo tanta esperienza e competenza in pi\u00f9. Mijatovic dovrebbe svolgere il <strong>ruolo di vicepresidente con pieni poteri nell\u2019area sportiva e tecnica<\/strong>, aiutando cos\u00ec il Palermo nel miglioramento dell\u2019appeal del club a livello internazionale per il futuro. In tribuna ieri a Marassi per il match contro il Genoa, Mijatovic sar\u00e0 a Palermo tra qualche giorno, presenziando alla partita di domenica prossima al \u201cBarbera\u201d contro l\u2019Udinese. Una figura di livello mondiale per un Palermo in difficolt\u00e0, dunque, con Zamparini intenzionato a raggiungere la salvezza per questa stagione puntando, in futuro, a portare il Palermo ancor pi\u00f9 in alto, pensando sempre pi\u00f9 in grande. Con Predrag Mijatovic pronto a fare il suo ingresso nella societ\u00e0 rosanero\u201d.<\/em><\/p>\n<p style=\"text-align: justify;\"><strong>Angelo Di Livio<\/strong>, compagno del montenegrino ai tempi della Fiorentina, ha commentato cos\u00ec ai microfoni di Calciomercato.it la scelta del presidente Maurizio Zamparini di affidate tale incarico all\u2019ex beniamino dei blancos: \u201c<em>Il possibile arrivo di Mijatovic sarebbe una mossa molto importante per il Palermo e per l\u2019intero calcio italiano. E\u2019 un grande conoscitore di calcio e persone come lui possono solo far bene al nostro campionato. Predrag, oltre a essere un grande professionista, \u00e8 soprattutto una grande persona e mi farebbe piacere vederlo in Italia. Ha una forte personalit\u00e0 dalla quale il Palermo potrebbe trarre grande beneficio\u201d.<\/em><\/p>\n<p style=\"text-align: justify;\">Scopriamo chi \u00e8 Pedrag Mijatovic che nei prossimi giorni sar\u00e0 a Palermo? Iniziao nel vivaio del Partizan Belgrado, si trasferisce per due anni al Budu\u0107nost Podgorica (1987-1989)da dove passa\u00a0all\u2019Independiente e ci rimane per quattro stagioni, vincendo due campionati jugoslavi (1992-1993) e due Coppe di Jugoslavia (1989-1992).<\/p>\n<p style=\"text-align: justify;\">Poi l&#8217;esperienza\u00a0in Spagna tra le file del <strong>Valencia<\/strong> e una del Real Madrid dove\u00a0vince uno Scudetto, una Supercoppa di Spagna nel 1997 (firma una rete importante nella finale di ritorno della Supercoppa di Spagna, dopo essere passati in svantaggio\u00a0per\u00a01-0 imponendosi per 4-1 ai danni del Barcellona) e una Coppa dei Campioni nel 1998.<\/p>\n<p style=\"text-align: justify;\">E nella finale di Amsterdam la Juve di Marcello Lippi viene battuta proprio da un gol di Mijatovic al 67\u00b0.<\/p>\n<p style=\"text-align: justify;\">Nel 1999 si trasferisce in Italia\u00a0nelle fila gigliate della\u00a0<strong>Fiorentina<\/strong>\u00a0dove gioca per tre anni, prima di andare a concludere la sua carriera\u00a0al Levante nella stagione (2002-2004) .<\/p>\n<p style=\"text-align: justify;\">Dal 2006 al 2009 ha ricoperto la carica di <strong>Direttore Sportivo del Real Madrid<\/strong>.\u00a0 Ora \u00e8 atteso in Sicilia per firmare il contratto e iniziare la sua nuova avventura &#8230;\u00a0L&#8217;ex giocatore del Real Madrid diventa il responsabile dell&#8217;area tecnico-sportiva.<\/p>\n<p style=\"text-align: justify;\">Davor <strong>Curkovic<\/strong>, Vlado <strong>Lemic<\/strong>\u00a0(divenuta figura professionale di riferimento per il Chelsea e uomo di fiducia del patron dei blues\u00a0Abramovich, in qualit\u00e0 di agente, intermediario ed emissario, in gran parte delle operazioni, in entrata e in uscita, effettuate dal club londinese) e Giuseppe <strong>Riso<\/strong>\u00a0compongono\u00a0il gruppo di\u00a0<em>management<\/em>\u00a0che cura con il Presidente Zamparini\u00a0le nuove strategie di mercato in casa rosanero.<\/p>\n<p style=\"text-align: justify;\">Naturalmente si tratta di professionisti molto vicini \u00a0all\u2019attuale ds <strong>Manuel Gerolin<\/strong> che funge da ponte e mastice tra questo triumvirato ed il patron <strong>Maurizio Zamparini<\/strong>..<\/p>\n<p style=\"text-align: justify;\">\n<p>&nbsp;<\/p>\n","protected":false},"excerpt":{"rendered":"<p>Super colpo Mijatovic consulente dal Real Madrid a Palermo Un&#8217;indiscrezione a cui manca solo la ufficializzazione da parte della societ\u00e0 rosanero e che darebbe alla stessa una dimensione internazionale di grande prestigio \u00e8 quella anticipata\u00a0dal sito ufficiale del nostro amico Gianluca Di Marzio, secondo il quale Pregad\u00a0Mijatovic\u00a0che ieri era a Genova e ha seguito la [&hellip;]<\/p>\n","protected":false},"author":2,"featured_media":6928,"comment_status":"closed","ping_status":"open","sticky":false,"template":"","format":"standard","meta":[],"categories":[1],"tags":[833,66,834],"_links":{"self":[{"href":"http:\/\/www.rosanerosiamonoi.it\/palermocalcio\/wp-json\/wp\/v2\/posts\/6927"}],"collection":[{"href":"http:\/\/www.rosanerosiamonoi.it\/palermocalcio\/wp-json\/wp\/v2\/posts"}],"about":[{"href":"http:\/\/www.rosanerosiamonoi.it\/palermocalcio\/wp-json\/wp\/v2\/types\/post"}],"author":[{"embeddable":true,"href":"http:\/\/www.rosanerosiamonoi.it\/palermocalcio\/wp-json\/wp\/v2\/users\/2"}],"replies":[{"embeddable":true,"href":"http:\/\/www.rosanerosiamonoi.it\/palermocalcio\/wp-json\/wp\/v2\/comments?post=6927"}],"version-history":[{"count":3,"href":"http:\/\/www.rosanerosiamonoi.it\/palermocalcio\/wp-json\/wp\/v2\/posts\/6927\/revisions"}],"predecessor-version":[{"id":6938,"href":"http:\/\/www.rosanerosiamonoi.it\/palermocalcio\/wp-json\/wp\/v2\/posts\/6927\/revisions\/6938"}],"wp:featuredmedia":[{"embeddable":true,"href":"http:\/\/www.rosanerosiamonoi.it\/palermocalcio\/wp-json\/wp\/v2\/media\/6928"}],"wp:attachment":[{"href":"http:\/\/www.rosanerosiamonoi.it\/palermocalcio\/wp-json\/wp\/v2\/media?parent=6927"}],"wp:term":[{"taxonomy":"category","embeddable":true,"href":"http:\/\/www.rosanerosiamonoi.it\/palermocalcio\/wp-json\/wp\/v2\/categories?post=6927"},{"taxonomy":"post_tag","embeddable":true,"href":"http:\/\/www.rosanerosiamonoi.it\/palermocalcio\/wp-json\/wp\/v2\/tags?post=6927"}],"curies":[{"name":"wp","href":"https:\/\/api.w.org\/{rel}","templated":true}]}}