{"id":7064,"date":"2016-04-11T20:32:57","date_gmt":"2016-04-11T18:32:57","guid":{"rendered":"http:\/\/www.rosanerosiamonoi.it\/palermocalcio\/?p=7064"},"modified":"2016-04-11T21:00:15","modified_gmt":"2016-04-11T19:00:15","slug":"esonerato-novellino-bentornato-ballardini-scelta-necessaria","status":"publish","type":"post","link":"http:\/\/www.rosanerosiamonoi.it\/palermocalcio\/2016\/04\/11\/esonerato-novellino-bentornato-ballardini-scelta-necessaria\/","title":{"rendered":"Esonerato Novellino. Bentornato Ballardini ! Scelta necessaria."},"content":{"rendered":"<h1 style=\"text-align: center;\"><strong>BENTORNATO BALLARDINI !!!<\/strong><\/h1>\n<p>&nbsp;<\/p>\n<p><a href=\"http:\/\/www.rosanerosiamonoi.it\/palermocalcio\/2015\/11\/14\/rosanero-siamonoi-del-13-novembre-2015\/ballardini-con-fasia-pa\/\" rel=\"attachment wp-att-6828\"><img decoding=\"async\" loading=\"lazy\" class=\"aligncenter size-full wp-image-6828\" src=\"http:\/\/www.rosanerosiamonoi.it\/palermocalcio\/wp-content\/uploads\/2015\/11\/ballardini-con-fasia-pa.jpg\" alt=\"ballardini con fasia pa\" width=\"476\" height=\"268\" srcset=\"http:\/\/www.rosanerosiamonoi.it\/palermocalcio\/wp-content\/uploads\/2015\/11\/ballardini-con-fasia-pa.jpg 476w, http:\/\/www.rosanerosiamonoi.it\/palermocalcio\/wp-content\/uploads\/2015\/11\/ballardini-con-fasia-pa-300x169.jpg 300w\" sizes=\"(max-width: 476px) 100vw, 476px\" \/><\/a><\/p>\n<p style=\"text-align: justify;\">Esonerato Walter\u00a0<strong>Novellino<\/strong>.<\/p>\n<p style=\"text-align: justify;\">Come era prevedibile e necessario dopo il fallimento, in termini di risultati, del cambio\u00a0in casa Palermo ,\u00a0il Presidente\u00a0 Zamparini \u00a0ha richiamato in panchina Davide\u00a0<strong>Ballardini<\/strong>.<\/p>\n<p style=\"text-align: justify;\">Il &#8220;nuovo&#8221; allenatore gi\u00e0 nella giornata di <strong>domani raggiunger\u00e0 la squadra nel ritiro di Coccaglio\u00a0per preparare la prossima sfida con la Juventus.<\/strong><\/p>\n<p style=\"text-align: justify;\">Per lui un <strong>contratto fino al giugno 2017<\/strong> con premio in caso di salvezza.<\/p>\n<p style=\"text-align: justify;\">E personalmente concordiamo con questa scelta perch\u00e9 il Palermo ha giocato il miglior calcio proprio con <strong>Davide Ballardini<\/strong>, poi ha una mentalit\u00e0 pi\u00f9 offensiva ed \u00e8 quello che serve a questo Palermo ed i giocatori in rosa .<\/p>\n<p style=\"text-align: justify;\">Il tempo \u00e8 breve e le partite non sono tante ma siamo sicuri che <strong>sapr\u00e0 fare quei 9 punti utili<\/strong> per arrivare alla salvezza certa e con lui si potrebbe programmare una squadra che possa lottare anche per altri obiettivi , con l&#8217;aggiunta , che non guasta, \u00a0di divertirsi vedendo giocare una\u00a0squadra che gioca per vincere piuttosto che per non perdere.<\/p>\n<p style=\"text-align: justify;\">Quindi da parte nostra <strong>Bentornato Davide !!!<\/strong><\/p>\n<p style=\"text-align: justify;\"><a href=\"http:\/\/www.rosanerosiamonoi.it\/palermocalcio\/2016\/03\/11\/rosanerosiamonoi-del-10-marzo-2016\/novellino-pa-2\/\" rel=\"attachment wp-att-7005\"><img decoding=\"async\" loading=\"lazy\" class=\"aligncenter size-full wp-image-7005\" src=\"http:\/\/www.rosanerosiamonoi.it\/palermocalcio\/wp-content\/uploads\/2016\/03\/novellino-PA-2.jpg\" alt=\"novellino PA (2)\" width=\"434\" height=\"276\" srcset=\"http:\/\/www.rosanerosiamonoi.it\/palermocalcio\/wp-content\/uploads\/2016\/03\/novellino-PA-2.jpg 434w, http:\/\/www.rosanerosiamonoi.it\/palermocalcio\/wp-content\/uploads\/2016\/03\/novellino-PA-2-300x191.jpg 300w\" sizes=\"(max-width: 434px) 100vw, 434px\" \/><\/a><\/p>\n<p style=\"text-align: justify;\">E comunque grazie lo stesso anche a <strong>Walter Novellino<\/strong> che ci ha provato senza riuscirci \u00a0<strong>capace di collezionare la miseria di un punto in 4 partite\u00a0<\/strong>e perdendo cos\u00ec un primato particolare che deteneva e cio\u00e8 quello di essere stato l&#8217;unico allenatore finora mai esonerato dal Presidente Zamparini.<\/p>\n<p style=\"text-align: justify;\">Il tecnico 62enne, che \u00e8 durato solo 4 partite sulla panchina rosanero (ingaggiato il 10 marzo scorso, per la precisione), ha lasciato un laconico commento ai microfoni di calciomercato.it: <em>&#8220;Confermo che sono stato sollevato dall&#8217;incarico. Posso solo dire che sono molto dispiaciuto e amareggiato. Un ringraziamento va ai ragazzi, alla tifoseria e ai dirigenti&#8221;.\u00a0<\/em><\/p>\n<p style=\"text-align: justify;\">&#8220;<em>Purtroppo non sono stato aiutato dalla fortuna. Ieri non abbiamo perso bene, spero che questo serva per dare quel qualcosa che manca alla squadra. Io sono convinto che questi ragazzi abbiano solo bisogno di un po&#8217; di serenit\u00e0. Lo dico con dispiacere perch\u00e9 sono un allenatore che non si arrende, penso di avere dato il massimo.\u00a0Rifarei tutto come prima, ma in questo momento \u00e8 importante il Palermo e voglio dire ai giocatori che sono loro che daranno quel qualcosa in pi\u00f9 che manca&#8221;<\/em>.<\/p>\n<p style=\"text-align: justify;\">Si tratta del nono cambio stagionale in casa Palermo: ha iniziato la stagione Iachini che \u00e8 stato esonerato a novembre, al suo posto \u00e8 arrivato Ballardini. <strong>Altro cambio dopo due mesi, via Ballardini e panchina all\u2019argentino Schelotto che dopo un mese per\u00f2 rinuncia all\u2019incarico.<\/strong> Inizia cos\u00ec un nuovo valzer, tocca a Viviani, poi \u00e8 il turno di Tedesco e infine di Bosi prima del ritorno, siamo a febbraio, di Iachini. A marzo Iachini saluta e lascia il timone a Novellino che in quattro partite raccoglie come ricordavamo la miseria di un punto aprendo le porte dopo una prestazione disastrosa con la Lazio al ritorno di Ballardini.<\/p>\n<p style=\"text-align: justify;\"><strong>Giuseppe Iachini<\/strong> (dalla 1a. alla 12a. giornata)<br \/>\n<strong>Davide Ballardini<\/strong> (dalla 13a. giornata alla 19a.)<br \/>\n<strong>Fabio Viviani<\/strong> (20a. giornata)<br \/>\n<strong>Bosi-Schelotto<\/strong> (21a. giornata)<br \/>\n<strong>Schelotto-Tedesco<\/strong> (dalla 22a. alla 24a. giornata)<br \/>\n<strong>Giovanni Bosi<\/strong> (25a. giornata)<br \/>\n<strong>Giuseppe Iachini<\/strong> (dalla 26a. giornata alla 28a. giornata)<br \/>\n<strong>Walter Novellino<\/strong> (dalla 29a. giornata alla 32.a giornata)<br \/>\n<strong>Davide Ballardini<\/strong> (dalla 33.a giornata)<\/p>\n<p style=\"text-align: justify;\">\n<p style=\"text-align: justify;\">Arriva anche l&#8217;addio del collaboratore tecnico <strong>Giovanni <\/strong><span class=\"searchKey\"><strong>Tedesco<\/strong> messo da parte da Novellino\u00a0<\/span>: <em>&#8220;Perch\u00e9 mi dimetto? Amo questa maglia<\/em> &#8211; ha dichiarato a &#8216;Stadionews&#8217; -, <em>ma non potendo dar\u00a0nulla \u00e8 giusto togliere il disturbo, anche se mi dispiace.\u00a0Gli incidenti di ieri? Palermo non ha fatto una bella figura, non voglio giustificare i tifosi. Quello che posso dire \u00e8 che bisogna stare vicino alla squadra. Non \u00e8 facile, ma questi ragazzi hanno bisogno di essere sostenuti. La salvezza si pu\u00f2 ottenere solo stando tutti dalla stessa parte. Per quanto mi riguarda, da palermitano, spero un giorno di tornare da protagonista&#8221;.<\/em><\/p>\n<p style=\"text-align: justify;\">\n<p style=\"text-align: justify;\"><strong>Il Palermo inizier\u00e0 nel pomeriggio di domani la preparazione<\/strong> in vista della sfida contro la <strong>Juventus<\/strong>, in programma domenica pomeriggio a Torino. Sono 27\u00a0i giocatori rosanero che partiranno questa sera verso la Lombardia. Ecco l&#8217;elenco.<\/p>\n<p><strong>PORTIERI:<\/strong> Alastra, Posavec, Sorrentino.<\/p>\n<p><strong>DIFENSORI:<\/strong> Andelkovic, Cionek, Goldaniga, Gonzalez, Lazaar, Morganella, Pezzella, Rispoli, Struna, Vitiello.<\/p>\n<p><strong>CENTROCAMPISTI:<\/strong> Brugman, Chochev, Cristante, Hiljemark, Jajalo, Maresca, Quaison.<\/p>\n<p><strong>ATTACCANTI:<\/strong> Balogh, Bentivegna, Djurdjevic, Gilardino, La Gumina, Trajkovski, Vazquez.<\/p>\n","protected":false},"excerpt":{"rendered":"<p>BENTORNATO BALLARDINI !!! &nbsp; Esonerato Walter\u00a0Novellino. Come era prevedibile e necessario dopo il fallimento, in termini di risultati, del cambio\u00a0in casa Palermo ,\u00a0il Presidente\u00a0 Zamparini \u00a0ha richiamato in panchina Davide\u00a0Ballardini. Il &#8220;nuovo&#8221; allenatore gi\u00e0 nella giornata di domani raggiunger\u00e0 la squadra nel ritiro di Coccaglio\u00a0per preparare la prossima sfida con la Juventus. Per lui un [&hellip;]<\/p>\n","protected":false},"author":2,"featured_media":6828,"comment_status":"closed","ping_status":"open","sticky":false,"template":"","format":"standard","meta":[],"categories":[1],"tags":[885],"_links":{"self":[{"href":"http:\/\/www.rosanerosiamonoi.it\/palermocalcio\/wp-json\/wp\/v2\/posts\/7064"}],"collection":[{"href":"http:\/\/www.rosanerosiamonoi.it\/palermocalcio\/wp-json\/wp\/v2\/posts"}],"about":[{"href":"http:\/\/www.rosanerosiamonoi.it\/palermocalcio\/wp-json\/wp\/v2\/types\/post"}],"author":[{"embeddable":true,"href":"http:\/\/www.rosanerosiamonoi.it\/palermocalcio\/wp-json\/wp\/v2\/users\/2"}],"replies":[{"embeddable":true,"href":"http:\/\/www.rosanerosiamonoi.it\/palermocalcio\/wp-json\/wp\/v2\/comments?post=7064"}],"version-history":[{"count":8,"href":"http:\/\/www.rosanerosiamonoi.it\/palermocalcio\/wp-json\/wp\/v2\/posts\/7064\/revisions"}],"predecessor-version":[{"id":7072,"href":"http:\/\/www.rosanerosiamonoi.it\/palermocalcio\/wp-json\/wp\/v2\/posts\/7064\/revisions\/7072"}],"wp:featuredmedia":[{"embeddable":true,"href":"http:\/\/www.rosanerosiamonoi.it\/palermocalcio\/wp-json\/wp\/v2\/media\/6828"}],"wp:attachment":[{"href":"http:\/\/www.rosanerosiamonoi.it\/palermocalcio\/wp-json\/wp\/v2\/media?parent=7064"}],"wp:term":[{"taxonomy":"category","embeddable":true,"href":"http:\/\/www.rosanerosiamonoi.it\/palermocalcio\/wp-json\/wp\/v2\/categories?post=7064"},{"taxonomy":"post_tag","embeddable":true,"href":"http:\/\/www.rosanerosiamonoi.it\/palermocalcio\/wp-json\/wp\/v2\/tags?post=7064"}],"curies":[{"name":"wp","href":"https:\/\/api.w.org\/{rel}","templated":true}]}}