{"id":7116,"date":"2016-05-16T21:19:23","date_gmt":"2016-05-16T19:19:23","guid":{"rendered":"http:\/\/www.rosanerosiamonoi.it\/palermocalcio\/?p=7116"},"modified":"2016-05-17T01:30:56","modified_gmt":"2016-05-16T23:30:56","slug":"rosanerosiamonoi-del-16-novembre-2016-serie-a","status":"publish","type":"post","link":"http:\/\/www.rosanerosiamonoi.it\/palermocalcio\/2016\/05\/16\/rosanerosiamonoi-del-16-novembre-2016-serie-a\/","title":{"rendered":"VOCI DI MERCATO del 16 Novembre 2016. Serie A !"},"content":{"rendered":"<p style=\"text-align: justify;\"><strong>Voci di mercato<\/strong> del 16 Maggio 2016 . <strong>Fine Campionato Serie A 2015- 16<\/strong>.<br \/>\nUn programma del giornalista <strong>Mario Giglio<\/strong> l&#8217;unico a credere senza tentennamenti nella salvezza del Palermo.<\/p>\n<p style=\"text-align: justify;\">Il Palermo regala alla Favorita oggi Barbera , tutto esaurito, una convincente vittoria sul <strong>Verona (3-2)<\/strong> e mantiene il vantaggio sul Carpi che con un altro gioco di magia, per usare un eufemismo, \u00a0vince in trasferta ad Udine ma alla fine retrocede come merita in serie B.<\/p>\n<p style=\"text-align: justify;\">\n<p style=\"text-align: justify;\"><a href=\"http:\/\/www.rosanerosiamonoi.it\/palermocalcio\/2015\/01\/27\/riempiamo-il-barbera-riduzioni-per-le-gare-con-verona-napoli-ed-empoli\/palermo-verona\/\" rel=\"attachment wp-att-5528\"><img decoding=\"async\" loading=\"lazy\" class=\"aligncenter size-medium wp-image-5528\" src=\"http:\/\/www.rosanerosiamonoi.it\/palermocalcio\/wp-content\/uploads\/2015\/01\/palermo-verona-520x327.jpg\" alt=\"palermo-verona\" width=\"520\" height=\"327\" srcset=\"http:\/\/www.rosanerosiamonoi.it\/palermocalcio\/wp-content\/uploads\/2015\/01\/palermo-verona-520x327.jpg 520w, http:\/\/www.rosanerosiamonoi.it\/palermocalcio\/wp-content\/uploads\/2015\/01\/palermo-verona-300x189.jpg 300w, http:\/\/www.rosanerosiamonoi.it\/palermocalcio\/wp-content\/uploads\/2015\/01\/palermo-verona.jpg 540w\" sizes=\"(max-width: 520px) 100vw, 520px\" \/><\/a><\/p>\n<p style=\"text-align: justify;\">\n<h1 style=\"text-align: center;\">3-2<\/h1>\n<p style=\"text-align: justify;\">\n<p style=\"text-align: justify;\">Da ufficio inchieste a parte quest&#8217;ultima partita anche la vittoria con tanti gol guarda caso con il Genoa, ed i risultati finali con l&#8217;Empoli ed il Milan proprio per citare le partite pi\u00f9 eclatanti e di cui parlano in Italia.<\/p>\n<p style=\"text-align: justify;\">\nGrazie ancora al Presidente Zamparini che mantiene ancora la squadra in Serie A dopo avere sentito dire e leggere anche che era sicuro che scendevamo perch\u00e8 il Presidente pensava solo a prendere i soldi del paracadute o le critiche ingiuste quando \u00e8 stato messo spalle al muro nell&#8217;esonerare gli allenatori che purtroppo avevano perso il controllo dello spogliatoio , o come nel caso di Ballardini &#8230; aggredito da un tesserato .<\/p>\n<p style=\"text-align: justify;\">Fondamentale proprio la scelta del Presidente con il ritorno di Ballardini e l&#8217;ingresso in societ\u00e0 di un dirigente importante come Gianni Di Marzio che hanno riportato gioco, risultati ma sopratutto serenit\u00e0 all&#8217;interno della squadra ed i risultati sono sotto gli occhi di tutti &#8230;Palermo salvo , come avevo creduto che finisse, senza mai arretrare il mio\u00a0convincimento anche quando le cose non andavano proprio bene \u00a0&#8230; ma bisognava mandare energia positiva &#8230; e crederci fortemente perch\u00e9 alla fine tutto si mettesse al posto giusto e cos\u00ec come sempre prima &#8230;. avevamo pronosticato, come possono testimoniare in tanti che gi\u00e0 davano il Palermo retrocesso , la salvezza all&#8217;ultima giornata con un punto di vantaggio e cos\u00ec \u00e8 stato! &#8230;. adesso si riparte ancora dalla serie A !<\/p>\n<p style=\"text-align: justify;\">\n<p style=\"text-align: justify;\">\n<p style=\"text-align: justify;\">\n<p><iframe loading=\"lazy\" width=\"560\" height=\"315\" src=\"https:\/\/www.youtube.com\/embed\/Trguq4oLtLk\" frameborder=\"0\" allowfullscreen><\/iframe><\/p>\n<p><iframe loading=\"lazy\" width=\"640\" height=\"360\" src=\"https:\/\/www.youtube.com\/embed\/2q2Ti_GKA1E\" frameborder=\"0\" allowfullscreen><\/iframe><\/p>\n","protected":false},"excerpt":{"rendered":"<p>Voci di mercato del 16 Maggio 2016 . Fine Campionato Serie A 2015- 16. Un programma del giornalista Mario Giglio l&#8217;unico a credere senza tentennamenti nella salvezza del Palermo. Il Palermo regala alla Favorita oggi Barbera , tutto esaurito, una convincente vittoria sul Verona (3-2) e mantiene il vantaggio sul Carpi che con un altro [&hellip;]<\/p>\n","protected":false},"author":2,"featured_media":6815,"comment_status":"closed","ping_status":"open","sticky":false,"template":"","format":"standard","meta":[],"categories":[1,30],"tags":[904],"_links":{"self":[{"href":"http:\/\/www.rosanerosiamonoi.it\/palermocalcio\/wp-json\/wp\/v2\/posts\/7116"}],"collection":[{"href":"http:\/\/www.rosanerosiamonoi.it\/palermocalcio\/wp-json\/wp\/v2\/posts"}],"about":[{"href":"http:\/\/www.rosanerosiamonoi.it\/palermocalcio\/wp-json\/wp\/v2\/types\/post"}],"author":[{"embeddable":true,"href":"http:\/\/www.rosanerosiamonoi.it\/palermocalcio\/wp-json\/wp\/v2\/users\/2"}],"replies":[{"embeddable":true,"href":"http:\/\/www.rosanerosiamonoi.it\/palermocalcio\/wp-json\/wp\/v2\/comments?post=7116"}],"version-history":[{"count":3,"href":"http:\/\/www.rosanerosiamonoi.it\/palermocalcio\/wp-json\/wp\/v2\/posts\/7116\/revisions"}],"predecessor-version":[{"id":7119,"href":"http:\/\/www.rosanerosiamonoi.it\/palermocalcio\/wp-json\/wp\/v2\/posts\/7116\/revisions\/7119"}],"wp:featuredmedia":[{"embeddable":true,"href":"http:\/\/www.rosanerosiamonoi.it\/palermocalcio\/wp-json\/wp\/v2\/media\/6815"}],"wp:attachment":[{"href":"http:\/\/www.rosanerosiamonoi.it\/palermocalcio\/wp-json\/wp\/v2\/media?parent=7116"}],"wp:term":[{"taxonomy":"category","embeddable":true,"href":"http:\/\/www.rosanerosiamonoi.it\/palermocalcio\/wp-json\/wp\/v2\/categories?post=7116"},{"taxonomy":"post_tag","embeddable":true,"href":"http:\/\/www.rosanerosiamonoi.it\/palermocalcio\/wp-json\/wp\/v2\/tags?post=7116"}],"curies":[{"name":"wp","href":"https:\/\/api.w.org\/{rel}","templated":true}]}}