{"id":7235,"date":"2016-07-30T17:59:23","date_gmt":"2016-07-30T15:59:23","guid":{"rendered":"http:\/\/www.rosanerosiamonoi.it\/palermocalcio\/?p=7235"},"modified":"2016-07-30T17:59:28","modified_gmt":"2016-07-30T15:59:28","slug":"preso-il-trequartista-sallai-considerato-un-talento-magiaro","status":"publish","type":"post","link":"http:\/\/www.rosanerosiamonoi.it\/palermocalcio\/2016\/07\/30\/preso-il-trequartista-sallai-considerato-un-talento-magiaro\/","title":{"rendered":"Preso il trequartista Sallai considerato un talento magiaro"},"content":{"rendered":"<p style=\"text-align: justify;\">Il Palermo ha appena messo a segno un nuovo acquisto per il centrocampo ma anche se vogliamo per il reparto avanzato, un fantasista che mancava alla squadra.<\/p>\n<p style=\"text-align: justify;\">\u00c8 stato appena ufficializzato infatti, l\u2019arrivo in Sicilia di <strong>Roland Sallai<\/strong>, trequartista ungherese classe \u201997 in arrivo dal Puskas Academy.<\/p>\n<p style=\"text-align: justify;\">\n<p style=\"text-align: justify;\"><a href=\"http:\/\/www.rosanerosiamonoi.it\/palermocalcio\/2016\/07\/30\/preso-il-trequartista-sallai-considerato-un-talento-magiaro\/sallai\/\" rel=\"attachment wp-att-7236\"><img decoding=\"async\" loading=\"lazy\" class=\"aligncenter size-medium wp-image-7236\" src=\"http:\/\/www.rosanerosiamonoi.it\/palermocalcio\/wp-content\/uploads\/2016\/07\/sallai-520x400.jpg\" alt=\"sallai\" width=\"520\" height=\"400\" srcset=\"http:\/\/www.rosanerosiamonoi.it\/palermocalcio\/wp-content\/uploads\/2016\/07\/sallai-520x400.jpg 520w, http:\/\/www.rosanerosiamonoi.it\/palermocalcio\/wp-content\/uploads\/2016\/07\/sallai-768x591.jpg 768w, http:\/\/www.rosanerosiamonoi.it\/palermocalcio\/wp-content\/uploads\/2016\/07\/sallai-300x231.jpg 300w, http:\/\/www.rosanerosiamonoi.it\/palermocalcio\/wp-content\/uploads\/2016\/07\/sallai.jpg 960w\" sizes=\"(max-width: 520px) 100vw, 520px\" \/><\/a><\/p>\n<p style=\"text-align: justify;\">\n<p style=\"text-align: justify;\">Ma vediamo chi \u00e8\u00a0il nuovo rinforzo di Ballardini ripercorrendone la sua giovane carriera e le sue caratteristiche:<\/p>\n<p style=\"text-align: justify;\"><strong>Nel suo paese \u00e8 considerato uno dei giovani pi\u00f9 promettenti del panorama calcistico europeo<\/strong>.<\/p>\n<p style=\"text-align: justify;\">Sallai \u00e8 un trequartista rapido e molto tecnico, si adatta anche da Ala avanzata, predilige il piede destro, ma all\u2019occorrenza non disdegna di usare anche\u00a0il sinistro. Insieme all&#8217;attaccante rosanero, <strong>Norbert Balogh<\/strong>, <strong>\u00e8 considerato uno dei calciatori pi\u00f9 importanti per la Nazionale Ungherese.<\/strong><\/p>\n<p style=\"text-align: justify;\">\n<div id=\"attachment_7237\" style=\"width: 530px\" class=\"wp-caption aligncenter\"><a href=\"http:\/\/www.rosanerosiamonoi.it\/palermocalcio\/2016\/07\/30\/preso-il-trequartista-sallai-considerato-un-talento-magiaro\/sallai-2\/\" rel=\"attachment wp-att-7237\"><img aria-describedby=\"caption-attachment-7237\" decoding=\"async\" loading=\"lazy\" class=\"size-medium wp-image-7237\" src=\"http:\/\/www.rosanerosiamonoi.it\/palermocalcio\/wp-content\/uploads\/2016\/07\/sallai-2-520x347.jpg\" alt=\"2015.04.30. Felcs\u00fat, PAncho Ar\u00e9na U20-as v\u00e1logatott felk\u00e9sz\u00fcl\u00e9si m\u00e9rk\u0151z\u00e9s, Magyarorsz\u00e1g-Mianmar\" width=\"520\" height=\"347\" srcset=\"http:\/\/www.rosanerosiamonoi.it\/palermocalcio\/wp-content\/uploads\/2016\/07\/sallai-2-520x347.jpg 520w, http:\/\/www.rosanerosiamonoi.it\/palermocalcio\/wp-content\/uploads\/2016\/07\/sallai-2-150x100.jpg 150w, http:\/\/www.rosanerosiamonoi.it\/palermocalcio\/wp-content\/uploads\/2016\/07\/sallai-2-200x133.jpg 200w, http:\/\/www.rosanerosiamonoi.it\/palermocalcio\/wp-content\/uploads\/2016\/07\/sallai-2-250x166.jpg 250w, http:\/\/www.rosanerosiamonoi.it\/palermocalcio\/wp-content\/uploads\/2016\/07\/sallai-2-300x200.jpg 300w, http:\/\/www.rosanerosiamonoi.it\/palermocalcio\/wp-content\/uploads\/2016\/07\/sallai-2.jpg 600w\" sizes=\"(max-width: 520px) 100vw, 520px\" \/><\/a><p id=\"caption-attachment-7237\" class=\"wp-caption-text\">2015.04.30. Felcs\u00fat, PAncho Ar\u00e9na U20-as v\u00e1logatott felk\u00e9sz\u00fcl\u00e9si m\u00e9rk\u0151z\u00e9s, Magyarorsz\u00e1g-Mianmar<\/p><\/div>\n<p style=\"text-align: justify;\">\n<p>CARRIERA<\/p>\n<p style=\"text-align: justify;\">Figlio d\u2019arte grazie al padre <strong>Tidor<\/strong> centrocampista e allo zio <strong>Sandor<\/strong> difensore, <strong>Roland nasce a Budapest il 22 maggio 1997\u00a0dove<\/strong>\u00a0inizia la sua carriera calcistica all\u2019et\u00e0 di 6 anni, nella scuola delle giovanili del Di\u00f2sgyor\u00a0e\u00a0dove resta fino al 2007, per poi trasferirsi al Siofok nello stesso anno e nel 2009 Videoton. La sua carriera professionistica inizia solo nel 2014, quando viene ingaggiato dal Puskas Academy mettendo a segno 3 gol in 47 presenze.<\/p>\n<p style=\"text-align: justify;\">L\u2019anno dopo conquista per la prima volta la Nazionale e viene convocato nell\u2019Ungheria U15. Si mette in mostra nella Nike Premier Cup, dove con le sue giocate stupisce tutti. Nel 2015 fa tutta la trafile delle giovanili ungheresi, U17, U18 E U19. Fino a trascinare l\u2019U20 al mondiale lo scorso anno.<\/p>\n<p style=\"text-align: justify;\">&#8220;In attesa delle visite mediche che verranno effettuate nei prossimi giorni, l\u2019U.S. Citt\u00e0 di Palermo ha formalizzato l\u2019acquisto del talento ungherese Roland Sallai dal Puskas Academy. Operazione conclusa in prestito da 300 mila euro con un riscatto obbligatorio fissato a 2,5 milioni di euro\u201d.<\/p>\n<p>&nbsp;<\/p>\n<p style=\"text-align: justify;\">\n","protected":false},"excerpt":{"rendered":"<p>Il Palermo ha appena messo a segno un nuovo acquisto per il centrocampo ma anche se vogliamo per il reparto avanzato, un fantasista che mancava alla squadra. \u00c8 stato appena ufficializzato infatti, l\u2019arrivo in Sicilia di Roland Sallai, trequartista ungherese classe \u201997 in arrivo dal Puskas Academy. Ma vediamo chi \u00e8\u00a0il nuovo rinforzo di Ballardini [&hellip;]<\/p>\n","protected":false},"author":2,"featured_media":7237,"comment_status":"closed","ping_status":"open","sticky":false,"template":"","format":"standard","meta":[],"categories":[1],"tags":[938],"_links":{"self":[{"href":"http:\/\/www.rosanerosiamonoi.it\/palermocalcio\/wp-json\/wp\/v2\/posts\/7235"}],"collection":[{"href":"http:\/\/www.rosanerosiamonoi.it\/palermocalcio\/wp-json\/wp\/v2\/posts"}],"about":[{"href":"http:\/\/www.rosanerosiamonoi.it\/palermocalcio\/wp-json\/wp\/v2\/types\/post"}],"author":[{"embeddable":true,"href":"http:\/\/www.rosanerosiamonoi.it\/palermocalcio\/wp-json\/wp\/v2\/users\/2"}],"replies":[{"embeddable":true,"href":"http:\/\/www.rosanerosiamonoi.it\/palermocalcio\/wp-json\/wp\/v2\/comments?post=7235"}],"version-history":[{"count":2,"href":"http:\/\/www.rosanerosiamonoi.it\/palermocalcio\/wp-json\/wp\/v2\/posts\/7235\/revisions"}],"predecessor-version":[{"id":7239,"href":"http:\/\/www.rosanerosiamonoi.it\/palermocalcio\/wp-json\/wp\/v2\/posts\/7235\/revisions\/7239"}],"wp:featuredmedia":[{"embeddable":true,"href":"http:\/\/www.rosanerosiamonoi.it\/palermocalcio\/wp-json\/wp\/v2\/media\/7237"}],"wp:attachment":[{"href":"http:\/\/www.rosanerosiamonoi.it\/palermocalcio\/wp-json\/wp\/v2\/media?parent=7235"}],"wp:term":[{"taxonomy":"category","embeddable":true,"href":"http:\/\/www.rosanerosiamonoi.it\/palermocalcio\/wp-json\/wp\/v2\/categories?post=7235"},{"taxonomy":"post_tag","embeddable":true,"href":"http:\/\/www.rosanerosiamonoi.it\/palermocalcio\/wp-json\/wp\/v2\/tags?post=7235"}],"curies":[{"name":"wp","href":"https:\/\/api.w.org\/{rel}","templated":true}]}}