{"id":767,"date":"2013-08-28T10:08:44","date_gmt":"2013-08-28T08:08:44","guid":{"rendered":"http:\/\/www.rosanerosiamonoi.it\/palermocalcio\/?p=767"},"modified":"2013-08-28T10:08:44","modified_gmt":"2013-08-28T08:08:44","slug":"notizie-varie-sul-calciomercato-palermo","status":"publish","type":"post","link":"http:\/\/www.rosanerosiamonoi.it\/palermocalcio\/2013\/08\/28\/notizie-varie-sul-calciomercato-palermo\/","title":{"rendered":"NOTIZIE VARIE SUL CALCIOMERCATO PALERMO &#8230;."},"content":{"rendered":"<p><strong>CALCIOMERCATO: GARCIA CHIEDE TRANSFER ALLA FIFA<\/strong><\/p>\n<p><a href=\"http:\/\/www.rosanerosiamonoi.it\/palermocalcio\/wp-content\/uploads\/2013\/08\/Santiago-Garcia-Palermo.jpg\"><img decoding=\"async\" loading=\"lazy\" src=\"http:\/\/www.rosanerosiamonoi.it\/palermocalcio\/wp-content\/uploads\/2013\/08\/Santiago-Garcia-Palermo-520x291.jpg\" alt=\"Santiago-Garcia-Palermo\" width=\"520\" height=\"291\" class=\"aligncenter size-medium wp-image-770\" srcset=\"http:\/\/www.rosanerosiamonoi.it\/palermocalcio\/wp-content\/uploads\/2013\/08\/Santiago-Garcia-Palermo-520x291.jpg 520w, http:\/\/www.rosanerosiamonoi.it\/palermocalcio\/wp-content\/uploads\/2013\/08\/Santiago-Garcia-Palermo.jpg 652w\" sizes=\"(max-width: 520px) 100vw, 520px\" \/><\/a><\/p>\n<p>Paradossale la storia di <strong>Santiago Garcia<\/strong>.<\/p>\n<p>Nonostante abbia ancora quasi due anni di contratto con il Palermo Calcio, lui si ritiene ampiamente un giocatore libero. Tanto da accasarsi ai Rangers de Talca \u2013 informa TuttoMercatoWeb \u2013.<\/p>\n<p>La squadra cilena ha pure richiesto il transfer provvisorio alla Fifa per poter schierare in competizioni ufficiali l\u2019ex terzino del Rosario Central, sempre pi\u00f9 in rotta coi rosanero.<\/p>\n<p><strong>Ma la Federazione Internazionale ha perentoriamente negato tale autorizzazione, seppur temporanea, asserendo, giustamente, che il giocatore \u00e8 a tutti gli effetti sotto contratto con la societ\u00e0 di Viale del Fante.<\/strong><\/p>\n<p><strong>CALCIOMERCATO: l&#8217;attaccante PIERI rescinde con il Palermo<br \/>\n    <\/strong><\/p>\n<p><a href=\"http:\/\/www.rosanerosiamonoi.it\/palermocalcio\/wp-content\/uploads\/2013\/08\/Pieri-Michele.jpg\"><img decoding=\"async\" loading=\"lazy\" src=\"http:\/\/www.rosanerosiamonoi.it\/palermocalcio\/wp-content\/uploads\/2013\/08\/Pieri-Michele.jpg\" alt=\"Pieri Michele\" width=\"300\" height=\"161\" class=\"aligncenter size-full wp-image-769\" \/><\/a><\/p>\n<p><strong>Michele Pieri<\/strong>, ex attaccante della Primavera del Palermo stagione 2010-11, sta per rescindere con i rosanero. Il giocatore, dopo l\u2019avventura nella giovanile rosa, ha militato in prestito prima nel San Marino e poi nel Santarcangelo.<br \/>\nA giugno ha fatto ritorno alla casa madre, ma da domani non sar\u00e0 pi\u00f9 ufficialmente un tesserato della societ\u00e0 di Viale del Fante, cos\u00ec come informa TuttoMercatoWeb.<br \/>\nPalermo Primavera\tpresenze 14\tgol 5\t<\/p>\n<p><strong>CALCIOMERCATO: a sorpresa nuovo club su Mantovani<\/strong><\/p>\n<p><a href=\"http:\/\/www.rosanerosiamonoi.it\/palermocalcio\/wp-content\/uploads\/2013\/08\/Andrea-Mantovani-Palermo-560x318.jpg\"><img decoding=\"async\" loading=\"lazy\" src=\"http:\/\/www.rosanerosiamonoi.it\/palermocalcio\/wp-content\/uploads\/2013\/08\/Andrea-Mantovani-Palermo-560x318-520x295.jpg\" alt=\"Andrea-Mantovani-Palermo-560x318\" width=\"520\" height=\"295\" class=\"aligncenter size-medium wp-image-768\" srcset=\"http:\/\/www.rosanerosiamonoi.it\/palermocalcio\/wp-content\/uploads\/2013\/08\/Andrea-Mantovani-Palermo-560x318-520x295.jpg 520w, http:\/\/www.rosanerosiamonoi.it\/palermocalcio\/wp-content\/uploads\/2013\/08\/Andrea-Mantovani-Palermo-560x318.jpg 560w\" sizes=\"(max-width: 520px) 100vw, 520px\" \/><\/a><\/p>\n<p>Il Livorno sembrava ad un passo dall\u00b4acquisto di <strong>Andrea Mantovani<\/strong>, ma nelle ultime ore il Bologna si \u00e8 inserito tra il difensore del Palermo e il club amaranto.<\/p>\n<p>Si tratta di una mossa a sorpresa. Secondo quanto riporta il noto giornalista ed esperto di mercato Gianluca Di Marzio attraverso il suo blog ufficiale, oggi l\u00b4entourage del calciatore incontrer\u00e0 il club rossobl\u00f9. <\/p>\n<p>Mantovani preferirebbe trasferirsi alla corte di Stefano Pioli, allenatore che lo aveva voluto fortemente in rosanero e molto stimato.<\/p>\n","protected":false},"excerpt":{"rendered":"<p>CALCIOMERCATO: GARCIA CHIEDE TRANSFER ALLA FIFA Paradossale la storia di Santiago Garcia. Nonostante abbia ancora quasi due anni di contratto con il Palermo Calcio, lui si ritiene ampiamente un giocatore libero. Tanto da accasarsi ai Rangers de Talca \u2013 informa TuttoMercatoWeb \u2013. La squadra cilena ha pure richiesto il transfer provvisorio alla Fifa per poter [&hellip;]<\/p>\n","protected":false},"author":2,"featured_media":90,"comment_status":"closed","ping_status":"open","sticky":false,"template":"","format":"standard","meta":[],"categories":[1],"tags":[],"_links":{"self":[{"href":"http:\/\/www.rosanerosiamonoi.it\/palermocalcio\/wp-json\/wp\/v2\/posts\/767"}],"collection":[{"href":"http:\/\/www.rosanerosiamonoi.it\/palermocalcio\/wp-json\/wp\/v2\/posts"}],"about":[{"href":"http:\/\/www.rosanerosiamonoi.it\/palermocalcio\/wp-json\/wp\/v2\/types\/post"}],"author":[{"embeddable":true,"href":"http:\/\/www.rosanerosiamonoi.it\/palermocalcio\/wp-json\/wp\/v2\/users\/2"}],"replies":[{"embeddable":true,"href":"http:\/\/www.rosanerosiamonoi.it\/palermocalcio\/wp-json\/wp\/v2\/comments?post=767"}],"version-history":[{"count":2,"href":"http:\/\/www.rosanerosiamonoi.it\/palermocalcio\/wp-json\/wp\/v2\/posts\/767\/revisions"}],"predecessor-version":[{"id":772,"href":"http:\/\/www.rosanerosiamonoi.it\/palermocalcio\/wp-json\/wp\/v2\/posts\/767\/revisions\/772"}],"wp:featuredmedia":[{"embeddable":true,"href":"http:\/\/www.rosanerosiamonoi.it\/palermocalcio\/wp-json\/wp\/v2\/media\/90"}],"wp:attachment":[{"href":"http:\/\/www.rosanerosiamonoi.it\/palermocalcio\/wp-json\/wp\/v2\/media?parent=767"}],"wp:term":[{"taxonomy":"category","embeddable":true,"href":"http:\/\/www.rosanerosiamonoi.it\/palermocalcio\/wp-json\/wp\/v2\/categories?post=767"},{"taxonomy":"post_tag","embeddable":true,"href":"http:\/\/www.rosanerosiamonoi.it\/palermocalcio\/wp-json\/wp\/v2\/tags?post=767"}],"curies":[{"name":"wp","href":"https:\/\/api.w.org\/{rel}","templated":true}]}}