{"id":7741,"date":"2017-01-24T17:15:44","date_gmt":"2017-01-24T16:15:44","guid":{"rendered":"http:\/\/www.rosanerosiamonoi.it\/palermocalcio\/?p=7741"},"modified":"2017-01-24T17:17:56","modified_gmt":"2017-01-24T16:17:56","slug":"lopez-in-volo-per-litalia-de-canio-alternativa-guidolin","status":"publish","type":"post","link":"http:\/\/www.rosanerosiamonoi.it\/palermocalcio\/2017\/01\/24\/lopez-in-volo-per-litalia-de-canio-alternativa-guidolin\/","title":{"rendered":"Lopez in volo per l&#8217;Italia. De Canio alternativa. Guidolin ?"},"content":{"rendered":"<h1 style=\"text-align: center;\"><b>Palermo cerca allenatore.<\/b><\/h1>\n<h1 style=\"text-align: center;\"><b>Diego Lopez e Gigi De Canio in pole<\/b><\/h1>\n<p style=\"text-align: justify;\"><strong>Salerno e Zamparini<\/strong> nelle prossime ore <strong>valuteranno le ipotesi Gigi De Canio e Diego Lopez.<\/strong> Due allenatori con storie\u00a0completamente diverse. Il primo, con tanta esperienza nella massima serie e che \u00e8 riuscito nella passata stagione a salvare l\u2019Udinese da una salvezza non impossibile. Il secondo ex allenatore del Cagliari, invece, ancora alle &#8216;prime armi&#8217;.<\/p>\n<p><a href=\"http:\/\/www.rosanerosiamonoi.it\/palermocalcio\/2017\/01\/24\/lopez-in-volo-per-litalia-de-canio-alternativa-guidolin\/soccer-serie-audinese-vs-genoa\/\" rel=\"attachment wp-att-7745\"><img decoding=\"async\" loading=\"lazy\" class=\"size-medium wp-image-7745\" src=\"http:\/\/www.rosanerosiamonoi.it\/palermocalcio\/wp-content\/uploads\/2017\/01\/de-canio-520x347.jpg\" alt=\"L'allenatore del Genoa Luigi de Canio oggi domenica 30 Settembre 2012 allo Stadio Friuli di Udine. ANSA\/STEFANO LANCIA\" width=\"520\" height=\"347\" srcset=\"http:\/\/www.rosanerosiamonoi.it\/palermocalcio\/wp-content\/uploads\/2017\/01\/de-canio-520x347.jpg 520w, http:\/\/www.rosanerosiamonoi.it\/palermocalcio\/wp-content\/uploads\/2017\/01\/de-canio-768x512.jpg 768w, http:\/\/www.rosanerosiamonoi.it\/palermocalcio\/wp-content\/uploads\/2017\/01\/de-canio-1024x683.jpg 1024w, http:\/\/www.rosanerosiamonoi.it\/palermocalcio\/wp-content\/uploads\/2017\/01\/de-canio-150x100.jpg 150w, http:\/\/www.rosanerosiamonoi.it\/palermocalcio\/wp-content\/uploads\/2017\/01\/de-canio-200x133.jpg 200w, http:\/\/www.rosanerosiamonoi.it\/palermocalcio\/wp-content\/uploads\/2017\/01\/de-canio-250x166.jpg 250w, http:\/\/www.rosanerosiamonoi.it\/palermocalcio\/wp-content\/uploads\/2017\/01\/de-canio-300x200.jpg 300w\" sizes=\"(max-width: 520px) 100vw, 520px\" \/><\/a><\/p>\n<p style=\"text-align: justify;\">Queste le idee di <strong>De Canio<\/strong> su come schierare la squadra in campo.<\/p>\n<p style=\"text-align: justify;\"><b>De Canio con quale sistema di gioco affronterete la stagione?<\/b><br \/>\n\u201cSenza dubbio giocheremo con la difesa a quattro, con i due laterali bassi che avranno compiti di spinta e copertura, cos\u00ec se in fase di impostazione dovessero chiuderci l\u2019uscita da una parte del campo, con il giro palla potremmo spingere sul lato opposto\u201d<\/p>\n<p style=\"text-align: justify;\"><b>E il centrocampo?<\/b><br \/>\n\u201cVoglio giocare a tre, con un elemento che funger\u00e0 da vertice basso e avr\u00e0 il compito di costruire mentre i due esterni dovranno coprire e inserirsi.\u00a0&#8220;<\/p>\n<p style=\"text-align: justify;\"><b>In attacco invece?<\/b><br \/>\n\u201cQui ci sono due possibilit\u00e0. La prima con tre attaccanti, una punta centrale e due esterni che attaccano la profondit\u00e0, due elementi che abbiano un\u2019ottima resistenza alla velocit\u00e0. Quanto utilizzeremo il tridente, in fase di non possesso palla, il compito dei giocatori offensivi sar\u00e0 quello di disturbare la costruzione del gioco, ma non voglio assolutamente che rientrino nella nostra met\u00e0 campo\u201d<\/p>\n<p style=\"text-align: justify;\"><b>Perch\u00e9?<\/b><br \/>\n\u201cPerch\u00e9 la fase difensiva, se ben organizzata, la si pu\u00f2 fare anche con quattro uomini difensori e tre centrocampisti e se i miei uomini rimangono alti la difesa avversaria dovr\u00e0 preoccuparsi di non lasciarli soli\u201d<\/p>\n<p><b>Qual \u00e8 la seconda opzione per l\u2019attacco?<\/b><br \/>\n\u201cDue attaccanti e un trequartista alle loro spalle.<\/p>\n<p style=\"text-align: justify;\"><a href=\"http:\/\/www.rosanerosiamonoi.it\/palermocalcio\/2017\/01\/24\/lopez-in-volo-per-litalia-de-canio-alternativa-guidolin\/udinese-1-formation-tactics\/\" rel=\"attachment wp-att-7743\"><img decoding=\"async\" loading=\"lazy\" class=\"aligncenter wp-image-7743\" src=\"http:\/\/www.rosanerosiamonoi.it\/palermocalcio\/wp-content\/uploads\/2017\/01\/Udinese-1-formation-tactics-396x520.png\" alt=\"udinese-1-formation-tactics\" width=\"298\" height=\"391\" srcset=\"http:\/\/www.rosanerosiamonoi.it\/palermocalcio\/wp-content\/uploads\/2017\/01\/Udinese-1-formation-tactics-396x520.png 396w, http:\/\/www.rosanerosiamonoi.it\/palermocalcio\/wp-content\/uploads\/2017\/01\/Udinese-1-formation-tactics-300x394.png 300w, http:\/\/www.rosanerosiamonoi.it\/palermocalcio\/wp-content\/uploads\/2017\/01\/Udinese-1-formation-tactics.png 512w\" sizes=\"(max-width: 298px) 100vw, 298px\" \/><\/a><a href=\"http:\/\/www.rosanerosiamonoi.it\/palermocalcio\/2017\/01\/24\/lopez-in-volo-per-litalia-de-canio-alternativa-guidolin\/udinese-2-formation-tactics\/\" rel=\"attachment wp-att-7742\"><img decoding=\"async\" loading=\"lazy\" class=\"aligncenter wp-image-7742\" src=\"http:\/\/www.rosanerosiamonoi.it\/palermocalcio\/wp-content\/uploads\/2017\/01\/Udinese-2-formation-tactics-396x520.png\" alt=\"udinese-2-formation-tactics\" width=\"300\" height=\"394\" srcset=\"http:\/\/www.rosanerosiamonoi.it\/palermocalcio\/wp-content\/uploads\/2017\/01\/Udinese-2-formation-tactics-396x520.png 396w, http:\/\/www.rosanerosiamonoi.it\/palermocalcio\/wp-content\/uploads\/2017\/01\/Udinese-2-formation-tactics-300x394.png 300w, http:\/\/www.rosanerosiamonoi.it\/palermocalcio\/wp-content\/uploads\/2017\/01\/Udinese-2-formation-tactics.png 512w\" sizes=\"(max-width: 300px) 100vw, 300px\" \/><\/a><\/p>\n<p style=\"text-align: justify;\">Registriamo intanto che \u00a0Diego <strong>Lopez<\/strong> sarebbe gi\u00e0 in volo dall\u2019Uruguay verso l\u2019Italia per un colloquio con il presidente del <strong>Palermo<\/strong> Maurizio <strong>Zamparini<\/strong> e il direttore sportivo Nicola <strong>Salerno che caldeggia pare questa soluzione.<\/strong> Le dimissioni di Eugenio <strong>Corini<\/strong>\u00a0come dicevamo hanno dato il via al toto-allenatore per i rosanero che occupano la penultima piazza in classifica.<\/p>\n<p style=\"text-align: justify;\"><a href=\"http:\/\/www.rosanerosiamonoi.it\/palermocalcio\/2017\/01\/24\/lopez-in-volo-per-litalia-de-canio-alternativa-guidolin\/diego-lopez\/\" rel=\"attachment wp-att-7744\"><img decoding=\"async\" loading=\"lazy\" class=\"aligncenter size-medium wp-image-7744\" src=\"http:\/\/www.rosanerosiamonoi.it\/palermocalcio\/wp-content\/uploads\/2017\/01\/diego-lopez-520x361.jpg\" alt=\"diego-lopez\" width=\"520\" height=\"361\" srcset=\"http:\/\/www.rosanerosiamonoi.it\/palermocalcio\/wp-content\/uploads\/2017\/01\/diego-lopez-520x361.jpg 520w, http:\/\/www.rosanerosiamonoi.it\/palermocalcio\/wp-content\/uploads\/2017\/01\/diego-lopez-300x208.jpg 300w, http:\/\/www.rosanerosiamonoi.it\/palermocalcio\/wp-content\/uploads\/2017\/01\/diego-lopez.jpg 620w\" sizes=\"(max-width: 520px) 100vw, 520px\" \/><\/a><\/p>\n<p style=\"text-align: justify;\">Fra i nomi presi in considerazione dalla dirigenza siciliana oltre\u00a0<strong>De Canio<\/strong>, l\u2019anno scorso a Udine e gi\u00e0 allenatore del Genoa, ci sarebbe quello di Diego <strong>Bortoluzzi<\/strong> che per tanti anni ha fatto da braccio destro di <strong>Guidolin.<\/strong><\/p>\n<p style=\"text-align: justify;\"><strong><a href=\"http:\/\/www.rosanerosiamonoi.it\/palermocalcio\/2017\/01\/24\/lopez-in-volo-per-litalia-de-canio-alternativa-guidolin\/bortoluzzi-e-guidolin\/\" rel=\"attachment wp-att-7746\"><img decoding=\"async\" loading=\"lazy\" class=\"aligncenter size-full wp-image-7746\" src=\"http:\/\/www.rosanerosiamonoi.it\/palermocalcio\/wp-content\/uploads\/2017\/01\/bortoluzzi-e-guidolin.jpg\" alt=\"bortoluzzi-e-guidolin\" width=\"478\" height=\"358\" srcset=\"http:\/\/www.rosanerosiamonoi.it\/palermocalcio\/wp-content\/uploads\/2017\/01\/bortoluzzi-e-guidolin.jpg 478w, http:\/\/www.rosanerosiamonoi.it\/palermocalcio\/wp-content\/uploads\/2017\/01\/bortoluzzi-e-guidolin-300x225.jpg 300w\" sizes=\"(max-width: 478px) 100vw, 478px\" \/><\/a><\/strong><\/p>\n<address>\u00a0<\/address>\n<p style=\"text-align: justify;\"><strong>Si parla anche del ritorno anche dello stesso Guidolin<\/strong> esonerato dallo \u00a0<strong>Swansea<\/strong>\u00a0ma questi ancora una volta sembra avrebbe\u00a0\u00a0glissato di fronte a tale ipotesi<\/p>\n<p>&nbsp;<\/p>\n<p>&nbsp;<\/p>\n","protected":false},"excerpt":{"rendered":"<p>Palermo cerca allenatore. Diego Lopez e Gigi De Canio in pole Salerno e Zamparini nelle prossime ore valuteranno le ipotesi Gigi De Canio e Diego Lopez. Due allenatori con storie\u00a0completamente diverse. Il primo, con tanta esperienza nella massima serie e che \u00e8 riuscito nella passata stagione a salvare l\u2019Udinese da una salvezza non impossibile. Il [&hellip;]<\/p>\n","protected":false},"author":2,"featured_media":7745,"comment_status":"closed","ping_status":"open","sticky":false,"template":"","format":"standard","meta":[],"categories":[1],"tags":[1040,1039,1041,66,1038,41],"_links":{"self":[{"href":"http:\/\/www.rosanerosiamonoi.it\/palermocalcio\/wp-json\/wp\/v2\/posts\/7741"}],"collection":[{"href":"http:\/\/www.rosanerosiamonoi.it\/palermocalcio\/wp-json\/wp\/v2\/posts"}],"about":[{"href":"http:\/\/www.rosanerosiamonoi.it\/palermocalcio\/wp-json\/wp\/v2\/types\/post"}],"author":[{"embeddable":true,"href":"http:\/\/www.rosanerosiamonoi.it\/palermocalcio\/wp-json\/wp\/v2\/users\/2"}],"replies":[{"embeddable":true,"href":"http:\/\/www.rosanerosiamonoi.it\/palermocalcio\/wp-json\/wp\/v2\/comments?post=7741"}],"version-history":[{"count":3,"href":"http:\/\/www.rosanerosiamonoi.it\/palermocalcio\/wp-json\/wp\/v2\/posts\/7741\/revisions"}],"predecessor-version":[{"id":7749,"href":"http:\/\/www.rosanerosiamonoi.it\/palermocalcio\/wp-json\/wp\/v2\/posts\/7741\/revisions\/7749"}],"wp:featuredmedia":[{"embeddable":true,"href":"http:\/\/www.rosanerosiamonoi.it\/palermocalcio\/wp-json\/wp\/v2\/media\/7745"}],"wp:attachment":[{"href":"http:\/\/www.rosanerosiamonoi.it\/palermocalcio\/wp-json\/wp\/v2\/media?parent=7741"}],"wp:term":[{"taxonomy":"category","embeddable":true,"href":"http:\/\/www.rosanerosiamonoi.it\/palermocalcio\/wp-json\/wp\/v2\/categories?post=7741"},{"taxonomy":"post_tag","embeddable":true,"href":"http:\/\/www.rosanerosiamonoi.it\/palermocalcio\/wp-json\/wp\/v2\/tags?post=7741"}],"curies":[{"name":"wp","href":"https:\/\/api.w.org\/{rel}","templated":true}]}}