{"id":7760,"date":"2017-01-24T21:22:10","date_gmt":"2017-01-24T20:22:10","guid":{"rendered":"http:\/\/www.rosanerosiamonoi.it\/palermocalcio\/?p=7760"},"modified":"2017-01-24T21:22:15","modified_gmt":"2017-01-24T20:22:15","slug":"zamparini-con-i-rinforzi-ci-salviamo-lopez","status":"publish","type":"post","link":"http:\/\/www.rosanerosiamonoi.it\/palermocalcio\/2017\/01\/24\/zamparini-con-i-rinforzi-ci-salviamo-lopez\/","title":{"rendered":"Zamparini: &#8220;Con i rinforzi ci salviamo&#8230; Lopez &#8230;.&#8221;"},"content":{"rendered":"<h1 style=\"text-align: center;\"><em><strong>ZAMPARINI :&#8221;CON I RINFORZI CI SALVIAMO !!!&#8221;<\/strong><\/em><\/h1>\n<p style=\"text-align: justify;\">\n<p style=\"text-align: justify;\"><strong>Diego Lopez <\/strong>sar\u00e0 il nuovo allenatore del\u00a0<strong>Palermo<\/strong>? Non \u00e8 ancora il momento per la decisione finale. Non almeno questa sera per Maurizio\u00a0<strong>Zamparini<\/strong>, che ai microfoni di <strong>Sky Sport<\/strong> glissa riguardo alla scelta del sostituto di Eugenio\u00a0<strong>Corini.<\/strong><\/p>\n<p style=\"text-align: justify;\">\n<p style=\"text-align: justify;\"><a href=\"http:\/\/www.rosanerosiamonoi.it\/palermocalcio\/2017\/01\/24\/lopez-in-volo-per-litalia-de-canio-alternativa-guidolin\/diego-lopez\/\" rel=\"attachment wp-att-7744\"><img decoding=\"async\" loading=\"lazy\" class=\"aligncenter size-medium wp-image-7744\" src=\"http:\/\/www.rosanerosiamonoi.it\/palermocalcio\/wp-content\/uploads\/2017\/01\/diego-lopez-520x361.jpg\" alt=\"diego-lopez\" width=\"520\" height=\"361\" srcset=\"http:\/\/www.rosanerosiamonoi.it\/palermocalcio\/wp-content\/uploads\/2017\/01\/diego-lopez-520x361.jpg 520w, http:\/\/www.rosanerosiamonoi.it\/palermocalcio\/wp-content\/uploads\/2017\/01\/diego-lopez-300x208.jpg 300w, http:\/\/www.rosanerosiamonoi.it\/palermocalcio\/wp-content\/uploads\/2017\/01\/diego-lopez.jpg 620w\" sizes=\"(max-width: 520px) 100vw, 520px\" \/><\/a><\/p>\n<p style=\"text-align: justify;\">\n<p style=\"text-align: justify;\">Il presidente del <strong>Palermo<\/strong> ha incontrato dapprima quest\u2019oggi a <strong>Vergiate<\/strong>\u00a0sede operativa di Zamparini (in provincia di Varese) Nicola <strong>Salerno<\/strong> e, insieme, poi si sono recati nell&#8217;albergo noto come sede per il calciomercato.<\/p>\n<p style=\"text-align: justify;\"><strong><em>\u201cSar\u00e0 Diego Lopez il nuovo allenatore? Non abbiamo scelto ancora nessuno<\/em> \u2013 <\/strong>anticipa\u00a0Zamparini<strong> -. <em>Lopez\u00a0<\/em>s<em>ta arrivando in Italia, Salerno lo conosce bene ,\u00a0valuteremo e\u00a0 poi decideremo.. ed\u00a0\u00e8 il profilo preferito dal direttore Salerno, io lo devo conoscere un po\u2019, ma il mio direttore ha il 100% della mia fiducia, mi fido di lui<\/em>\u201c<\/strong><\/p>\n<p style=\"text-align: justify;\">\n<p style=\"text-align: justify;\"><a href=\"http:\/\/www.rosanerosiamonoi.it\/palermocalcio\/2014\/04\/25\/iachini-niente-regali-da-nessuno-la-serie-a-ce-la-guadagnamo-da-soli\/zamparini-e-contdown-a-zero-traguardo-raggiunto\/\" rel=\"attachment wp-att-2827\"><img decoding=\"async\" loading=\"lazy\" class=\"aligncenter size-medium wp-image-2827\" src=\"http:\/\/www.rosanerosiamonoi.it\/palermocalcio\/wp-content\/uploads\/2014\/04\/Zamparini-e-contdown-a-zero-traguardo-raggiunto-520x316.jpg\" alt=\"Zamparini e contdown a zero - traguardo raggiunto\" width=\"520\" height=\"316\" srcset=\"http:\/\/www.rosanerosiamonoi.it\/palermocalcio\/wp-content\/uploads\/2014\/04\/Zamparini-e-contdown-a-zero-traguardo-raggiunto-520x316.jpg 520w, http:\/\/www.rosanerosiamonoi.it\/palermocalcio\/wp-content\/uploads\/2014\/04\/Zamparini-e-contdown-a-zero-traguardo-raggiunto.jpg 658w\" sizes=\"(max-width: 520px) 100vw, 520px\" \/><\/a><\/p>\n<p style=\"text-align: justify;\">\n<p style=\"text-align: justify;\"><strong>Zamparini<\/strong>\u00a0va contro le cassandre ed esprime poi la sua fiducia sulla stagione del Palermo, che paga la scelta disastrosa della gestione De Zerbi, un vero tsunami, dando un segnale importante da parte della societ\u00e0 che qualcuno voleva avesse tirato i remi in barca:<strong><em> \u201cSe ritengo che la squadra con i rinforzi si possa salvare? S\u00ec penso che si possa salvare\u201d.<\/em><\/strong><\/p>\n<p style=\"text-align: justify;\">Infine un rimprovero a <strong>Corini<\/strong>, che non sarebbe riuscito a cambiare\u00a0mentalit\u00e0 alla squadra anche se ammette che :<strong><em> \u201cNon \u00e8 facile arrivare in una squadra dopo nove\u00a0sconfitte e cambiare la mentalit\u00e0, per Eugenio era un compito difficile\u00a0e lui non \u00e8 riuscito a cambiare la mentalit\u00e0 della squadra\u201c.<\/em><\/strong><\/p>\n<p style=\"text-align: justify;\">\n<p style=\"text-align: justify;\"><a href=\"http:\/\/www.rosanerosiamonoi.it\/palermocalcio\/2015\/07\/20\/coppa-italia-domani-i-sorteggi\/palermo-sogna-una-notte-di-stelle-curva\/\" rel=\"attachment wp-att-6109\"><img decoding=\"async\" loading=\"lazy\" class=\"aligncenter size-medium wp-image-6109\" src=\"http:\/\/www.rosanerosiamonoi.it\/palermocalcio\/wp-content\/uploads\/2015\/07\/palermo-sogna-una-notte-di-stelle-curva-520x254.jpg\" alt=\"palermo sogna una notte di stelle curva\" width=\"520\" height=\"254\" srcset=\"http:\/\/www.rosanerosiamonoi.it\/palermocalcio\/wp-content\/uploads\/2015\/07\/palermo-sogna-una-notte-di-stelle-curva-520x254.jpg 520w, http:\/\/www.rosanerosiamonoi.it\/palermocalcio\/wp-content\/uploads\/2015\/07\/palermo-sogna-una-notte-di-stelle-curva-300x146.jpg 300w, http:\/\/www.rosanerosiamonoi.it\/palermocalcio\/wp-content\/uploads\/2015\/07\/palermo-sogna-una-notte-di-stelle-curva.jpg 615w\" sizes=\"(max-width: 520px) 100vw, 520px\" \/><\/a><\/p>\n<p style=\"text-align: justify;\">\n<p style=\"text-align: justify;\">Al suo arrivo Lopez incontrer\u00e0 Zamparini e Salerno e se tutto andr\u00e0 bene l&#8217;ex allenatore di Cagliari e Bologna sar\u00e0 il nuovo allenatore del Palermo. Per lui\u00a0\u00a0un contratto che lo legher\u00e0 alla societ\u00e0 di via del Fante fino al mese di giugno del 2017, mese di chiusura del campionato di serie A , con l&#8217;opzione di rinnovo \u00a0nel caso di raggiungimento\u00a0della salvezza.<\/p>\n<p style=\"text-align: justify;\"><strong>Voci di corridoio dicono che Zamparini<\/strong> vorrebbe che ad affiancare Lopez ci fosse sempre lo\u00a0staff di <strong>Davide<\/strong> <strong>Ballardini<\/strong>, che \u00e8 attualmente \u00a0sotto contratto con il Palermo, con scadenza fissata al termine della stagione in corso. Quindi\u00a0il secondo di <strong>Lopez<\/strong> dovrebbe essere ancora\u00a0<strong>Carlo<\/strong> <strong>Regno<\/strong>, fidato vice del tecnico romagnolo che Zamparini , come avrebbe voluto, non \u00e8 riuscito a convincere a ritornare alla guida della squadra rosanero.<\/p>\n<p style=\"text-align: justify;\">Con<strong> Regno<\/strong>\u00a0rimarrebbe il\u00a0preparatore atletico <strong>Andrea Rinaldi<\/strong> ed il collaboratore tattico <strong>Stefano<\/strong> <strong>Melandri<\/strong>\u00a0praticamente lo staff\u00a0che insieme a <strong>Ballardini<\/strong>\u00a0riusc\u00ec a conquistare la\u00a0salvezza al termine della scorsa stagione.<\/p>\n<p style=\"text-align: justify;\">\n<p style=\"text-align: justify;\"><a href=\"http:\/\/www.rosanerosiamonoi.it\/palermocalcio\/2017\/01\/24\/zamparini-con-i-rinforzi-ci-salviamo-lopez\/zamparini-marotta-palermo-juve_-2014-2015-538x358\/\" rel=\"attachment wp-att-7761\"><img decoding=\"async\" loading=\"lazy\" class=\"aligncenter size-medium wp-image-7761\" src=\"http:\/\/www.rosanerosiamonoi.it\/palermocalcio\/wp-content\/uploads\/2017\/01\/zamparini.marotta.palermo.juve_.2014.2015.538x358-520x346.jpg\" alt=\"zamparini-marotta-palermo-juve_-2014-2015-538x358\" width=\"520\" height=\"346\" srcset=\"http:\/\/www.rosanerosiamonoi.it\/palermocalcio\/wp-content\/uploads\/2017\/01\/zamparini.marotta.palermo.juve_.2014.2015.538x358-520x346.jpg 520w, http:\/\/www.rosanerosiamonoi.it\/palermocalcio\/wp-content\/uploads\/2017\/01\/zamparini.marotta.palermo.juve_.2014.2015.538x358-150x100.jpg 150w, http:\/\/www.rosanerosiamonoi.it\/palermocalcio\/wp-content\/uploads\/2017\/01\/zamparini.marotta.palermo.juve_.2014.2015.538x358-200x133.jpg 200w, http:\/\/www.rosanerosiamonoi.it\/palermocalcio\/wp-content\/uploads\/2017\/01\/zamparini.marotta.palermo.juve_.2014.2015.538x358-250x166.jpg 250w, http:\/\/www.rosanerosiamonoi.it\/palermocalcio\/wp-content\/uploads\/2017\/01\/zamparini.marotta.palermo.juve_.2014.2015.538x358-300x200.jpg 300w, http:\/\/www.rosanerosiamonoi.it\/palermocalcio\/wp-content\/uploads\/2017\/01\/zamparini.marotta.palermo.juve_.2014.2015.538x358.jpg 538w\" sizes=\"(max-width: 520px) 100vw, 520px\" \/><\/a><\/p>\n<p style=\"text-align: justify;\">\n<p style=\"text-align: justify;\">Da registrare anche\u00a0l&#8217;incontro\u00a0nella sede di Milano della <strong>Lega Calcio<\/strong>\u00a0con l\u2019amministratore delegato della <strong>Juventus<\/strong>, <strong>Beppe<\/strong> <strong>Marotta<\/strong>. Tema centrale dell\u2019incontro, il saldo restante di 6 milioni, a fronte degli 8 previsti di cui due gi\u00e0 pagati al Palermo, relativo ai bonus concordati\u00a0tra i due club alla stipula del contratto di cessione dell\u2019attaccante argentino rosanero <strong>Paulo<\/strong> <strong>Dybala<\/strong> alla Juventus.<\/p>\n<p style=\"text-align: justify;\">E non \u00e8 improbabile che si sia anche parlato magari del prestito di qualche importante giocatore in prima squadra della squadra bianconera che per ora non trova spazio e finisce in panchina od in tribuna.<\/p>\n<p style=\"text-align: justify;\">\n<p style=\"text-align: justify;\"><img decoding=\"async\" loading=\"lazy\" class=\"aligncenter size-full wp-image-6720\" src=\"http:\/\/www.rosanerosiamonoi.it\/palermocalcio\/wp-content\/uploads\/2015\/08\/palermo-primo-corriere-dello-sport.jpg\" alt=\"palermo primo corriere dello sport\" width=\"480\" height=\"345\" srcset=\"http:\/\/www.rosanerosiamonoi.it\/palermocalcio\/wp-content\/uploads\/2015\/08\/palermo-primo-corriere-dello-sport.jpg 480w, http:\/\/www.rosanerosiamonoi.it\/palermocalcio\/wp-content\/uploads\/2015\/08\/palermo-primo-corriere-dello-sport-300x216.jpg 300w\" sizes=\"(max-width: 480px) 100vw, 480px\" \/><\/p>\n<p style=\"text-align: justify;\">\n<p style=\"text-align: justify;\">Mi piace chiudere pensando che nella vita dopo anche la peggiore burrasca alla fine arriva e ritorna sempre il sereno &#8230;. e dal momento che rimarr\u00f2 sempre un vero tifoso del Palermo in tutti questi \u00a0anni come ho fatto sono vicino al Palermo pi\u00f9 adesso che ha bisogno di quando tutto andava bene &#8230; e navigavamo nei primi posti della classifica &#8230; i veri tifosi si riconoscono nei momenti bui &#8230; gli altri sono solo occasionali &#8230;.<\/p>\n<p style=\"text-align: justify;\"><strong><em>E\u00a0siccome nel cuore sono rosanero &#8230;\u00a0FORZA PALERMO !!!!!<\/em><\/strong><\/p>\n","protected":false},"excerpt":{"rendered":"<p>ZAMPARINI :&#8221;CON I RINFORZI CI SALVIAMO !!!&#8221; Diego Lopez sar\u00e0 il nuovo allenatore del\u00a0Palermo? Non \u00e8 ancora il momento per la decisione finale. Non almeno questa sera per Maurizio\u00a0Zamparini, che ai microfoni di Sky Sport glissa riguardo alla scelta del sostituto di Eugenio\u00a0Corini. Il presidente del Palermo ha incontrato dapprima quest\u2019oggi a Vergiate\u00a0sede operativa di [&hellip;]<\/p>\n","protected":false},"author":2,"featured_media":295,"comment_status":"closed","ping_status":"open","sticky":false,"template":"","format":"standard","meta":[],"categories":[1,5],"tags":[1046,1045,1029,66,1038,41],"_links":{"self":[{"href":"http:\/\/www.rosanerosiamonoi.it\/palermocalcio\/wp-json\/wp\/v2\/posts\/7760"}],"collection":[{"href":"http:\/\/www.rosanerosiamonoi.it\/palermocalcio\/wp-json\/wp\/v2\/posts"}],"about":[{"href":"http:\/\/www.rosanerosiamonoi.it\/palermocalcio\/wp-json\/wp\/v2\/types\/post"}],"author":[{"embeddable":true,"href":"http:\/\/www.rosanerosiamonoi.it\/palermocalcio\/wp-json\/wp\/v2\/users\/2"}],"replies":[{"embeddable":true,"href":"http:\/\/www.rosanerosiamonoi.it\/palermocalcio\/wp-json\/wp\/v2\/comments?post=7760"}],"version-history":[{"count":2,"href":"http:\/\/www.rosanerosiamonoi.it\/palermocalcio\/wp-json\/wp\/v2\/posts\/7760\/revisions"}],"predecessor-version":[{"id":7763,"href":"http:\/\/www.rosanerosiamonoi.it\/palermocalcio\/wp-json\/wp\/v2\/posts\/7760\/revisions\/7763"}],"wp:featuredmedia":[{"embeddable":true,"href":"http:\/\/www.rosanerosiamonoi.it\/palermocalcio\/wp-json\/wp\/v2\/media\/295"}],"wp:attachment":[{"href":"http:\/\/www.rosanerosiamonoi.it\/palermocalcio\/wp-json\/wp\/v2\/media?parent=7760"}],"wp:term":[{"taxonomy":"category","embeddable":true,"href":"http:\/\/www.rosanerosiamonoi.it\/palermocalcio\/wp-json\/wp\/v2\/categories?post=7760"},{"taxonomy":"post_tag","embeddable":true,"href":"http:\/\/www.rosanerosiamonoi.it\/palermocalcio\/wp-json\/wp\/v2\/tags?post=7760"}],"curies":[{"name":"wp","href":"https:\/\/api.w.org\/{rel}","templated":true}]}}