{"id":7860,"date":"2017-02-27T18:46:25","date_gmt":"2017-02-27T17:46:25","guid":{"rendered":"http:\/\/www.rosanerosiamonoi.it\/palermocalcio\/?p=7860"},"modified":"2017-02-27T18:46:29","modified_gmt":"2017-02-27T17:46:29","slug":"zamparini-si-e-dimesso-comunicato-ufficiale","status":"publish","type":"post","link":"http:\/\/www.rosanerosiamonoi.it\/palermocalcio\/2017\/02\/27\/zamparini-si-e-dimesso-comunicato-ufficiale\/","title":{"rendered":"ZAMPARINI si \u00e8 dimesso . Comunicato Ufficiale"},"content":{"rendered":"<p style=\"text-align: justify;\">\n<p style=\"text-align: justify;\"><a href=\"http:\/\/www.rosanerosiamonoi.it\/palermocalcio\/2017\/02\/27\/zamparini-si-e-dimesso-comunicato-ufficiale\/palermo-logo-3\/\" rel=\"attachment wp-att-7861\"><img decoding=\"async\" loading=\"lazy\" class=\"aligncenter size-medium wp-image-7861\" src=\"http:\/\/www.rosanerosiamonoi.it\/palermocalcio\/wp-content\/uploads\/2017\/02\/palermo-logo-520x316.jpg\" alt=\"palermo-logo\" width=\"520\" height=\"316\" srcset=\"http:\/\/www.rosanerosiamonoi.it\/palermocalcio\/wp-content\/uploads\/2017\/02\/palermo-logo-520x316.jpg 520w, http:\/\/www.rosanerosiamonoi.it\/palermocalcio\/wp-content\/uploads\/2017\/02\/palermo-logo-300x182.jpg 300w, http:\/\/www.rosanerosiamonoi.it\/palermocalcio\/wp-content\/uploads\/2017\/02\/palermo-logo.jpg 658w\" sizes=\"(max-width: 520px) 100vw, 520px\" \/><\/a><\/p>\n<p style=\"text-align: justify;\">\n<p style=\"text-align: justify;\">\n<p style=\"text-align: justify;\">Il Presidente <strong>Maurizio Zamparini<\/strong> comunica di aver rassegnato le dimissioni dalla carica di <strong>Presidente del Palermo Calcio<\/strong>.<\/p>\n<p style=\"text-align: justify;\">Entro quindici giorni verr\u00e0 nominato il nuovo Presidente, che verr\u00e0 presentato a Palermo in conferenza stampa.<\/p>\n<p style=\"text-align: justify;\">Il nuovo Presidente \u00e8 membro e rappresentante di un fondo anglo-americano, che si \u00e8 contrattualmente impegnato ad investire nei progetti del Gruppo Zamparini con priorit\u00e0 iniziale negli i<strong>nvestimenti del Palermo Calcio<\/strong> e negli impianti sportivi da realizzare a Palermo, ovvero lo stadio ed il centro sportivo.<\/p>\n<p style=\"text-align: justify;\">Obiettivo degli investitori sar\u00e0 riportare il club nella posizione che la citt\u00e0 merita, quella <strong>EUROPEA<\/strong>, con un programma di 3-5 anni.<\/p>\n<p style=\"text-align: justify;\">\n<p style=\"text-align: justify;\"><strong><em>Maurizio Zamparini<\/em><\/strong><\/p>\n","protected":false},"excerpt":{"rendered":"<p>Il Presidente Maurizio Zamparini comunica di aver rassegnato le dimissioni dalla carica di Presidente del Palermo Calcio. Entro quindici giorni verr\u00e0 nominato il nuovo Presidente, che verr\u00e0 presentato a Palermo in conferenza stampa. Il nuovo Presidente \u00e8 membro e rappresentante di un fondo anglo-americano, che si \u00e8 contrattualmente impegnato ad investire nei progetti del Gruppo [&hellip;]<\/p>\n","protected":false},"author":2,"featured_media":7861,"comment_status":"closed","ping_status":"open","sticky":false,"template":"","format":"standard","meta":[],"categories":[1,5],"tags":[1065,335,41],"_links":{"self":[{"href":"http:\/\/www.rosanerosiamonoi.it\/palermocalcio\/wp-json\/wp\/v2\/posts\/7860"}],"collection":[{"href":"http:\/\/www.rosanerosiamonoi.it\/palermocalcio\/wp-json\/wp\/v2\/posts"}],"about":[{"href":"http:\/\/www.rosanerosiamonoi.it\/palermocalcio\/wp-json\/wp\/v2\/types\/post"}],"author":[{"embeddable":true,"href":"http:\/\/www.rosanerosiamonoi.it\/palermocalcio\/wp-json\/wp\/v2\/users\/2"}],"replies":[{"embeddable":true,"href":"http:\/\/www.rosanerosiamonoi.it\/palermocalcio\/wp-json\/wp\/v2\/comments?post=7860"}],"version-history":[{"count":2,"href":"http:\/\/www.rosanerosiamonoi.it\/palermocalcio\/wp-json\/wp\/v2\/posts\/7860\/revisions"}],"predecessor-version":[{"id":7863,"href":"http:\/\/www.rosanerosiamonoi.it\/palermocalcio\/wp-json\/wp\/v2\/posts\/7860\/revisions\/7863"}],"wp:featuredmedia":[{"embeddable":true,"href":"http:\/\/www.rosanerosiamonoi.it\/palermocalcio\/wp-json\/wp\/v2\/media\/7861"}],"wp:attachment":[{"href":"http:\/\/www.rosanerosiamonoi.it\/palermocalcio\/wp-json\/wp\/v2\/media?parent=7860"}],"wp:term":[{"taxonomy":"category","embeddable":true,"href":"http:\/\/www.rosanerosiamonoi.it\/palermocalcio\/wp-json\/wp\/v2\/categories?post=7860"},{"taxonomy":"post_tag","embeddable":true,"href":"http:\/\/www.rosanerosiamonoi.it\/palermocalcio\/wp-json\/wp\/v2\/tags?post=7860"}],"curies":[{"name":"wp","href":"https:\/\/api.w.org\/{rel}","templated":true}]}}