{"id":7892,"date":"2017-03-04T17:53:11","date_gmt":"2017-03-04T16:53:11","guid":{"rendered":"http:\/\/www.rosanerosiamonoi.it\/palermocalcio\/?p=7892"},"modified":"2017-03-04T18:07:17","modified_gmt":"2017-03-04T17:07:17","slug":"7892","status":"publish","type":"post","link":"http:\/\/www.rosanerosiamonoi.it\/palermocalcio\/2017\/03\/04\/7892\/","title":{"rendered":"Zamparini: &#8220;A Torino nuovo Presidente.&#8221; &#8211; Le formazioni"},"content":{"rendered":"<p style=\"text-align: justify;\">Il <strong>Palermo<\/strong>, \u00a0domani a <strong>Torino<\/strong> , tenta di dare una svolta al suo campionato sotto gli occhi attenti del <strong>nuovo Presidente del Palermo<\/strong> come ha\u00a0\u00a0rivelato <strong>Maurizio Zamparini<\/strong> che non svela, ma perch\u00e9 poi mai adesso dovrebbe, nulla\u00a0sulla trattativa e sulla nuova propriet\u00e0 , il fondo anglo-americano.<\/p>\n<p style=\"text-align: justify;\"><a href=\"http:\/\/www.rosanerosiamonoi.it\/palermocalcio\/2014\/04\/25\/iachini-niente-regali-da-nessuno-la-serie-a-ce-la-guadagnamo-da-soli\/zamparini-e-contdown-a-zero-traguardo-raggiunto\/\" rel=\"attachment wp-att-2827\"><img decoding=\"async\" loading=\"lazy\" class=\"aligncenter size-medium wp-image-2827\" src=\"http:\/\/www.rosanerosiamonoi.it\/palermocalcio\/wp-content\/uploads\/2014\/04\/Zamparini-e-contdown-a-zero-traguardo-raggiunto-520x316.jpg\" alt=\"Zamparini e contdown a zero - traguardo raggiunto\" width=\"520\" height=\"316\" srcset=\"http:\/\/www.rosanerosiamonoi.it\/palermocalcio\/wp-content\/uploads\/2014\/04\/Zamparini-e-contdown-a-zero-traguardo-raggiunto-520x316.jpg 520w, http:\/\/www.rosanerosiamonoi.it\/palermocalcio\/wp-content\/uploads\/2014\/04\/Zamparini-e-contdown-a-zero-traguardo-raggiunto.jpg 658w\" sizes=\"(max-width: 520px) 100vw, 520px\" \/><\/a><\/p>\n<p style=\"text-align: justify;\">\u201c<em>A Torino davanti al nuovo presidente<\/em> \u2013 dice al <strong>Corriere dello Sport<\/strong> &#8211; <em>io allo stadio non ci sar\u00f2 di sicuro. Non sono quasi mai andato, perch\u00e9 dovrei farlo ora che \u00e8 finita? Caso mai ci sar\u00e0 il nuovo presidente. Se \u00e8 gi\u00e0 in Italia? Non glielo dico, per\u00f2 da Londra a Torino si arriva in poche ore. <strong>Piuttosto ci vediamo a Palermo la prossima settimana<\/strong><\/em>\u201d.<\/p>\n<div><\/div>\n<p style=\"text-align: justify;\">La settimana prossima dunque conosceremo\u00a0chi sar\u00e0 il successore di Maurizio Zamparini ed i suoi programmi che tutta via gi\u00e0 in linee generali \u00a0si conoscono .<\/p>\n<p style=\"text-align: justify;\">Ancora non ufficializzata la data\u00a0della presentazione con una conferenza che sembra sar\u00e0 trasmessa anche in diretta sulla pagina Facebook del Palermo Calcio.<\/p>\n<p style=\"text-align: justify;\"><a href=\"http:\/\/www.rosanerosiamonoi.it\/palermocalcio\/2017\/03\/04\/7892\/torino-palermo\/\" rel=\"attachment wp-att-7895\"><img decoding=\"async\" loading=\"lazy\" class=\"aligncenter size-medium wp-image-7895\" src=\"http:\/\/www.rosanerosiamonoi.it\/palermocalcio\/wp-content\/uploads\/2017\/03\/Torino-Palermo-520x270.jpg\" alt=\"torino-palermo\" width=\"520\" height=\"270\" srcset=\"http:\/\/www.rosanerosiamonoi.it\/palermocalcio\/wp-content\/uploads\/2017\/03\/Torino-Palermo-520x270.jpg 520w, http:\/\/www.rosanerosiamonoi.it\/palermocalcio\/wp-content\/uploads\/2017\/03\/Torino-Palermo-300x156.jpg 300w, http:\/\/www.rosanerosiamonoi.it\/palermocalcio\/wp-content\/uploads\/2017\/03\/Torino-Palermo.jpg 700w\" sizes=\"(max-width: 520px) 100vw, 520px\" \/><\/a><\/p>\n<p>Probabili formazioni Torino-Palermo.<\/p>\n<p style=\"text-align: justify;\"><strong>TORINO (4-3-3):<\/strong> 21 Hart, 7 Zappacosta, 13 Rossettini, 24 Moretti, 23 Barreca, 6 Acquah, 25 Lukic, 8 Baselli, 14 Iago Falque, 9 Belotti, 10 Ljajic.<\/p>\n<p style=\"text-align: justify;\">(1 Padelli, 90 Cucchietti, 3 Molinaro, 4 Castan, 26 Avelar, 29 De Silvestri, 87 Buongiorno, 93 Ajeti, 16 Gustafson, 18 Valdifiori, 11 Lopez, 19 Iturbe, 31 Boy\u00e8).<\/p>\n<p style=\"text-align: justify;\">All.: Mihajlovic. Diffidati: Castan, Moretti, Rossettini. Squalificati: Benassi. Indisponibili: Carlao, Obi.<\/p>\n<div><\/div>\n<p style=\"text-align: justify;\"><strong>PALERMO (4-2-3-1):<\/strong> 1 Posavec, 3 Rispoli, \u00a04 Andelkovic, 12 Gonzalez, 19 Aleesami, 14 Gazzi, 25 Henrique, 18 Chochev, 20 Sallai, 30 Nestorovski,\u00a022 Balogh.<\/p>\n<p style=\"text-align: justify;\">(68 Fulignati, 55 Marson, 15 Cionek, 89 Morganella, 6 Goldaniga, 2 Vitiello, 28 Jajalo, 98 Lo Faso, 44 Sunjic, 8 Trajkovski, 23 Diamanti).<\/p>\n<p style=\"text-align: justify;\">All. Diego Lopez.<\/p>\n<p style=\"text-align: justify;\">Indisponibili: Rajkovic, Pezzella e Silva. Diffidati: Nestorovski, Rispoli e Aleesami.<\/p>\n<p><strong>ARBITRO:<\/strong> Rizzoli di Bologna.<\/p>\n<p><strong>QUOTE SNAI:<\/strong> 1,47; 4,50; 6,75.<\/p>\n","protected":false},"excerpt":{"rendered":"<p>Il Palermo, \u00a0domani a Torino , tenta di dare una svolta al suo campionato sotto gli occhi attenti del nuovo Presidente del Palermo come ha\u00a0\u00a0rivelato Maurizio Zamparini che non svela, ma perch\u00e9 poi mai adesso dovrebbe, nulla\u00a0sulla trattativa e sulla nuova propriet\u00e0 , il fondo anglo-americano. \u201cA Torino davanti al nuovo presidente \u2013 dice al [&hellip;]<\/p>\n","protected":false},"author":2,"featured_media":295,"comment_status":"closed","ping_status":"open","sticky":false,"template":"","format":"standard","meta":[],"categories":[1,5],"tags":[335],"_links":{"self":[{"href":"http:\/\/www.rosanerosiamonoi.it\/palermocalcio\/wp-json\/wp\/v2\/posts\/7892"}],"collection":[{"href":"http:\/\/www.rosanerosiamonoi.it\/palermocalcio\/wp-json\/wp\/v2\/posts"}],"about":[{"href":"http:\/\/www.rosanerosiamonoi.it\/palermocalcio\/wp-json\/wp\/v2\/types\/post"}],"author":[{"embeddable":true,"href":"http:\/\/www.rosanerosiamonoi.it\/palermocalcio\/wp-json\/wp\/v2\/users\/2"}],"replies":[{"embeddable":true,"href":"http:\/\/www.rosanerosiamonoi.it\/palermocalcio\/wp-json\/wp\/v2\/comments?post=7892"}],"version-history":[{"count":8,"href":"http:\/\/www.rosanerosiamonoi.it\/palermocalcio\/wp-json\/wp\/v2\/posts\/7892\/revisions"}],"predecessor-version":[{"id":7901,"href":"http:\/\/www.rosanerosiamonoi.it\/palermocalcio\/wp-json\/wp\/v2\/posts\/7892\/revisions\/7901"}],"wp:featuredmedia":[{"embeddable":true,"href":"http:\/\/www.rosanerosiamonoi.it\/palermocalcio\/wp-json\/wp\/v2\/media\/295"}],"wp:attachment":[{"href":"http:\/\/www.rosanerosiamonoi.it\/palermocalcio\/wp-json\/wp\/v2\/media?parent=7892"}],"wp:term":[{"taxonomy":"category","embeddable":true,"href":"http:\/\/www.rosanerosiamonoi.it\/palermocalcio\/wp-json\/wp\/v2\/categories?post=7892"},{"taxonomy":"post_tag","embeddable":true,"href":"http:\/\/www.rosanerosiamonoi.it\/palermocalcio\/wp-json\/wp\/v2\/tags?post=7892"}],"curies":[{"name":"wp","href":"https:\/\/api.w.org\/{rel}","templated":true}]}}