{"id":7903,"date":"2017-03-06T12:20:21","date_gmt":"2017-03-06T11:20:21","guid":{"rendered":"http:\/\/www.rosanerosiamonoi.it\/palermocalcio\/?p=7903"},"modified":"2017-03-06T12:21:52","modified_gmt":"2017-03-06T11:21:52","slug":"zamparini-oggi-a-palermo-in-arrivo-cambio-di-guardia","status":"publish","type":"post","link":"http:\/\/www.rosanerosiamonoi.it\/palermocalcio\/2017\/03\/06\/zamparini-oggi-a-palermo-in-arrivo-cambio-di-guardia\/","title":{"rendered":"Zamparini oggi a Palermo.In arrivo cambio di guardia"},"content":{"rendered":"<p style=\"text-align: justify;\">Nel pomeriggio, il <strong>Presidente del Palermo<\/strong> che in questo momento si trova all&#8217;<strong>Hotel Hilton Fiumicino a Roma<\/strong> per l&#8217;<strong>elezione del nuovo Presidente Nazionale della Figc<\/strong>, arriver\u00e0 a Punta Raisi.<\/p>\n<p style=\"text-align: justify;\"><a href=\"http:\/\/www.rosanerosiamonoi.it\/palermocalcio\/2014\/04\/25\/iachini-niente-regali-da-nessuno-la-serie-a-ce-la-guadagnamo-da-soli\/zamparini-e-contdown-a-zero-traguardo-raggiunto\/\" rel=\"attachment wp-att-2827\"><img decoding=\"async\" loading=\"lazy\" class=\"aligncenter size-medium wp-image-2827\" src=\"http:\/\/www.rosanerosiamonoi.it\/palermocalcio\/wp-content\/uploads\/2014\/04\/Zamparini-e-contdown-a-zero-traguardo-raggiunto-520x316.jpg\" alt=\"Zamparini e contdown a zero - traguardo raggiunto\" width=\"520\" height=\"316\" srcset=\"http:\/\/www.rosanerosiamonoi.it\/palermocalcio\/wp-content\/uploads\/2014\/04\/Zamparini-e-contdown-a-zero-traguardo-raggiunto-520x316.jpg 520w, http:\/\/www.rosanerosiamonoi.it\/palermocalcio\/wp-content\/uploads\/2014\/04\/Zamparini-e-contdown-a-zero-traguardo-raggiunto.jpg 658w\" sizes=\"(max-width: 520px) 100vw, 520px\" \/><\/a><\/p>\n<p style=\"text-align: justify;\">I candidati sono l&#8217;uscente <strong>Tavecchio<\/strong> per il quale voter\u00e0 Zamparini come lui stesso ha dichiarato all&#8217;arrivo anche se spera che alla fine possa esserci un cambiamento ed un rinnovamento con il successo dell&#8217;altro candidato <strong>Andrea Abodi<\/strong> attuale Presidente della serie B.<\/p>\n<p style=\"text-align: justify;\"><a href=\"http:\/\/www.rosanerosiamonoi.it\/palermocalcio\/2017\/03\/06\/zamparini-oggi-a-palermo-in-arrivo-cambio-di-guardia\/malago-elezioni-figc-2017-750x450\/\" rel=\"attachment wp-att-7904\"><img decoding=\"async\" loading=\"lazy\" class=\"aligncenter size-medium wp-image-7904\" src=\"http:\/\/www.rosanerosiamonoi.it\/palermocalcio\/wp-content\/uploads\/2017\/03\/malago.elezioni.figc_.2017.750x450-520x312.jpg\" alt=\"malago-elezioni-figc-2017-750x450\" width=\"520\" height=\"312\" srcset=\"http:\/\/www.rosanerosiamonoi.it\/palermocalcio\/wp-content\/uploads\/2017\/03\/malago.elezioni.figc_.2017.750x450-520x312.jpg 520w, http:\/\/www.rosanerosiamonoi.it\/palermocalcio\/wp-content\/uploads\/2017\/03\/malago.elezioni.figc_.2017.750x450-300x180.jpg 300w, http:\/\/www.rosanerosiamonoi.it\/palermocalcio\/wp-content\/uploads\/2017\/03\/malago.elezioni.figc_.2017.750x450.jpg 750w\" sizes=\"(max-width: 520px) 100vw, 520px\" \/><\/a><\/p>\n<p style=\"text-align: justify;\">Non c&#8217;\u00e8 conferma ma con l&#8217;aereo che lo porter\u00e0 a Palermo potrebbe esserci anche il nuovo presidente della societ\u00e0 rosanero.<\/p>\n<p style=\"text-align: justify;\">Sembra comunque certo che <strong>Maurizio Zamparini<\/strong> e il <strong>rappresentante del fondo angloamericano<\/strong> designato dal fondo a ricoprire la carica di Presidente del Palermo <strong>terranno domani una conferenza stampa<\/strong> , probabilmente in tarda mattinata o nelle prime ore del pomeriggio nel corso della quale verr\u00e0 ufficializzato il passaggio delle consegne e verranno resi noti i nomi dei componenti del fondo che rilever\u00e0 anche il Palermo che fa parte del gruppo Zamparini.<\/p>\n<p style=\"text-align: justify;\"><a href=\"http:\/\/www.rosanerosiamonoi.it\/palermocalcio\/2017\/03\/06\/zamparini-oggi-a-palermo-in-arrivo-cambio-di-guardia\/zamparini-aula-magna\/\" rel=\"attachment wp-att-7905\"><img decoding=\"async\" loading=\"lazy\" class=\"aligncenter size-medium wp-image-7905\" src=\"http:\/\/www.rosanerosiamonoi.it\/palermocalcio\/wp-content\/uploads\/2017\/03\/Zamparini-aula-magna-520x316.jpg\" alt=\"zamparini-aula-magna\" width=\"520\" height=\"316\" srcset=\"http:\/\/www.rosanerosiamonoi.it\/palermocalcio\/wp-content\/uploads\/2017\/03\/Zamparini-aula-magna-520x316.jpg 520w, http:\/\/www.rosanerosiamonoi.it\/palermocalcio\/wp-content\/uploads\/2017\/03\/Zamparini-aula-magna-300x182.jpg 300w, http:\/\/www.rosanerosiamonoi.it\/palermocalcio\/wp-content\/uploads\/2017\/03\/Zamparini-aula-magna.jpg 658w\" sizes=\"(max-width: 520px) 100vw, 520px\" \/><\/a><\/p>\n<p style=\"text-align: justify;\">Ultime ore della gestione Zamparini che gli ultimi rumors lo vorrebbero non pi\u00f9 consulente come da lui annunciato ma bens\u00ec come Presidente Onorario mentre sembra questa volta molto probabile se non certo che la nuova dirigenza domenica sera sar\u00e0 presente in tribuna allo stadio Barbera per assistere al posticipo tra il Palermo e la Roma quasi a chiudere simbolicamente una cerchio che da <strong>Sensi e la Roma<\/strong> , si pass\u00f2 alla gestione per tanti anni felici a <strong>Maurizio Zamparini<\/strong> con <strong>il ritorno in pianta stabile in Serie A e nelle coppe europee ed una finale di coppa Italia<\/strong> , dopo innumerevoli anni nel dimenticatoio del calcio, e proprio con la Roma , guarda caso, si richiude questo cerchio per un passaggio ad una nuova dirigenza che arriva con progetti ambiziosi le cui disponibilit\u00e0 finanziarie superiori a quello dell&#8217;uscente Presidente fanno sperare in un futuro ancora migliore nell&#8217;arco di due anni &#8230;. con un Palermo rilanciato nelle posizioni di alta classifica , uno stadio nuovo ed un centro sportivo<strong> per costruire il nuovo Palermo del futuro insieme alle grandi in serie A &#8230; e proiettato anche in\u00a0Europa &#8230;<\/strong><\/p>\n<p style=\"text-align: justify;\"><a href=\"http:\/\/www.rosanerosiamonoi.it\/palermocalcio\/2014\/07\/22\/sorteggio-tim-cup-coppa-italia-2014-2015\/tifosi-rosanero-a-roma-coppa-italia\/\" rel=\"attachment wp-att-3472\"><img decoding=\"async\" loading=\"lazy\" class=\"aligncenter size-medium wp-image-3472\" src=\"http:\/\/www.rosanerosiamonoi.it\/palermocalcio\/wp-content\/uploads\/2014\/07\/tifosi-rosanero-a-Roma-coppa-italia-520x346.jpg\" alt=\"tifosi rosanero a Roma coppa italia\" width=\"520\" height=\"346\" srcset=\"http:\/\/www.rosanerosiamonoi.it\/palermocalcio\/wp-content\/uploads\/2014\/07\/tifosi-rosanero-a-Roma-coppa-italia-520x346.jpg 520w, http:\/\/www.rosanerosiamonoi.it\/palermocalcio\/wp-content\/uploads\/2014\/07\/tifosi-rosanero-a-Roma-coppa-italia.jpg 620w\" sizes=\"(max-width: 520px) 100vw, 520px\" \/><\/a><\/p>\n<p style=\"text-align: justify;\"><strong><em>Officina mediatica<\/em><\/strong><\/p>\n","protected":false},"excerpt":{"rendered":"<p>Nel pomeriggio, il Presidente del Palermo che in questo momento si trova all&#8217;Hotel Hilton Fiumicino a Roma per l&#8217;elezione del nuovo Presidente Nazionale della Figc, arriver\u00e0 a Punta Raisi. I candidati sono l&#8217;uscente Tavecchio per il quale voter\u00e0 Zamparini come lui stesso ha dichiarato all&#8217;arrivo anche se spera che alla fine possa esserci un cambiamento [&hellip;]<\/p>\n","protected":false},"author":2,"featured_media":7904,"comment_status":"closed","ping_status":"open","sticky":false,"template":"","format":"standard","meta":[],"categories":[1],"tags":[1068,1064,786,41],"_links":{"self":[{"href":"http:\/\/www.rosanerosiamonoi.it\/palermocalcio\/wp-json\/wp\/v2\/posts\/7903"}],"collection":[{"href":"http:\/\/www.rosanerosiamonoi.it\/palermocalcio\/wp-json\/wp\/v2\/posts"}],"about":[{"href":"http:\/\/www.rosanerosiamonoi.it\/palermocalcio\/wp-json\/wp\/v2\/types\/post"}],"author":[{"embeddable":true,"href":"http:\/\/www.rosanerosiamonoi.it\/palermocalcio\/wp-json\/wp\/v2\/users\/2"}],"replies":[{"embeddable":true,"href":"http:\/\/www.rosanerosiamonoi.it\/palermocalcio\/wp-json\/wp\/v2\/comments?post=7903"}],"version-history":[{"count":3,"href":"http:\/\/www.rosanerosiamonoi.it\/palermocalcio\/wp-json\/wp\/v2\/posts\/7903\/revisions"}],"predecessor-version":[{"id":7908,"href":"http:\/\/www.rosanerosiamonoi.it\/palermocalcio\/wp-json\/wp\/v2\/posts\/7903\/revisions\/7908"}],"wp:featuredmedia":[{"embeddable":true,"href":"http:\/\/www.rosanerosiamonoi.it\/palermocalcio\/wp-json\/wp\/v2\/media\/7904"}],"wp:attachment":[{"href":"http:\/\/www.rosanerosiamonoi.it\/palermocalcio\/wp-json\/wp\/v2\/media?parent=7903"}],"wp:term":[{"taxonomy":"category","embeddable":true,"href":"http:\/\/www.rosanerosiamonoi.it\/palermocalcio\/wp-json\/wp\/v2\/categories?post=7903"},{"taxonomy":"post_tag","embeddable":true,"href":"http:\/\/www.rosanerosiamonoi.it\/palermocalcio\/wp-json\/wp\/v2\/tags?post=7903"}],"curies":[{"name":"wp","href":"https:\/\/api.w.org\/{rel}","templated":true}]}}